{"id":101149,"date":"2017-03-03T20:19:19","date_gmt":"2017-03-03T23:19:19","guid":{"rendered":"http:\/\/senoticias.com.br\/se\/?p=101149"},"modified":"2017-03-04T10:51:39","modified_gmt":"2017-03-04T13:51:39","slug":"aulas-da-rede-municipal-de-aracaju-iniciam-na-proxima-segunda","status":"publish","type":"post","link":"https:\/\/senoticias.com.br\/se\/aulas-da-rede-municipal-de-aracaju-iniciam-na-proxima-segunda\/","title":{"rendered":"Aulas da rede municipal de Aracaju iniciam na pr\u00f3xima segunda-feira, 6"},"content":{"rendered":"<p style=\"text-align: justify;\">Com cerca de 30 mil estudantes matriculados nas 74 unidades de ensino, a rede municipal da Educa\u00e7\u00e3o de Aracaju est\u00e1 em contagem regressiva para o in\u00edcio do ano letivo 2017, que come\u00e7a na pr\u00f3xima segunda- feira, 6. A secretaria municipal da Educa\u00e7\u00e3o de Aracaju(Semed) tem realizado reuni\u00f5es com equipes diretivas e professores(as), estabelecendo cotidianamente amplo di\u00e1logo e definindo as diretrizes pedag\u00f3gicas a serem implementadas pela Educa\u00e7\u00e3o.<\/p>\n<div id=\"attachment_101163\" style=\"width: 609px\" class=\"wp-caption aligncenter\"><img loading=\"lazy\" decoding=\"async\" aria-describedby=\"caption-attachment-101163\" class=\"size-full wp-image-101163\" src=\"http:\/\/senoticias.com.br\/se\/wp-content\/uploads\/2017\/03\/Aulas-de-Aracaju-SENOTICIAS-e1488635340685.jpg\" alt=\"Aulas da rede municipal iniciam na pr\u00f3xima segunda-feira. (Foto: Walter Martins)\" width=\"599\" height=\"399\" \/><p id=\"caption-attachment-101163\" class=\"wp-caption-text\">Aulas da rede municipal iniciam na pr\u00f3xima segunda-feira. (Foto: Walter Martins)<\/p><\/div>\n<p style=\"text-align: justify;\">Por terem conclu\u00eddo o ano letivo posteriormente, cinco unidades escolares come\u00e7ar\u00e3o no dia 13 de mar\u00e7o e outras duas no dia 20. Dia 13, come\u00e7am as aulas nas Emef\u00b4s Professora Maria Th\u00e9tis Nunes ,\u00a0 Olga Ben\u00e1rio, Laonte Gama\u00a0 Da Silva, Deputado Jaime Ara\u00fajo e Santa Rita De C\u00e1ssia . No dia 20, inicia o ano letivo nas Eme\u00b4s\u00a0 Professora Let\u00edcia Soares De Santana\u00a0 e Presidente Juscelino Kubitschek.<\/p>\n<p style=\"text-align: justify;\">A secret\u00e1ria da Educa\u00e7\u00e3o de Aracaju, Cec\u00edlia Leite fala sobre o in\u00edcio do ano letivo 2017. \u201d Desejo que tenhamos um excelente ano letivo. Estaremos sempre em di\u00e1logo para que juntos consigamos solucionar as quest\u00f5es que envolvem a rede e otimizar nossa oferta de uma educa\u00e7\u00e3o de qualidade\u201d, contextualiza.<\/p>\n<p style=\"text-align: justify;\"><strong>Servi\u00e7os<\/strong><\/p>\n<p style=\"text-align: justify;\">Suspensos desde 2016 devido ao n\u00e3o pagamento aos fornecedores por parte da \u00faltima gest\u00e3o, a Prefeitura, por meio da Semed, tem trabalhado para restabelecer os servi\u00e7os b\u00e1sicos que garantem o pleno funcionamento da rede. A suspens\u00e3o dos servi\u00e7os acarretou, inclusive, o atraso da conclus\u00e3o do ano letivo 2016.<\/p>\n<p style=\"text-align: justify;\">Desde que assumiu a pasta da Educa\u00e7\u00e3o de Aracaju, a secret\u00e1ria Cec\u00edlia Leite, junto \u00e0 sua equipe diretiva, vem tomando medidas para que o ano letivo inicie dentro do prazo definido e, para isso, tem estabelecido um processo de negocia\u00e7\u00e3o com as empresas prestadoras de servi\u00e7os.<\/p>\n<p style=\"text-align: justify;\">\u201cConseguimos fechar o processo de negocia\u00e7\u00e3o financeira com as tr\u00eas empresas e iniciaremos o ano com os servi\u00e7os viabilizados. Foi um trabalho que exigiu muito esfor\u00e7o, visto que temos que conciliar o valor passivo com a viabiliza\u00e7\u00e3o dos valores referentes ao ano de 2017, em uma realidade or\u00e7ament\u00e1ria menor do que a do ano passado\u201d, conta.<\/p>\n<p style=\"text-align: justify;\"><strong>Or\u00e7amento<\/strong><\/p>\n<p style=\"text-align: justify;\">A secret\u00e1ria explica que houve a redu\u00e7\u00e3o do or\u00e7amento para a Educa\u00e7\u00e3o do Munic\u00edpio em rela\u00e7\u00e3o ao ano de 2016. De acordo com ela, antes, o or\u00e7amento era de R$ 292 milh\u00f5es e esse ano ser\u00e1 de R$ 255 milh\u00f5es.<\/p>\n<p style=\"text-align: justify;\">\u201cApesar do corte de gastos, a orienta\u00e7\u00e3o que estou dando \u00e9 a de que devemos trabalhar com qualidade para que essa redu\u00e7\u00e3o no or\u00e7amento n\u00e3o interfira na excel\u00eancia dos servi\u00e7os educacionais prestados \u00e0 popula\u00e7\u00e3o. Tivemos uma redu\u00e7\u00e3o de aproximadamente R$ 30 milh\u00f5es, mas vamos nos empenhar e agir com coes\u00e3o para que 2017 seja um ano de grandes avan\u00e7os\u201d, defende Cec\u00edlia Leite.<\/p>\n<p style=\"line-height: 14.25pt; text-align: justify;\"><strong><span style=\"font-size: 10.0pt; font-family: 'Georgia','serif'; color: #333333;\">Acompanhe tamb\u00e9m o SE Not\u00edcias no<\/span><\/strong><span class=\"apple-converted-space\"><b><span style=\"font-size: 10.0pt; font-family: 'Georgia','serif'; color: #333333;\">\u00a0<\/span><\/b><\/span><a href=\"https:\/\/twitter.com\/Senoticias\" target=\"_blank\"><b><span style=\"font-size: 10.0pt; font-family: 'Georgia','serif';\">Twitter<\/span><\/b><\/a><strong><span style=\"font-size: 10.0pt; font-family: 'Georgia','serif'; color: #333333;\">,<\/span><\/strong><span class=\"apple-converted-space\"><b><span style=\"font-size: 10.0pt; font-family: 'Georgia','serif'; color: #333333;\">\u00a0<\/span><\/b><\/span><a href=\"https:\/\/www.facebook.com\/senoticias1\" target=\"_blank\"><b><span style=\"font-size: 10.0pt; font-family: 'Georgia','serif';\">Facebook<\/span><\/b><span class=\"apple-converted-space\"><b><span style=\"font-size: 10.0pt; font-family: 'Georgia','serif'; color: windowtext; text-decoration: none;\">\u00a0<\/span><\/b><\/span><\/a><strong><span style=\"font-size: 10.0pt; font-family: 'Georgia','serif'; color: #333333;\">e no<\/span><\/strong><span class=\"apple-converted-space\"><b><span style=\"font-size: 10.0pt; font-family: 'Georgia','serif'; color: #333333;\">\u00a0<\/span><\/b><\/span><a href=\"https:\/\/www.instagram.com\/senoticias\/\" target=\"_blank\"><b><span style=\"font-size: 10.0pt; font-family: 'Georgia','serif';\">Instagram<\/span><\/b><\/a><strong><span style=\"font-size: 10.0pt; font-family: 'Georgia','serif'; color: #333333;\">.<\/span><\/strong><\/p>\n<p style=\"text-align: justify;\"><a href=\"http:\/\/senoticias.com.br\/se\/wp-content\/uploads\/2017\/03\/Logo-fone-1-2-1-2-4.jpg\"><img loading=\"lazy\" decoding=\"async\" class=\"aligncenter size-full wp-image-101146\" src=\"http:\/\/senoticias.com.br\/se\/wp-content\/uploads\/2017\/03\/Logo-fone-1-2-1-2-4.jpg\" alt=\"Logo-fone-1-2-1-2-4\" width=\"599\" height=\"78\" srcset=\"https:\/\/senoticias.com.br\/se\/wp-content\/uploads\/2017\/03\/Logo-fone-1-2-1-2-4.jpg 599w, https:\/\/senoticias.com.br\/se\/wp-content\/uploads\/2017\/03\/Logo-fone-1-2-1-2-4-300x39.jpg 300w\" sizes=\"(max-width: 599px) 100vw, 599px\" \/><\/a><\/p>\n<p style=\"text-align: justify;\"><em>Mat\u00e9ria extra\u00edda do portal AAN<\/em><\/p>\n<p style=\"text-align: justify;\">\n","protected":false},"excerpt":{"rendered":"<p>Com cerca de 30 mil estudantes matriculados nas 74 unidades de ensino, a rede municipal da Educa\u00e7\u00e3o de Aracaju est\u00e1 em contagem regressiva para o in\u00edcio do ano letivo 2017, que come\u00e7a na pr\u00f3xima segunda- feira, 6. A secretaria municipal da Educa\u00e7\u00e3o de Aracaju(Semed) tem realizado reuni\u00f5es com equipes diretivas e professores(as), estabelecendo cotidianamente amplo [&hellip;]<\/p>\n","protected":false},"author":5618,"featured_media":101163,"comment_status":"closed","ping_status":"closed","sticky":false,"template":"","format":"standard","meta":{"footnotes":""},"categories":[15],"tags":[2423,2421,2412,2424,2422,2425],"class_list":{"0":"post-101149","1":"post","2":"type-post","3":"status-publish","4":"format-standard","5":"has-post-thumbnail","7":"category-destaques","8":"tag-30-mil-estudantes-matriculados-nas-74-unidades-de-ensino","9":"tag-aulas-da-rede-municipal-de-aracaju","10":"tag-aulas-da-rede-municipal-de-aracaju-iniciam-na-proxima-segunda","11":"tag-cecilia-leite","12":"tag-iniciam-na-proxima-segunda-feira","13":"tag-secretaria-da-educacao-de-aracaju"},"_links":{"self":[{"href":"https:\/\/senoticias.com.br\/se\/wp-json\/wp\/v2\/posts\/101149"}],"collection":[{"href":"https:\/\/senoticias.com.br\/se\/wp-json\/wp\/v2\/posts"}],"about":[{"href":"https:\/\/senoticias.com.br\/se\/wp-json\/wp\/v2\/types\/post"}],"author":[{"embeddable":true,"href":"https:\/\/senoticias.com.br\/se\/wp-json\/wp\/v2\/users\/5618"}],"replies":[{"embeddable":true,"href":"https:\/\/senoticias.com.br\/se\/wp-json\/wp\/v2\/comments?post=101149"}],"version-history":[{"count":0,"href":"https:\/\/senoticias.com.br\/se\/wp-json\/wp\/v2\/posts\/101149\/revisions"}],"wp:featuredmedia":[{"embeddable":true,"href":"https:\/\/senoticias.com.br\/se\/wp-json\/wp\/v2\/media\/101163"}],"wp:attachment":[{"href":"https:\/\/senoticias.com.br\/se\/wp-json\/wp\/v2\/media?parent=101149"}],"wp:term":[{"taxonomy":"category","embeddable":true,"href":"https:\/\/senoticias.com.br\/se\/wp-json\/wp\/v2\/categories?post=101149"},{"taxonomy":"post_tag","embeddable":true,"href":"https:\/\/senoticias.com.br\/se\/wp-json\/wp\/v2\/tags?post=101149"}],"curies":[{"name":"wp","href":"https:\/\/api.w.org\/{rel}","templated":true}]}}