{"id":101148,"date":"2017-03-03T20:01:21","date_gmt":"2017-03-03T23:01:21","guid":{"rendered":"http:\/\/senoticias.com.br\/se\/?p=101148"},"modified":"2017-03-07T09:52:13","modified_gmt":"2017-03-07T12:52:13","slug":"greve-dos-medicos-prefeitura-apela-ao-bom-senso-ao-sindimed","status":"publish","type":"post","link":"https:\/\/senoticias.com.br\/se\/greve-dos-medicos-prefeitura-apela-ao-bom-senso-ao-sindimed\/","title":{"rendered":"Greve dos M\u00e9dicos: prefeitura apela ao bom senso ao SINDIMED"},"content":{"rendered":"<p style=\"text-align: justify;\">A Prefeitura de Aracaju apela publicamente, mais uma vez, ao Sindicato dos M\u00e9dicos para que repense sua disposi\u00e7\u00e3o em prosseguir com uma greve que vem impondo in\u00fameros preju\u00edzos \u00e0 popula\u00e7\u00e3o aracajuana, sobretudo aos usu\u00e1rios dos seus servi\u00e7os de sa\u00fade. A PMA continua estranhando as raz\u00f5es da paralisa\u00e7\u00e3o, j\u00e1 que o motivo alegado para tal \u2013 o n\u00e3o-pagamento do sal\u00e1rio de dezembro \u2013 deixou de existir desde a semana passada, quando a grande maioria dos servidores realizou a opera\u00e7\u00e3o de cr\u00e9dito necess\u00e1ria para que recebessem o sal\u00e1rio integralmente, sem nenhum preju\u00edzo financeiro.<\/p>\n<div id=\"attachment_100714\" style=\"width: 609px\" class=\"wp-caption aligncenter\"><a href=\"http:\/\/senoticias.com.br\/se\/wp-content\/uploads\/2017\/02\/Edvaldo-sanciona-lei-SE-Noticias-e1487346152500.jpg\"><img loading=\"lazy\" decoding=\"async\" aria-describedby=\"caption-attachment-100714\" class=\"size-full wp-image-100714\" src=\"http:\/\/senoticias.com.br\/se\/wp-content\/uploads\/2017\/02\/Edvaldo-sanciona-lei-SE-Noticias-e1487346152500.jpg\" alt=\"Foto: Arquivo SE Noticias\" width=\"599\" height=\"428\" \/><\/a><p id=\"caption-attachment-100714\" class=\"wp-caption-text\">Prefeito Edvaldo Nogueira. (Foto: Arquivo Jana\u00edna Santos\/AAN)<\/p><\/div>\n<p style=\"text-align: justify;\">Os n\u00fameros comprovam: at\u00e9 o momento, mais de 63% dos servidores j\u00e1 receberam integralmente o sal\u00e1rio. Este \u00edndice representa 7.523 servidores. H\u00e1 ainda outros 1.600 servidores aptos a aderir \u00e0 linha de cr\u00e9dito. Somados, eles totalizam 76% dos servidores. Por dia, foram realizadas 1.504 opera\u00e7\u00f5es.<\/p>\n<p style=\"text-align: justify;\">Na Sa\u00fade, os dados tamb\u00e9m s\u00e3o igualmente expressivos: quase 50% dos funcion\u00e1rios da \u00e1rea j\u00e1 realizaram a opera\u00e7\u00e3o de cr\u00e9dito, o que representa 1.849 trabalhadores. Entre os m\u00e9dicos, 30% deles j\u00e1 receberam o sal\u00e1rio integral de dezembro atrav\u00e9s da linha especial de cr\u00e9dito, o que confirma a aceita\u00e7\u00e3o da medida.<\/p>\n<p style=\"text-align: justify;\">Ao anunciar o pagamento dos sal\u00e1rios de fevereiro dentro do pr\u00f3prio m\u00eas e de forma antecipada, a administra\u00e7\u00e3o do prefeito Edvaldo Nogueira concluiu a execu\u00e7\u00e3o de QUATRO FOLHAS SALARIAIS EM DOIS MESES DE GEST\u00c3O, atualizando um atraso que se estendia por longos 17 meses e representando uma inje\u00e7\u00e3o de R$ 240 milh\u00f5es na economia sergipana.<\/p>\n<p style=\"text-align: justify;\">Insistir numa greve sem motivos justos ou legais e prejudicar ainda mais uma popula\u00e7\u00e3o t\u00e3o carente dos servi\u00e7os m\u00e9dicos, inclusive deixando de oferecer o m\u00ednimo de atendimento determinado por lei \u00e9 assumir uma atitude irrespons\u00e1vel e inconsequente para com o povo de Aracaju e do Estado. Na esperan\u00e7a de que o bom senso prevale\u00e7a e que o respeito \u00e0 popula\u00e7\u00e3o possa superar interesses corporativos, confiamos na suspens\u00e3o do movimento.<\/p>\n<p style=\"line-height: 14.25pt; text-align: justify;\"><strong><span style=\"font-size: 10.0pt; font-family: 'Georgia','serif'; color: #333333;\">Acompanhe tamb\u00e9m o SE Not\u00edcias no<\/span><\/strong><span class=\"apple-converted-space\"><b><span style=\"font-size: 10.0pt; font-family: 'Georgia','serif'; color: #333333;\">\u00a0<\/span><\/b><\/span><a href=\"https:\/\/twitter.com\/Senoticias\" target=\"_blank\"><b><span style=\"font-size: 10.0pt; font-family: 'Georgia','serif';\">Twitter<\/span><\/b><\/a><strong><span style=\"font-size: 10.0pt; font-family: 'Georgia','serif'; color: #333333;\">,<\/span><\/strong><span class=\"apple-converted-space\"><b><span style=\"font-size: 10.0pt; font-family: 'Georgia','serif'; color: #333333;\">\u00a0<\/span><\/b><\/span><a href=\"https:\/\/www.facebook.com\/senoticias1\" target=\"_blank\"><b><span style=\"font-size: 10.0pt; font-family: 'Georgia','serif';\">Facebook<\/span><\/b><span class=\"apple-converted-space\"><b><span style=\"font-size: 10.0pt; font-family: 'Georgia','serif'; color: windowtext; text-decoration: none;\">\u00a0<\/span><\/b><\/span><\/a><strong><span style=\"font-size: 10.0pt; font-family: 'Georgia','serif'; color: #333333;\">e no<\/span><\/strong><span class=\"apple-converted-space\"><b><span style=\"font-size: 10.0pt; font-family: 'Georgia','serif'; color: #333333;\">\u00a0<\/span><\/b><\/span><a href=\"https:\/\/www.instagram.com\/senoticias\/\" target=\"_blank\"><b><span style=\"font-size: 10.0pt; font-family: 'Georgia','serif';\">Instagram<\/span><\/b><\/a><strong><span style=\"font-size: 10.0pt; font-family: 'Georgia','serif'; color: #333333;\">.<\/span><\/strong><\/p>\n<p style=\"line-height: 14.25pt; text-align: justify;\"><a href=\"http:\/\/senoticias.com.br\/se\/wp-content\/uploads\/2017\/03\/Logo-fone-1-2-1-2-4.jpg\"><img loading=\"lazy\" decoding=\"async\" class=\"aligncenter size-full wp-image-101146\" src=\"http:\/\/senoticias.com.br\/se\/wp-content\/uploads\/2017\/03\/Logo-fone-1-2-1-2-4.jpg\" alt=\"Logo-fone-1-2-1-2-4\" width=\"599\" height=\"78\" srcset=\"https:\/\/senoticias.com.br\/se\/wp-content\/uploads\/2017\/03\/Logo-fone-1-2-1-2-4.jpg 599w, https:\/\/senoticias.com.br\/se\/wp-content\/uploads\/2017\/03\/Logo-fone-1-2-1-2-4-300x39.jpg 300w\" sizes=\"(max-width: 599px) 100vw, 599px\" \/><\/a><\/p>\n<p style=\"line-height: 14.25pt; text-align: justify;\">Ascom\/Aracaju<\/p>\n","protected":false},"excerpt":{"rendered":"<p>A Prefeitura de Aracaju apela publicamente, mais uma vez, ao Sindicato dos M\u00e9dicos para que repense sua disposi\u00e7\u00e3o em prosseguir com uma greve que vem impondo in\u00fameros preju\u00edzos \u00e0 popula\u00e7\u00e3o aracajuana, sobretudo aos usu\u00e1rios dos seus servi\u00e7os de sa\u00fade. A PMA continua estranhando as raz\u00f5es da paralisa\u00e7\u00e3o, j\u00e1 que o motivo alegado para tal \u2013 [&hellip;]<\/p>\n","protected":false},"author":5618,"featured_media":100714,"comment_status":"closed","ping_status":"closed","sticky":false,"template":"","format":"standard","meta":{"footnotes":""},"categories":[6],"tags":[2411],"class_list":{"0":"post-101148","1":"post","2":"type-post","3":"status-publish","4":"format-standard","5":"has-post-thumbnail","7":"category-politica","8":"tag-greve-dos-medicos-prefeitura-apela-ao-bom-senso-ao-sindimed"},"_links":{"self":[{"href":"https:\/\/senoticias.com.br\/se\/wp-json\/wp\/v2\/posts\/101148"}],"collection":[{"href":"https:\/\/senoticias.com.br\/se\/wp-json\/wp\/v2\/posts"}],"about":[{"href":"https:\/\/senoticias.com.br\/se\/wp-json\/wp\/v2\/types\/post"}],"author":[{"embeddable":true,"href":"https:\/\/senoticias.com.br\/se\/wp-json\/wp\/v2\/users\/5618"}],"replies":[{"embeddable":true,"href":"https:\/\/senoticias.com.br\/se\/wp-json\/wp\/v2\/comments?post=101148"}],"version-history":[{"count":0,"href":"https:\/\/senoticias.com.br\/se\/wp-json\/wp\/v2\/posts\/101148\/revisions"}],"wp:featuredmedia":[{"embeddable":true,"href":"https:\/\/senoticias.com.br\/se\/wp-json\/wp\/v2\/media\/100714"}],"wp:attachment":[{"href":"https:\/\/senoticias.com.br\/se\/wp-json\/wp\/v2\/media?parent=101148"}],"wp:term":[{"taxonomy":"category","embeddable":true,"href":"https:\/\/senoticias.com.br\/se\/wp-json\/wp\/v2\/categories?post=101148"},{"taxonomy":"post_tag","embeddable":true,"href":"https:\/\/senoticias.com.br\/se\/wp-json\/wp\/v2\/tags?post=101148"}],"curies":[{"name":"wp","href":"https:\/\/api.w.org\/{rel}","templated":true}]}}