{"id":101145,"date":"2017-03-03T19:52:15","date_gmt":"2017-03-03T22:52:15","guid":{"rendered":"http:\/\/senoticias.com.br\/se\/?p=101145"},"modified":"2017-03-04T10:52:28","modified_gmt":"2017-03-04T13:52:28","slug":"estado-realiza-blitze-em-transportes-intermunicipais","status":"publish","type":"post","link":"https:\/\/senoticias.com.br\/se\/estado-realiza-blitze-em-transportes-intermunicipais\/","title":{"rendered":"Estado realiza blitze em transportes intermunicipais"},"content":{"rendered":"<p style=\"text-align: justify;\">Com o intuito de garantir a seguran\u00e7a dos usu\u00e1rios e inibir a clandestinidade no transporte intermunicipal, a Coordenadoria Estadual de Transportes (Cotransp) em parceria com o Batalh\u00e3o de Pol\u00edcia Rodovi\u00e1ria (BPRV) realiza blitze nas rodovias estaduais. Iniciadas desde a \u00faltima semana do m\u00eas de janeiro, as opera\u00e7\u00f5es acontecem diariamente e tamb\u00e9m objetivam dar continuidade as atividades efetuadas regularmente pela Cotransp, a exemplo das vistorias nos ve\u00edculos onde s\u00e3o verificadas poss\u00edveis irregularidades na documenta\u00e7\u00e3o, excesso de passageiros, clandestinidade entre outros tipos de infra\u00e7\u00e3o, al\u00e9m de coibir a incid\u00eancia de assaltos nos ve\u00edculos, uma vez que a presen\u00e7a mais efetiva da autoridade policial inibe esse tipo de crime.<\/p>\n<div id=\"attachment_101147\" style=\"width: 590px\" class=\"wp-caption aligncenter\"><a href=\"http:\/\/senoticias.com.br\/se\/wp-content\/uploads\/2017\/03\/Blitze-nas-rodovias-estaduais-SE-Noticias-e1488581497174.jpg\"><img loading=\"lazy\" decoding=\"async\" aria-describedby=\"caption-attachment-101147\" class=\"size-full wp-image-101147\" src=\"http:\/\/senoticias.com.br\/se\/wp-content\/uploads\/2017\/03\/Blitze-nas-rodovias-estaduais-SE-Noticias-e1488581497174.jpg\" alt=\"De acordo com o coordenador Estadual de Transportes, Everton Menezes, as a\u00e7\u00f5es fazem parte de um conjunto de medidas em prol da seguran\u00e7a dos passageiros \/ Foto: Ascom\/Seinfra\" width=\"580\" height=\"435\" \/><\/a><p id=\"caption-attachment-101147\" class=\"wp-caption-text\">De acordo com o coordenador Estadual de Transportes, Everton Menezes, as a\u00e7\u00f5es fazem parte de um conjunto de medidas em prol da seguran\u00e7a dos passageiros \/ Foto: Ascom\/Seinfra<\/p><\/div>\n<p style=\"text-align: justify;\">De acordo com o coordenador Estadual de Transportes, Everton Menezes, as a\u00e7\u00f5es fazem parte de um conjunto de medidas em prol da seguran\u00e7a dos passageiros. \u201cDiante do conturbado cen\u00e1rio econ\u00f4mico, o transporte p\u00fablico sofreu alguns efeitos colaterais, dessa forma, o Governo do Estado tem buscado garantir a integridade dos usu\u00e1rios desse servi\u00e7o, e, ap\u00f3s um acordo com comando da Pol\u00edcia Militar e o Batalh\u00e3o da Pol\u00edcia Rodovi\u00e1ria, iniciamos as opera\u00e7\u00f5es que s\u00e3o realizadas diariamente em todas as rodovias estaduais e perdurar\u00e3o durante todo o ano\u201d, frisa.<\/p>\n<p style=\"text-align: justify;\">Everton Menezes alerta que a popula\u00e7\u00e3o tamb\u00e9m pode contribuir para a melhoria dos servi\u00e7os. \u201cQualquer cidad\u00e3o que souber ou presenciar alguma irregularidade em rela\u00e7\u00e3o ao transporte intermunicipal, pode manter contato com a Cotransp por meio da ouvidoria, no telefone 3198-5331 ou pelo e-mail: <a href=\"mailto:ditransp.denuncia@seinfra.se.gov.br\">ditransp.denuncia@seinfra.se.gov.br<\/a>. As den\u00fancias podem ser feitas para reclama\u00e7\u00f5es diversas, a exemplo do excesso de velocidade, realiza\u00e7\u00e3o do transporte clandestino, excesso de passageiros, descumprimento da legisla\u00e7\u00e3o de tr\u00e2nsito ou qualquer tipo de infra\u00e7\u00e3o que venha comprometer a seguran\u00e7a dos usu\u00e1rios em viagem\u201d, explica.<\/p>\n<p style=\"line-height: 14.25pt; text-align: justify;\"><strong><span style=\"font-size: 10.0pt; font-family: 'Georgia','serif'; color: #333333;\">Acompanhe tamb\u00e9m o SE Not\u00edcias no<\/span><\/strong><span class=\"apple-converted-space\"><b><span style=\"font-size: 10.0pt; font-family: 'Georgia','serif'; color: #333333;\">\u00a0<\/span><\/b><\/span><a href=\"https:\/\/twitter.com\/Senoticias\" target=\"_blank\"><b><span style=\"font-size: 10.0pt; font-family: 'Georgia','serif';\">Twitter<\/span><\/b><\/a><strong><span style=\"font-size: 10.0pt; font-family: 'Georgia','serif'; color: #333333;\">,<\/span><\/strong><span class=\"apple-converted-space\"><b><span style=\"font-size: 10.0pt; font-family: 'Georgia','serif'; color: #333333;\">\u00a0<\/span><\/b><\/span><a href=\"https:\/\/www.facebook.com\/senoticias1\" target=\"_blank\"><b><span style=\"font-size: 10.0pt; font-family: 'Georgia','serif';\">Facebook<\/span><\/b><span class=\"apple-converted-space\"><b><span style=\"font-size: 10.0pt; font-family: 'Georgia','serif'; color: windowtext; text-decoration: none;\">\u00a0<\/span><\/b><\/span><\/a><strong><span style=\"font-size: 10.0pt; font-family: 'Georgia','serif'; color: #333333;\">e no<\/span><\/strong><span class=\"apple-converted-space\"><b><span style=\"font-size: 10.0pt; font-family: 'Georgia','serif'; color: #333333;\">\u00a0<\/span><\/b><\/span><a href=\"https:\/\/www.instagram.com\/senoticias\/\" target=\"_blank\"><b><span style=\"font-size: 10.0pt; font-family: 'Georgia','serif';\">Instagram<\/span><\/b><\/a><strong><span style=\"font-size: 10.0pt; font-family: 'Georgia','serif'; color: #333333;\">.<\/span><\/strong><\/p>\n<p style=\"line-height: 14.25pt; text-align: justify;\"><a href=\"http:\/\/senoticias.com.br\/se\/wp-content\/uploads\/2017\/03\/Logo-fone-1-2-1-2-4.jpg\"><img loading=\"lazy\" decoding=\"async\" class=\"aligncenter size-full wp-image-101146\" src=\"http:\/\/senoticias.com.br\/se\/wp-content\/uploads\/2017\/03\/Logo-fone-1-2-1-2-4.jpg\" alt=\"Logo-fone-1-2-1-2-4\" width=\"599\" height=\"78\" srcset=\"https:\/\/senoticias.com.br\/se\/wp-content\/uploads\/2017\/03\/Logo-fone-1-2-1-2-4.jpg 599w, https:\/\/senoticias.com.br\/se\/wp-content\/uploads\/2017\/03\/Logo-fone-1-2-1-2-4-300x39.jpg 300w\" sizes=\"(max-width: 599px) 100vw, 599px\" \/><\/a><\/p>\n<p style=\"line-height: 14.25pt; text-align: justify;\">Da ASN<\/p>\n","protected":false},"excerpt":{"rendered":"<p>Com o intuito de garantir a seguran\u00e7a dos usu\u00e1rios e inibir a clandestinidade no transporte intermunicipal, a Coordenadoria Estadual de Transportes (Cotransp) em parceria com o Batalh\u00e3o de Pol\u00edcia Rodovi\u00e1ria (BPRV) realiza blitze nas rodovias estaduais. Iniciadas desde a \u00faltima semana do m\u00eas de janeiro, as opera\u00e7\u00f5es acontecem diariamente e tamb\u00e9m objetivam dar continuidade as [&hellip;]<\/p>\n","protected":false},"author":5618,"featured_media":101147,"comment_status":"closed","ping_status":"closed","sticky":false,"template":"","format":"standard","meta":{"footnotes":""},"categories":[7],"tags":[2410],"class_list":{"0":"post-101145","1":"post","2":"type-post","3":"status-publish","4":"format-standard","5":"has-post-thumbnail","7":"category-policia","8":"tag-estado-realiza-blitze-em-transportes-intermunicipais"},"_links":{"self":[{"href":"https:\/\/senoticias.com.br\/se\/wp-json\/wp\/v2\/posts\/101145"}],"collection":[{"href":"https:\/\/senoticias.com.br\/se\/wp-json\/wp\/v2\/posts"}],"about":[{"href":"https:\/\/senoticias.com.br\/se\/wp-json\/wp\/v2\/types\/post"}],"author":[{"embeddable":true,"href":"https:\/\/senoticias.com.br\/se\/wp-json\/wp\/v2\/users\/5618"}],"replies":[{"embeddable":true,"href":"https:\/\/senoticias.com.br\/se\/wp-json\/wp\/v2\/comments?post=101145"}],"version-history":[{"count":0,"href":"https:\/\/senoticias.com.br\/se\/wp-json\/wp\/v2\/posts\/101145\/revisions"}],"wp:featuredmedia":[{"embeddable":true,"href":"https:\/\/senoticias.com.br\/se\/wp-json\/wp\/v2\/media\/101147"}],"wp:attachment":[{"href":"https:\/\/senoticias.com.br\/se\/wp-json\/wp\/v2\/media?parent=101145"}],"wp:term":[{"taxonomy":"category","embeddable":true,"href":"https:\/\/senoticias.com.br\/se\/wp-json\/wp\/v2\/categories?post=101145"},{"taxonomy":"post_tag","embeddable":true,"href":"https:\/\/senoticias.com.br\/se\/wp-json\/wp\/v2\/tags?post=101145"}],"curies":[{"name":"wp","href":"https:\/\/api.w.org\/{rel}","templated":true}]}}