{"id":101143,"date":"2017-03-03T19:46:32","date_gmt":"2017-03-03T22:46:32","guid":{"rendered":"http:\/\/senoticias.com.br\/se\/?p=101143"},"modified":"2017-03-03T19:46:32","modified_gmt":"2017-03-03T22:46:32","slug":"homicidios-em-sergipe-caem-17-quando-comparados-com-os-dados-de-2016","status":"publish","type":"post","link":"https:\/\/senoticias.com.br\/se\/homicidios-em-sergipe-caem-17-quando-comparados-com-os-dados-de-2016\/","title":{"rendered":"Homic\u00eddios em Sergipe caem 17% quando comparados com os dados de 2016"},"content":{"rendered":"<p style=\"text-align: justify\">Nesta sexta-feira, 03, uma coletiva realizada pela Secretaria da Seguran\u00e7a P\u00fablica de Sergipe externou \u00e0 imprensa a diminui\u00e7\u00e3o de casos de homic\u00eddios durante a folia de carnaval em Aracaju e nos munic\u00edpios sergipanos em que foram realizadas festividades.<\/p>\n<div id=\"attachment_101144\" style=\"width: 590px\" class=\"wp-caption aligncenter\"><a href=\"http:\/\/senoticias.com.br\/se\/wp-content\/uploads\/2017\/03\/f1964cefa1e69363fae4c3af8429660b-e1488580962197.jpg\"><img loading=\"lazy\" decoding=\"async\" aria-describedby=\"caption-attachment-101144\" class=\"size-full wp-image-101144\" src=\"http:\/\/senoticias.com.br\/se\/wp-content\/uploads\/2017\/03\/f1964cefa1e69363fae4c3af8429660b-e1488580962197.jpg\" alt=\"Foto: Ascom\/SSP\" width=\"580\" height=\"325\" \/><\/a><p id=\"caption-attachment-101144\" class=\"wp-caption-text\">Foto: Ascom\/SSP<\/p><\/div>\n<p style=\"text-align: justify\">Segundo dados divulgados pela pol\u00edcia, nenhum registro de homic\u00eddio foi realizado nas \u00e1reas da capital e interior sergipano onde ocorreram os eventos momescos. Um resultado atribu\u00eddo ao trabalho conjunto realizado pelas pol\u00edcias Militar e Civil ao longo dos dias marcados pela folia em Aracaju, com o Rasgadinho; e em mais 11 munic\u00edpios.<\/p>\n<p style=\"text-align: justify\">Na capital, durante a realiza\u00e7\u00e3o do Rasgadinho, houve registro de sete pris\u00f5es em flagrante por parte da Pol\u00edcia Militar: tr\u00eas desacatos, uma situa\u00e7\u00e3o de tr\u00e1fico, um furto, um porte de arma de fogo e um roubo. Foram tr\u00eas armas apreendidas durante os dias de carnaval, sendo dois canivetes e uma pistola.40. Houve ainda a confec\u00e7\u00e3o de sete Termos Circunstanciados de Ocorr\u00eancia voltados para o registro de infra\u00e7\u00f5es de menor potencial ofensivo.<\/p>\n<p style=\"text-align: justify\">De acordo com o comandante geral da Pol\u00edcia Militar, coronel Marcone Cabral, os resultados s\u00e3o satisfat\u00f3rios e mostram que o planejamento e parceria da pol\u00edcia sergipana s\u00f3 resulta na diminui\u00e7\u00e3o de casos de viol\u00eancia no estado. &#8220;O planejamento semanal contribuiu para que os acertos fossem maiores que os erros na opera\u00e7\u00e3o carnaval&#8221;, disse.<\/p>\n<p style=\"text-align: justify\">No interior sergipano, o trabalho foi intensificado no cumprimento de mandados de pris\u00e3o pela Pol\u00edcia Civil e com o funcionamento em regime de plant\u00e3o 24h nas delegacias de Itabaiana, Lagarto, Est\u00e2ncia, Nossa Senhora da Gl\u00f3ria e Pirambu. Como resultado, foram presos respons\u00e1veis pelos delitos de homic\u00eddio, roubo, crimes contra a dignidade sexual, tr\u00e1fico de drogas, viol\u00eancia dom\u00e9stica, entre outras situa\u00e7\u00f5es.<br \/>\nEm Ne\u00f3polis, munic\u00edpio que sempre re\u00fane grande p\u00fablico no carnaval, a Pol\u00edcia Militar contabilizou a confec\u00e7\u00e3o de 13 Termos Circunstanciados de Ocorr\u00eancia, sendo dez por perturba\u00e7\u00e3o de sossego e tr\u00eas por dire\u00e7\u00e3o perigosa em via p\u00fablica.<\/p>\n<p style=\"text-align: justify\">Sobre o trabalho conjunto da pol\u00edcia o Delegado Geral da Pol\u00edcia Civil, Alessandro Vieira, falou sobre a diminui\u00e7\u00e3o de casos de homic\u00eddios e viol\u00eancia durante as festividades carnavalescas na capital e interior sergipano. &#8220;A diminui\u00e7\u00e3o dos casos de viol\u00eancia no estado no per\u00edodo de fevereiro de 2016 a 2017 grita a n\u00f3s da seguran\u00e7a p\u00fablica que o planejamento estrat\u00e9gico realizado est\u00e1 dando cada vez mais certo&#8221;, comenta.<\/p>\n<p style=\"text-align: justify\">Os n\u00fameros mostram que houve uma redu\u00e7\u00e3o em torno de 17% nas mortes violentas registradas em fevereiro, quando comparados os 95 casos ocorridos em 2017 com os 115 do ano de 2016. Este ano 23 homic\u00eddios ocorreram na capital, 24 na regi\u00e3o metropolitana e 48 no interior. Se for feita uma compara\u00e7\u00e3o com o mesmo per\u00edodo em 2015, houve uma redu\u00e7\u00e3o de 10,4%, quando \u00e0quela \u00e9poca foram contabilizados 106 casos.<\/p>\n<p style=\"text-align: justify\">Tanto no m\u00eas de janeiro como no de fevereiro deste ano foram registrados 95 casos de homic\u00eddio. Comparando os dois meses em rela\u00e7\u00e3o a 2016, houve a redu\u00e7\u00e3o de 18% nas ocorr\u00eancias. Ou seja, janeiro e fevereiro do ano passado somaram 232 homic\u00eddios, enquanto os dois primeiros meses de 2017 somaram 190 crimes deste tipo.<\/p>\n<p style=\"text-align: justify\">O secret\u00e1rio da Seguran\u00e7a P\u00fablica de Sergipe destacou que os n\u00fameros j\u00e1 significam muito para a pol\u00edcia sergipana. &#8220;Com cerca de dois mil agentes na rua realizando o policiamento ostensivo, os n\u00fameros reduzidos de ocorr\u00eancias podem ser comemorados, pois isso prova que estamos no caminho certo&#8221;.<\/p>\n<p style=\"text-align: justify\">\u00a0Ele falou ainda sobre o trabalho s\u00e9rio e comprometido dos operadores de seguran\u00e7a p\u00fablica para alcan\u00e7ar resultados considerados satisfat\u00f3rios nesse per\u00edodo. \u201cEstamos focados em tentar sempre melhorar a seguran\u00e7a para a popula\u00e7\u00e3o, por meio de um trabalho correto e forte que estamos desenvolvendo para que Sergipe volte a ser uma lugar mais calmo e seguro&#8221;.<\/p>\n<p style=\"line-height: 14.25pt;text-align: justify\"><strong><span style=\"font-size: 10.0pt;font-family: 'Georgia','serif';color: #333333\">Acompanhe tamb\u00e9m o SE Not\u00edcias no<\/span><\/strong><span class=\"apple-converted-space\"><b><span style=\"font-size: 10.0pt;font-family: 'Georgia','serif';color: #333333\">\u00a0<\/span><\/b><\/span><a href=\"https:\/\/twitter.com\/Senoticias\" target=\"_blank\"><b><span style=\"font-size: 10.0pt;font-family: 'Georgia','serif'\">Twitter<\/span><\/b><\/a><strong><span style=\"font-size: 10.0pt;font-family: 'Georgia','serif';color: #333333\">,<\/span><\/strong><span class=\"apple-converted-space\"><b><span style=\"font-size: 10.0pt;font-family: 'Georgia','serif';color: #333333\">\u00a0<\/span><\/b><\/span><a href=\"https:\/\/www.facebook.com\/senoticias1\" target=\"_blank\"><b><span style=\"font-size: 10.0pt;font-family: 'Georgia','serif'\">Facebook<\/span><\/b><span class=\"apple-converted-space\"><b><span style=\"font-size: 10.0pt;font-family: 'Georgia','serif';color: windowtext;text-decoration: none\">\u00a0<\/span><\/b><\/span><\/a><strong><span style=\"font-size: 10.0pt;font-family: 'Georgia','serif';color: #333333\">e no<\/span><\/strong><span class=\"apple-converted-space\"><b><span style=\"font-size: 10.0pt;font-family: 'Georgia','serif';color: #333333\">\u00a0<\/span><\/b><\/span><a href=\"https:\/\/www.instagram.com\/senoticias\/\" target=\"_blank\"><b><span style=\"font-size: 10.0pt;font-family: 'Georgia','serif'\">Instagram<\/span><\/b><\/a><strong><span style=\"font-size: 10.0pt;font-family: 'Georgia','serif';color: #333333\">.<\/span><\/strong><\/p>\n<p style=\"line-height: 14.25pt;text-align: justify\"><a href=\"http:\/\/senoticias.com.br\/se\/wp-content\/uploads\/2017\/02\/Logo-fone-1-2-1-2-4-2.jpg\"><img loading=\"lazy\" decoding=\"async\" class=\"aligncenter size-full wp-image-101024\" src=\"http:\/\/senoticias.com.br\/se\/wp-content\/uploads\/2017\/02\/Logo-fone-1-2-1-2-4-2.jpg\" alt=\"Logo-fone-1-2-1-2-4\" width=\"599\" height=\"78\" srcset=\"https:\/\/senoticias.com.br\/se\/wp-content\/uploads\/2017\/02\/Logo-fone-1-2-1-2-4-2.jpg 599w, https:\/\/senoticias.com.br\/se\/wp-content\/uploads\/2017\/02\/Logo-fone-1-2-1-2-4-2-300x39.jpg 300w\" sizes=\"(max-width: 599px) 100vw, 599px\" \/><\/a><\/p>\n<p style=\"line-height: 14.25pt;text-align: justify\">Da ASN<\/p>\n","protected":false},"excerpt":{"rendered":"<p>Nesta sexta-feira, 03, uma coletiva realizada pela Secretaria da Seguran\u00e7a P\u00fablica de Sergipe externou \u00e0 imprensa a diminui\u00e7\u00e3o de casos de homic\u00eddios durante a folia de carnaval em Aracaju e nos munic\u00edpios sergipanos em que foram realizadas festividades. Segundo dados divulgados pela pol\u00edcia, nenhum registro de homic\u00eddio foi realizado nas \u00e1reas da capital e interior [&hellip;]<\/p>\n","protected":false},"author":5618,"featured_media":101144,"comment_status":"closed","ping_status":"closed","sticky":false,"template":"","format":"standard","meta":{"footnotes":""},"categories":[7],"tags":[2409],"class_list":{"0":"post-101143","1":"post","2":"type-post","3":"status-publish","4":"format-standard","5":"has-post-thumbnail","7":"category-policia","8":"tag-homicidios-em-sergipe-caem-17-quando-comparados-com-os-dados-de-2016"},"_links":{"self":[{"href":"https:\/\/senoticias.com.br\/se\/wp-json\/wp\/v2\/posts\/101143"}],"collection":[{"href":"https:\/\/senoticias.com.br\/se\/wp-json\/wp\/v2\/posts"}],"about":[{"href":"https:\/\/senoticias.com.br\/se\/wp-json\/wp\/v2\/types\/post"}],"author":[{"embeddable":true,"href":"https:\/\/senoticias.com.br\/se\/wp-json\/wp\/v2\/users\/5618"}],"replies":[{"embeddable":true,"href":"https:\/\/senoticias.com.br\/se\/wp-json\/wp\/v2\/comments?post=101143"}],"version-history":[{"count":0,"href":"https:\/\/senoticias.com.br\/se\/wp-json\/wp\/v2\/posts\/101143\/revisions"}],"wp:featuredmedia":[{"embeddable":true,"href":"https:\/\/senoticias.com.br\/se\/wp-json\/wp\/v2\/media\/101144"}],"wp:attachment":[{"href":"https:\/\/senoticias.com.br\/se\/wp-json\/wp\/v2\/media?parent=101143"}],"wp:term":[{"taxonomy":"category","embeddable":true,"href":"https:\/\/senoticias.com.br\/se\/wp-json\/wp\/v2\/categories?post=101143"},{"taxonomy":"post_tag","embeddable":true,"href":"https:\/\/senoticias.com.br\/se\/wp-json\/wp\/v2\/tags?post=101143"}],"curies":[{"name":"wp","href":"https:\/\/api.w.org\/{rel}","templated":true}]}}