{"id":101141,"date":"2017-03-03T13:29:19","date_gmt":"2017-03-03T16:29:19","guid":{"rendered":"http:\/\/senoticias.com.br\/se\/?p=101141"},"modified":"2017-03-04T22:54:31","modified_gmt":"2017-03-05T01:54:31","slug":"mp-de-contas-quer-que-o-estado-realize-concurso-para-professor","status":"publish","type":"post","link":"https:\/\/senoticias.com.br\/se\/mp-de-contas-quer-que-o-estado-realize-concurso-para-professor\/","title":{"rendered":"MP de Contas quer que o Estado realize concurso para professor"},"content":{"rendered":"<p style=\"text-align: justify;\">Forma adotada atualmente pelo Governo do Estado, a reiterada contrata\u00e7\u00e3o de professores mediante processo seletivo constitui uma ofensa flagrante ao princ\u00edpio do concurso p\u00fablico. Este \u00e9 o posicionamento do Minist\u00e9rio P\u00fablico Especial junto ao Tribunal de Contas do Estado (TCE).<\/p>\n<div id=\"attachment_101142\" style=\"width: 510px\" class=\"wp-caption aligncenter\"><img loading=\"lazy\" decoding=\"async\" aria-describedby=\"caption-attachment-101142\" class=\"size-full wp-image-101142\" src=\"http:\/\/senoticias.com.br\/se\/wp-content\/uploads\/2017\/03\/MP-de-contas-SE-noticias.jpg\" alt=\"procurador Eduardo C\u00f4rtes quer que o Estado realize concurso para professor\" width=\"500\" height=\"332\" srcset=\"https:\/\/senoticias.com.br\/se\/wp-content\/uploads\/2017\/03\/MP-de-contas-SE-noticias.jpg 500w, https:\/\/senoticias.com.br\/se\/wp-content\/uploads\/2017\/03\/MP-de-contas-SE-noticias-300x199.jpg 300w, https:\/\/senoticias.com.br\/se\/wp-content\/uploads\/2017\/03\/MP-de-contas-SE-noticias-90x60.jpg 90w, https:\/\/senoticias.com.br\/se\/wp-content\/uploads\/2017\/03\/MP-de-contas-SE-noticias-180x120.jpg 180w, https:\/\/senoticias.com.br\/se\/wp-content\/uploads\/2017\/03\/MP-de-contas-SE-noticias-95x64.jpg 95w\" sizes=\"(max-width: 500px) 100vw, 500px\" \/><p id=\"caption-attachment-101142\" class=\"wp-caption-text\">Procurador Eduardo C\u00f4rtes quer que o Estado realize concurso para professor. (Foto: Cleverton Ribeiro\/TCE)<\/p><\/div>\n<p>\u201cPelo menos desde 2014 a Seed tem celebrado contrata\u00e7\u00f5es tempor\u00e1rias e que t\u00eam sido renovadas\u201d, destaca o procurador Eduardo C\u00f4rtes, acrescentando que a Administra\u00e7\u00e3o \u00e9 ciente da situa\u00e7\u00e3o de car\u00eancia desde o concurso p\u00fablico realizado em 2012, quando o n\u00famero de aprovados foi inferior ao quantitativo de vagas previsto no edital.<\/p>\n<p>Segundo ele, essa circunst\u00e2ncia, por si, \u00e9 suficiente para descaracterizar uma aut\u00eantica emerg\u00eancia e excepcionalidades pr\u00f3prias da contrata\u00e7\u00e3o tempor\u00e1ria.<\/p>\n<p>C\u00f4rtes \u00e9 o autor do Despacho emitido ap\u00f3s analisar a real necessidade do Processo Seletivo Simplificado N. 01\/2017, deflagrado pela Secretaria de Estado do Planejamento, Or\u00e7amento e Gest\u00e3o (Seplag), com o objetivo de contrata\u00e7\u00e3o tempor\u00e1ria de 128 professores para as disciplinas de Arte, Biologia, Filosofia, F\u00edsica e Sociologia.<\/p>\n<p>\u201cA mera necessidade do servi\u00e7o e o bem p\u00fablico visado n\u00e3o autorizam, genericamente, a supera\u00e7\u00e3o do concurso p\u00fablico. Afinal, a atividade de doc\u00eancia \u00e9 de natureza permanente\u201d, conclui o procurador.<\/p>\n<p>O pedido de instaura\u00e7\u00e3o do processo foi encaminhado ao conselheiro Carlos Alberto Sobral, que \u00e9 o respons\u00e1vel pela \u00e1rea de controle e inspe\u00e7\u00e3o da qual faz parte a Seplag.<\/p>\n<p style=\"text-align: justify;\"><img loading=\"lazy\" decoding=\"async\" class=\"aligncenter size-full wp-image-101024\" src=\"http:\/\/senoticias.com.br\/se\/wp-content\/uploads\/2017\/02\/Logo-fone-1-2-1-2-4-2.jpg\" alt=\"Logo-fone-1-2-1-2-4\" width=\"599\" height=\"78\" srcset=\"https:\/\/senoticias.com.br\/se\/wp-content\/uploads\/2017\/02\/Logo-fone-1-2-1-2-4-2.jpg 599w, https:\/\/senoticias.com.br\/se\/wp-content\/uploads\/2017\/02\/Logo-fone-1-2-1-2-4-2-300x39.jpg 300w\" sizes=\"(max-width: 599px) 100vw, 599px\" \/><\/p>\n<p style=\"text-align: justify;\"><strong>Acompanhe tamb\u00e9m o SE Not\u00edcias no<\/strong><span class=\"apple-converted-space\"><b>\u00a0<\/b><\/span><a href=\"https:\/\/twitter.com\/Senoticias\" target=\"_blank\"><b>Twitter<\/b><\/a><strong>,<\/strong><span class=\"apple-converted-space\"><b>\u00a0<\/b><\/span><a href=\"https:\/\/www.facebook.com\/senoticias1\" target=\"_blank\"><b>Facebook<\/b><span class=\"apple-converted-space\"><b>\u00a0<\/b><\/span><\/a><strong>e no<\/strong><span class=\"apple-converted-space\"><b>\u00a0<\/b><\/span><a href=\"https:\/\/www.instagram.com\/senoticias\/\" target=\"_blank\"><b>Instagram<\/b><\/a><strong>.<\/strong><\/p>\n<p style=\"text-align: justify;\"><strong><em>Ascom\/TCE<\/em><\/strong><\/p>\n","protected":false},"excerpt":{"rendered":"<p>Forma adotada atualmente pelo Governo do Estado, a reiterada contrata\u00e7\u00e3o de professores mediante processo seletivo constitui uma ofensa flagrante ao princ\u00edpio do concurso p\u00fablico. Este \u00e9 o posicionamento do Minist\u00e9rio P\u00fablico Especial junto ao Tribunal de Contas do Estado (TCE). \u201cPelo menos desde 2014 a Seed tem celebrado contrata\u00e7\u00f5es tempor\u00e1rias e que t\u00eam sido renovadas\u201d, [&hellip;]<\/p>\n","protected":false},"author":2,"featured_media":101142,"comment_status":"closed","ping_status":"closed","sticky":false,"template":"","format":"standard","meta":{"footnotes":""},"categories":[6],"tags":[],"class_list":{"0":"post-101141","1":"post","2":"type-post","3":"status-publish","4":"format-standard","5":"has-post-thumbnail","7":"category-politica"},"_links":{"self":[{"href":"https:\/\/senoticias.com.br\/se\/wp-json\/wp\/v2\/posts\/101141"}],"collection":[{"href":"https:\/\/senoticias.com.br\/se\/wp-json\/wp\/v2\/posts"}],"about":[{"href":"https:\/\/senoticias.com.br\/se\/wp-json\/wp\/v2\/types\/post"}],"author":[{"embeddable":true,"href":"https:\/\/senoticias.com.br\/se\/wp-json\/wp\/v2\/users\/2"}],"replies":[{"embeddable":true,"href":"https:\/\/senoticias.com.br\/se\/wp-json\/wp\/v2\/comments?post=101141"}],"version-history":[{"count":0,"href":"https:\/\/senoticias.com.br\/se\/wp-json\/wp\/v2\/posts\/101141\/revisions"}],"wp:featuredmedia":[{"embeddable":true,"href":"https:\/\/senoticias.com.br\/se\/wp-json\/wp\/v2\/media\/101142"}],"wp:attachment":[{"href":"https:\/\/senoticias.com.br\/se\/wp-json\/wp\/v2\/media?parent=101141"}],"wp:term":[{"taxonomy":"category","embeddable":true,"href":"https:\/\/senoticias.com.br\/se\/wp-json\/wp\/v2\/categories?post=101141"},{"taxonomy":"post_tag","embeddable":true,"href":"https:\/\/senoticias.com.br\/se\/wp-json\/wp\/v2\/tags?post=101141"}],"curies":[{"name":"wp","href":"https:\/\/api.w.org\/{rel}","templated":true}]}}