{"id":101042,"date":"2017-02-27T09:35:03","date_gmt":"2017-02-27T12:35:03","guid":{"rendered":"http:\/\/senoticias.com.br\/se\/?p=101042"},"modified":"2017-02-27T14:18:47","modified_gmt":"2017-02-27T17:18:47","slug":"prf-registra-nove-acidentes-no-periodo-do-carnaval-em-sergipe","status":"publish","type":"post","link":"https:\/\/senoticias.com.br\/se\/prf-registra-nove-acidentes-no-periodo-do-carnaval-em-sergipe\/","title":{"rendered":"PRF prende dois foragidos com mandados de pris\u00e3o em aberto pelos crimes de homic\u00eddio"},"content":{"rendered":"<p class=\"m_-6383789295873427222gmail-m8305141738991403826gmail-western\" style=\"text-align: justify;\">Equipes PRF prenderam no final da tarde e in\u00edcio da noite da \u00faltima sexta-feira, 24, dois homens com mandados de pris\u00e3o em aberto pelos crimes de homic\u00eddio. As pris\u00f5es ocorreram na Unidade Operacional da PRF em Nossa Senhora do Socorro\/SE. Os agentes federais realizavam fiscaliza\u00e7\u00e3o na Unidade Operacional quando abordaram o condutor de uma motocicleta Honda\/CG Fan e solicitaram a documenta\u00e7\u00e3o dele. Ao checar as informa\u00e7\u00f5es no banco de dados utilizado pela PRF, os policiais descobriram que o homem possu\u00eda um mandado de pris\u00e3o em aberto expedido pela 1\u00aa Vara Criminal de Itabaiana\/SE no dia 11 de fevereiro de 2015 pelo crime de homic\u00eddio qualificado. O criminoso, de 31 anos, foi preso e encaminhado \u00e0 Delegacia de Pol\u00edcia Civil, em Nossa Senhora do Socorro\/SE.<\/p>\n<div id=\"attachment_101047\" style=\"width: 609px\" class=\"wp-caption aligncenter\"><img loading=\"lazy\" decoding=\"async\" aria-describedby=\"caption-attachment-101047\" class=\"size-full wp-image-101047\" src=\"http:\/\/senoticias.com.br\/se\/wp-content\/uploads\/2017\/02\/PRF-SERGIPE-SENOTICIAS-e1488212516446.jpg\" alt=\"Condutor de moto tinha mandados de pris\u00e3o em aberto por homic\u00eddio qualificado. (Foto: PRF\/SE)\" width=\"599\" height=\"337\" \/><p id=\"caption-attachment-101047\" class=\"wp-caption-text\">Condutor de moto tinha mandados de pris\u00e3o em aberto por homic\u00eddio qualificado. (Foto: PRF\/SE)<\/p><\/div>\n<p class=\"m_-6383789295873427222gmail-m8305141738991403826gmail-western\" style=\"text-align: justify;\">A segunda pris\u00e3o tamb\u00e9m ocorreu ap\u00f3s abordagem a uma motocicleta, uma Honda\/CG Titan, com placas de Sergipe. Ao consultar o banco de dados, a equipe PRF verificou que havia um mandado de pris\u00e3o em aberto contra o condutor, de 51 anos. Os agentes federais entraram em contato com a Delegacia de Capturas, em Pernambuco, que informou aos policiais sobre a exist\u00eancia de tr\u00eas mandados a serem cumpridos pelo crime de homic\u00eddio qualificado. O homem foi preso e encaminhado \u00e0 Delegacia Plantonista, em Aracaju\/SE<\/p>\n<p style=\"text-align: justify;\">A Opera\u00e7\u00e3o Carnaval segue at\u00e9 \u00e0 meia-noite da quarta-feira de cinzas, 1. At\u00e9 o momento foram fiscalizados 1.177 ve\u00edculos e notificados 317 condutores. Tamb\u00e9m foram realizados 756 testes de alcoolemia e dez condutores apresentaram embriaguez alco\u00f3lica, sendo quatro deles detidos por possu\u00edrem \u00edndice maior que 0,33 miligramas de \u00e1lcool por litro de ar expelido pelos pulm\u00f5es. Al\u00e9m disso, 70 animais foram recolhidos perambulando pelas rodovias federais de Sergipe.<\/p>\n<p style=\"line-height: 14.25pt;\"><strong><span style=\"font-size: 10.0pt; font-family: 'Georgia','serif'; color: #333333;\">Acompanhe tamb\u00e9m o SE Not\u00edcias no<\/span><\/strong><span class=\"apple-converted-space\"><b><span style=\"font-size: 10.0pt; font-family: 'Georgia','serif'; color: #333333;\">\u00a0<\/span><\/b><\/span><a href=\"https:\/\/twitter.com\/Senoticias\" target=\"_blank\"><b><span style=\"font-size: 10.0pt; font-family: 'Georgia','serif';\">Twitter<\/span><\/b><\/a><strong><span style=\"font-size: 10.0pt; font-family: 'Georgia','serif'; color: #333333;\">,<\/span><\/strong><span class=\"apple-converted-space\"><b><span style=\"font-size: 10.0pt; font-family: 'Georgia','serif'; color: #333333;\">\u00a0<\/span><\/b><\/span><a href=\"https:\/\/www.facebook.com\/senoticias1\" target=\"_blank\"><b><span style=\"font-size: 10.0pt; font-family: 'Georgia','serif';\">Facebook<\/span><\/b><span class=\"apple-converted-space\"><b><span style=\"font-size: 10.0pt; font-family: 'Georgia','serif'; color: windowtext; text-decoration: none;\">\u00a0<\/span><\/b><\/span><\/a><strong><span style=\"font-size: 10.0pt; font-family: 'Georgia','serif'; color: #333333;\">e no<\/span><\/strong><span class=\"apple-converted-space\"><b><span style=\"font-size: 10.0pt; font-family: 'Georgia','serif'; color: #333333;\">\u00a0<\/span><\/b><\/span><a href=\"https:\/\/www.instagram.com\/senoticias\/\" target=\"_blank\"><b><span style=\"font-size: 10.0pt; font-family: 'Georgia','serif';\">Instagram<\/span><\/b><\/a><\/p>\n<p style=\"text-align: justify;\"><a href=\"http:\/\/senoticias.com.br\/se\/wp-content\/uploads\/2017\/02\/Logo-fone-1-2-1-2-4-2.jpg\"><img loading=\"lazy\" decoding=\"async\" class=\"aligncenter size-full wp-image-101024\" src=\"http:\/\/senoticias.com.br\/se\/wp-content\/uploads\/2017\/02\/Logo-fone-1-2-1-2-4-2.jpg\" alt=\"Logo-fone-1-2-1-2-4\" width=\"599\" height=\"78\" srcset=\"https:\/\/senoticias.com.br\/se\/wp-content\/uploads\/2017\/02\/Logo-fone-1-2-1-2-4-2.jpg 599w, https:\/\/senoticias.com.br\/se\/wp-content\/uploads\/2017\/02\/Logo-fone-1-2-1-2-4-2-300x39.jpg 300w\" sizes=\"(max-width: 599px) 100vw, 599px\" \/><\/a><\/p>\n<p style=\"text-align: justify;\"><strong><em>Ascom\/PRF<\/em><\/strong><\/p>\n","protected":false},"excerpt":{"rendered":"<p>Equipes PRF prenderam no final da tarde e in\u00edcio da noite da \u00faltima sexta-feira, 24, dois homens com mandados de pris\u00e3o em aberto pelos crimes de homic\u00eddio. As pris\u00f5es ocorreram na Unidade Operacional da PRF em Nossa Senhora do Socorro\/SE. Os agentes federais realizavam fiscaliza\u00e7\u00e3o na Unidade Operacional quando abordaram o condutor de uma motocicleta [&hellip;]<\/p>\n","protected":false},"author":5618,"featured_media":101047,"comment_status":"closed","ping_status":"closed","sticky":false,"template":"","format":"standard","meta":{"footnotes":""},"categories":[15,7],"tags":[2375],"class_list":{"0":"post-101042","1":"post","2":"type-post","3":"status-publish","4":"format-standard","5":"has-post-thumbnail","7":"category-destaques","8":"category-policia","9":"tag-prf-registra-nove-acidentes-no-periodo-do-carnaval-em-sergipe"},"_links":{"self":[{"href":"https:\/\/senoticias.com.br\/se\/wp-json\/wp\/v2\/posts\/101042"}],"collection":[{"href":"https:\/\/senoticias.com.br\/se\/wp-json\/wp\/v2\/posts"}],"about":[{"href":"https:\/\/senoticias.com.br\/se\/wp-json\/wp\/v2\/types\/post"}],"author":[{"embeddable":true,"href":"https:\/\/senoticias.com.br\/se\/wp-json\/wp\/v2\/users\/5618"}],"replies":[{"embeddable":true,"href":"https:\/\/senoticias.com.br\/se\/wp-json\/wp\/v2\/comments?post=101042"}],"version-history":[{"count":0,"href":"https:\/\/senoticias.com.br\/se\/wp-json\/wp\/v2\/posts\/101042\/revisions"}],"wp:featuredmedia":[{"embeddable":true,"href":"https:\/\/senoticias.com.br\/se\/wp-json\/wp\/v2\/media\/101047"}],"wp:attachment":[{"href":"https:\/\/senoticias.com.br\/se\/wp-json\/wp\/v2\/media?parent=101042"}],"wp:term":[{"taxonomy":"category","embeddable":true,"href":"https:\/\/senoticias.com.br\/se\/wp-json\/wp\/v2\/categories?post=101042"},{"taxonomy":"post_tag","embeddable":true,"href":"https:\/\/senoticias.com.br\/se\/wp-json\/wp\/v2\/tags?post=101042"}],"curies":[{"name":"wp","href":"https:\/\/api.w.org\/{rel}","templated":true}]}}