{"id":101038,"date":"2017-02-27T08:16:01","date_gmt":"2017-02-27T11:16:01","guid":{"rendered":"http:\/\/senoticias.com.br\/se\/?p=101038"},"modified":"2017-03-01T10:11:55","modified_gmt":"2017-03-01T13:11:55","slug":"17-detentos-fogem-do-copemcan-neste-domingo-de-carnaval","status":"publish","type":"post","link":"https:\/\/senoticias.com.br\/se\/17-detentos-fogem-do-copemcan-neste-domingo-de-carnaval\/","title":{"rendered":"17 detentos fogem do Pres\u00eddio de S\u00e3o Crist\u00f3v\u00e3o; veja a lista"},"content":{"rendered":"<p style=\"text-align: justify;\">A Secretaria de Justi\u00e7a e Defesa do Consumidor (Sejuc) divulgou nesta segunda-feira (27) a rela\u00e7\u00e3o dos 15 detentos que escaparam do Complexo Penitenci\u00e1rio Manoel Carvalho Neto (Copemcan), localizado no munic\u00edpio de S\u00e3o Crist\u00f3v\u00e3o (SE).<\/p>\n<div id=\"attachment_101077\" style=\"width: 609px\" class=\"wp-caption aligncenter\"><img loading=\"lazy\" decoding=\"async\" aria-describedby=\"caption-attachment-101077\" class=\"size-full wp-image-101077\" src=\"http:\/\/senoticias.com.br\/se\/wp-content\/uploads\/2017\/02\/FORAGIDOS-SENOTICIAS-e1488373702547.jpg\" alt=\"A lista com os nomes dos fugitivos do Complexo Penitenci\u00e1rio de S\u00e3o Crist\u00f3v\u00e3o, foi divulgada pela Sejuc. (Foto: Sejuc)\" width=\"599\" height=\"670\" \/><p id=\"caption-attachment-101077\" class=\"wp-caption-text\">A lista com os nomes dos fugitivos do Complexo Penitenci\u00e1rio de S\u00e3o Crist\u00f3v\u00e3o, foi divulgada pela Sejuc. (Foto: Sejuc)<\/p><\/div>\n<p style=\"text-align: justify;\">Segundo o presidente do Sindicato dos Agentes Penitenci\u00e1rios e Servidores da Sejuc (Sindpen), Luciano Nery, 17 detentos conseguiram fugir, dois foram recapturados, 15 continuam foragidos.<\/p>\n<p style=\"text-align: justify;\">\u201cA fuga ocorreu durante o banho de sol dos detentos, todas as guaritas est\u00e3o desativadas\u201d, afirma o presidente do Sindpen.<\/p>\n<p>Logo ap\u00f3s a constata\u00e7\u00e3o da ocorr\u00eancia dois acabaram recapturados, enquanto os demais tomaram destino ignorado.<\/p>\n<p><strong>Confira abaixo a \u00a0lista dos foragidos<\/strong><\/p>\n<p>&#8211; <em>Andr\u00e9 Jos\u00e9 das Neves dos Santos<\/em>, conhecido por &#8220;Gemio&#8221;, natural de Canind\u00e9 do S\u00e3o Francisco (SE);<\/p>\n<p>&#8211; <em>Jorge Luiz Santos Lima<\/em>, conhecido como &#8220;Jorginho&#8221;, natural de Nossa Senhora do Socorro (SE);<\/p>\n<p>&#8211; <em>Danilo Jorge Lima Nascimento<\/em>, conhecido por Danilo, natural de Aracaju (SE);<\/p>\n<p>&#8211; Carlos dos Santos Andrade, conhecido por &#8220;Andrade&#8221;, natural de Nossa Senhora das Dores (SE);<\/p>\n<p>&#8211; <em>Maycon Nunes da Silva<\/em>, conhecido por Zel\u00e3o, natural de Nossa Senhora do Socorro (SE);<\/p>\n<p>&#8211; <em>Raimundo Fagner da Silva Santos<\/em>, conhecido como &#8220;Leite Ninho&#8221; e &#8220;Achei&#8221;, &#8220;, natural de Nossa Senhora do Socorro (SE);<\/p>\n<p>&#8211; <em>Adolfo de Jesus Santana<\/em>, ou &#8220;Dofinho&#8221;, natural de Cristian\u00f3polis (GO);<\/p>\n<p>&#8211; <em>Adriano Santos da Silva<\/em>, conhecido por &#8220;Galeguinho&#8221;, natural de Aracaju (SE);<\/p>\n<p>&#8211; <em>Marcos de Oliveira Pinto<\/em>, conhecido como &#8220;Nom&#8221;, natural de Cristin\u00e1polis (SE);<\/p>\n<p>&#8211; <em>Nelson Ara\u00fajo J\u00fanior<\/em>, conhecido por Nelso, natural de Aracaju (SE);<\/p>\n<p>&#8211; <em>Carlos Roberto Santos da Paix\u00e3o<\/em>, conhecido por Carlos, natural de Aracaju (SE);<\/p>\n<p>&#8211; <em>Andr\u00e9 dos Reis Santos<\/em>, conhecido como &#8220;Wolverine&#8221; e &#8220;Bob&#8221;;<\/p>\n<p>&#8211; <em>Jucimar de Jesus Santos,<\/em> conhecido como &#8220;Cimar&#8221;, natural de Pedrinhas (SE);<\/p>\n<p>&#8211; <em>Felipe de Oliveira Silva<\/em>, conhecido por Felipe, natural de Nossa Senhora do Socorro (SE);<\/p>\n<p>&#8211; <em>Thiago Borges Santos<\/em><\/p>\n<p style=\"text-align: justify;\">\n<p style=\"text-align: justify;\"><img loading=\"lazy\" decoding=\"async\" class=\"aligncenter size-full wp-image-101024\" src=\"http:\/\/senoticias.com.br\/se\/wp-content\/uploads\/2017\/02\/Logo-fone-1-2-1-2-4-2.jpg\" alt=\"Logo-fone-1-2-1-2-4\" width=\"599\" height=\"78\" srcset=\"https:\/\/senoticias.com.br\/se\/wp-content\/uploads\/2017\/02\/Logo-fone-1-2-1-2-4-2.jpg 599w, https:\/\/senoticias.com.br\/se\/wp-content\/uploads\/2017\/02\/Logo-fone-1-2-1-2-4-2-300x39.jpg 300w\" sizes=\"(max-width: 599px) 100vw, 599px\" \/><\/p>\n<p style=\"text-align: justify;\"><em><strong>Acompanhe tamb\u00e9m o SE Not\u00edcias no <a href=\"https:\/\/twitter.com\/Senoticias\">Twitter<\/a>, <a href=\"https:\/\/www.facebook.com\/PortalSENoticias\/\">Facebook <\/a>e no <a href=\"https:\/\/www.instagram.com\/senoticias\/\">Instagram<\/a><\/strong><\/em><\/p>\n<p style=\"text-align: justify;\"><em>Informa\u00e7\u00f5es da Sejuc<\/em><\/p>\n","protected":false},"excerpt":{"rendered":"<p>A Secretaria de Justi\u00e7a e Defesa do Consumidor (Sejuc) divulgou nesta segunda-feira (27) a rela\u00e7\u00e3o dos 15 detentos que escaparam do Complexo Penitenci\u00e1rio Manoel Carvalho Neto (Copemcan), localizado no munic\u00edpio de S\u00e3o Crist\u00f3v\u00e3o (SE). Segundo o presidente do Sindicato dos Agentes Penitenci\u00e1rios e Servidores da Sejuc (Sindpen), Luciano Nery, 17 detentos conseguiram fugir, dois foram [&hellip;]<\/p>\n","protected":false},"author":2,"featured_media":101077,"comment_status":"closed","ping_status":"closed","sticky":false,"template":"","format":"standard","meta":{"footnotes":""},"categories":[15,7],"tags":[],"class_list":{"0":"post-101038","1":"post","2":"type-post","3":"status-publish","4":"format-standard","5":"has-post-thumbnail","7":"category-destaques","8":"category-policia"},"_links":{"self":[{"href":"https:\/\/senoticias.com.br\/se\/wp-json\/wp\/v2\/posts\/101038"}],"collection":[{"href":"https:\/\/senoticias.com.br\/se\/wp-json\/wp\/v2\/posts"}],"about":[{"href":"https:\/\/senoticias.com.br\/se\/wp-json\/wp\/v2\/types\/post"}],"author":[{"embeddable":true,"href":"https:\/\/senoticias.com.br\/se\/wp-json\/wp\/v2\/users\/2"}],"replies":[{"embeddable":true,"href":"https:\/\/senoticias.com.br\/se\/wp-json\/wp\/v2\/comments?post=101038"}],"version-history":[{"count":0,"href":"https:\/\/senoticias.com.br\/se\/wp-json\/wp\/v2\/posts\/101038\/revisions"}],"wp:featuredmedia":[{"embeddable":true,"href":"https:\/\/senoticias.com.br\/se\/wp-json\/wp\/v2\/media\/101077"}],"wp:attachment":[{"href":"https:\/\/senoticias.com.br\/se\/wp-json\/wp\/v2\/media?parent=101038"}],"wp:term":[{"taxonomy":"category","embeddable":true,"href":"https:\/\/senoticias.com.br\/se\/wp-json\/wp\/v2\/categories?post=101038"},{"taxonomy":"post_tag","embeddable":true,"href":"https:\/\/senoticias.com.br\/se\/wp-json\/wp\/v2\/tags?post=101038"}],"curies":[{"name":"wp","href":"https:\/\/api.w.org\/{rel}","templated":true}]}}