{"id":101035,"date":"2017-02-26T20:45:26","date_gmt":"2017-02-26T23:45:26","guid":{"rendered":"http:\/\/senoticias.com.br\/se\/?p=101035"},"modified":"2017-03-01T08:28:40","modified_gmt":"2017-03-01T11:28:40","slug":"confira-as-fotos-do-1o-dia-do-carnaval-dos-carnavais-de-sao-cristovao","status":"publish","type":"post","link":"https:\/\/senoticias.com.br\/se\/confira-as-fotos-do-1o-dia-do-carnaval-dos-carnavais-de-sao-cristovao\/","title":{"rendered":"Confira as fotos do 1\u00ba Dia do Carnaval dos Carnavais de S\u00e3o Crist\u00f3v\u00e3o"},"content":{"rendered":"<p style=\"text-align: justify;\">O primeiro dia do Carnaval dos Carnavais de S\u00e3o Crist\u00f3v\u00e3o, foi de muito frevo e anima\u00e7\u00e3o. As bandinhas de frevo\u00a0que fizeram a festa neste domingo, 26, atra\u00edram foli\u00f5es de todas as idades.<\/p>\n<p style=\"text-align: justify;\">O Bloco Sa\u00fade e Preven\u00e7\u00e3o levou alegria e tradi\u00e7\u00e3o aos foli\u00f5es sancristovenses e turistas no domingo de Carnaval, 26. Os tradicionais bonecos gigantes, que homenageiam personalidades da cultura local, tamb\u00e9m fizeram a festa, que contou ainda com a participa\u00e7\u00e3o de grupos folcl\u00f3ricos do munic\u00edpio. A mistura fez a felicidade dos \u201cbrincantes\u201d, embalados pelas marchinhas carnavalescas que permanecem vivas<span class=\"text_exposed_show\"> no imagin\u00e1rio popular.<\/span><\/p>\n<p>O prefeito de S\u00e3o Crist\u00f3v\u00e3o, Marcos Santana, estava entre os foli\u00f5es do Bloco e disse &#8220;estar agradecido por poder compartilhar da alegria coletiva que o Carnaval proporciona, pois \u00e9 uma festa que demonstra a for\u00e7a da tradi\u00e7\u00e3o popular.<\/p>\n<div id=\"attachment_101036\" style=\"width: 609px\" class=\"wp-caption aligncenter\"><img loading=\"lazy\" decoding=\"async\" aria-describedby=\"caption-attachment-101036\" class=\"size-full wp-image-101036\" src=\"http:\/\/senoticias.com.br\/se\/wp-content\/uploads\/2017\/02\/IMG_2210-e1488151261920.jpg\" alt=\"Bonecos gigantes fazem a festa do Carnaval dos Carnavais em S\u00e3o Crist\u00f3v\u00e3o. (Foto: SE Not\u00edcias)\" width=\"599\" height=\"399\" \/><p id=\"caption-attachment-101036\" class=\"wp-caption-text\">Bonecos gigantes fazem a festa do Carnaval dos Carnavais em S\u00e3o Crist\u00f3v\u00e3o. (Foto: SE Not\u00edcias)<\/p><\/div>\n<p><strong>Preven\u00e7\u00e3o<\/strong><\/p>\n<p style=\"text-align: justify;\">Alertando durante a folia, o bloco ofereceu aos cidad\u00e3os cuidados espec\u00edficos para a festa momesca, refor\u00e7ando os cuidados contra as doen\u00e7as sexualmente transmiss\u00edveis, como a Aids. &#8220;Al\u00e9m do bloco aqui no Centro Hist\u00f3rico, fizemos um trabalho educativo no Conjunto Eduardo Gomes, no Grande Rosa Elze, e na Bica dos Pintos. Refor\u00e7amos a import\u00e2ncia de brincar o Carnaval, mas tendo um cuidado especial com a sa\u00fade. A preven\u00e7\u00e3o ainda \u00e9 a melhor alternativa\u201d, alertou a secret\u00e1ria municipal de Sa\u00fade, Jo\u00e9lia Santos.<\/p>\n<p style=\"text-align: justify;\"><strong>Protagonismo<\/strong><\/p>\n<p style=\"text-align: justify;\">Pela felicidade da popula\u00e7\u00e3o sancristovense e dos turistas que se mostraram contagiados pela magia da festa, o evento foi um verdadeiro momento de apropria\u00e7\u00e3o do povo. \u201cO Carnaval em S\u00e3o Crist\u00f3v\u00e3o foi excelente, pois se mostrou uma verdadeira festa de rua, mas com toda a seguran\u00e7a e comodidade que merecemos\u201d, disse o aposentado Ant\u00f4nio Fernando Santos. \u201cSempre ouvi falar da tradi\u00e7\u00e3o hist\u00f3rica e da cultura daqui e estou comprovando, pelo Carnaval, que de fato s\u00e3o ricas&#8221; observou a professora baiana, Maria das Gra\u00e7as Silva.<\/p>\n<p style=\"text-align: justify;\">O presidente da Funda\u00e7\u00e3o Municipal de Cultura e Turismo Jo\u00e3o Bebe \u00c1gua, Gaspeu Fontes, resumiu a import\u00e2ncia da festa. &#8220;Carnaval \u00e9 isso, as pessoas nas ruas fazendo acontecer. A popula\u00e7\u00e3o foi a grande protagonista\u201d.<\/p>\n<p><a href=\"https:\/\/www.facebook.com\/senoticias1\/?ref=aymt_homepage_panel\"><strong>CLIQUE AQUI E CONFIRA 130 FOTOS DO 1\u00b0 DIA<\/strong><\/a><\/p>\n<p><strong>Programa\u00e7\u00e3o segue nesta segunda-feira, 27<\/strong><\/p>\n<p>11h \u2013 S\u00f3 Dar N\u00f3s.<br \/>\n16h \u2013 Burundanga Percussivo.<br \/>\n17h \u2013 Bloco Filhos de Deus.<\/p>\n<p>&nbsp;<\/p>\n<p>Bica dos Pintos \u2013 a festa acontecer\u00e1 dentro do pr\u00f3prio local com bandinhas de frevo, das 13h \u00e0s 17h30.<\/p>\n<p><img loading=\"lazy\" decoding=\"async\" class=\"aligncenter size-full wp-image-101024\" src=\"http:\/\/senoticias.com.br\/se\/wp-content\/uploads\/2017\/02\/Logo-fone-1-2-1-2-4-2.jpg\" alt=\"Logo-fone-1-2-1-2-4\" width=\"599\" height=\"78\" srcset=\"https:\/\/senoticias.com.br\/se\/wp-content\/uploads\/2017\/02\/Logo-fone-1-2-1-2-4-2.jpg 599w, https:\/\/senoticias.com.br\/se\/wp-content\/uploads\/2017\/02\/Logo-fone-1-2-1-2-4-2-300x39.jpg 300w\" sizes=\"(max-width: 599px) 100vw, 599px\" \/><\/p>\n<p><em><strong>Acompanhe tamb\u00e9m o SE Not\u00edcias no <a href=\"https:\/\/twitter.com\/Senoticias\">Twitter<\/a>, <a href=\"https:\/\/www.facebook.com\/PortalSENoticias\/\">Facebook <\/a>e no <a href=\"https:\/\/www.instagram.com\/senoticias\/\">Instagram<\/a><\/strong><\/em><\/p>\n<p>Alterada \u00e0s 15h, para acr\u00e9scimo de informa\u00e7\u00f5es da mat\u00e9ria da Ascom\/PMSC<\/p>\n<p>&nbsp;<\/p>\n","protected":false},"excerpt":{"rendered":"<p>O primeiro dia do Carnaval dos Carnavais de S\u00e3o Crist\u00f3v\u00e3o, foi de muito frevo e anima\u00e7\u00e3o. As bandinhas de frevo\u00a0que fizeram a festa neste domingo, 26, atra\u00edram foli\u00f5es de todas as idades. O Bloco Sa\u00fade e Preven\u00e7\u00e3o levou alegria e tradi\u00e7\u00e3o aos foli\u00f5es sancristovenses e turistas no domingo de Carnaval, 26. Os tradicionais bonecos gigantes, [&hellip;]<\/p>\n","protected":false},"author":2,"featured_media":101036,"comment_status":"closed","ping_status":"closed","sticky":false,"template":"","format":"standard","meta":{"footnotes":""},"categories":[2307,38],"tags":[2379,2378,2377],"class_list":{"0":"post-101035","1":"post","2":"type-post","3":"status-publish","4":"format-standard","5":"has-post-thumbnail","7":"category-carnaval-2017","8":"category-municipios","9":"tag-bonecos-gigantes","10":"tag-carnaval-de-sao-cristovao","11":"tag-carnaval-dos-carnavais"},"_links":{"self":[{"href":"https:\/\/senoticias.com.br\/se\/wp-json\/wp\/v2\/posts\/101035"}],"collection":[{"href":"https:\/\/senoticias.com.br\/se\/wp-json\/wp\/v2\/posts"}],"about":[{"href":"https:\/\/senoticias.com.br\/se\/wp-json\/wp\/v2\/types\/post"}],"author":[{"embeddable":true,"href":"https:\/\/senoticias.com.br\/se\/wp-json\/wp\/v2\/users\/2"}],"replies":[{"embeddable":true,"href":"https:\/\/senoticias.com.br\/se\/wp-json\/wp\/v2\/comments?post=101035"}],"version-history":[{"count":0,"href":"https:\/\/senoticias.com.br\/se\/wp-json\/wp\/v2\/posts\/101035\/revisions"}],"wp:featuredmedia":[{"embeddable":true,"href":"https:\/\/senoticias.com.br\/se\/wp-json\/wp\/v2\/media\/101036"}],"wp:attachment":[{"href":"https:\/\/senoticias.com.br\/se\/wp-json\/wp\/v2\/media?parent=101035"}],"wp:term":[{"taxonomy":"category","embeddable":true,"href":"https:\/\/senoticias.com.br\/se\/wp-json\/wp\/v2\/categories?post=101035"},{"taxonomy":"post_tag","embeddable":true,"href":"https:\/\/senoticias.com.br\/se\/wp-json\/wp\/v2\/tags?post=101035"}],"curies":[{"name":"wp","href":"https:\/\/api.w.org\/{rel}","templated":true}]}}