{"id":101030,"date":"2017-02-26T08:13:15","date_gmt":"2017-02-26T11:13:15","guid":{"rendered":"http:\/\/senoticias.com.br\/se\/?p=101030"},"modified":"2017-02-27T14:19:40","modified_gmt":"2017-02-27T17:19:40","slug":"andre-moura-ofereceu-publicidade-estatal-a-aliados-de-temer","status":"publish","type":"post","link":"https:\/\/senoticias.com.br\/se\/andre-moura-ofereceu-publicidade-estatal-a-aliados-de-temer\/","title":{"rendered":"Andr\u00e9 Moura ofereceu publicidade estatal a aliados de Temer"},"content":{"rendered":"<p style=\"text-align: justify;\">O ex-l\u00edder do governo na C\u00e2mara, Andr\u00e9 Moura (PSC-SE), pediu a deputados da base aliada de Michel Temer que indicassem ve\u00edculos de comunica\u00e7\u00e3o para receber campanhas publicit\u00e1rias pagas pelo Pal\u00e1cio do Planalto. Em conversas no Congresso e dentro da lideran\u00e7a do governo, Moura pediu aos colegas uma lista de ve\u00edculos de comunica\u00e7\u00e3o \u2013 especificamente esta\u00e7\u00f5es de r\u00e1dio e TV locais \u2013 que n\u00e3o estavam recebendo verba de propaganda institucional, sugerindo que o governo deveria refor\u00e7ar sua comunica\u00e7\u00e3o para defender a aprova\u00e7\u00e3o da reforma da Previd\u00eancia. Em uma das reuni\u00f5es, segundo relato de um parlamentar, o l\u00edder pediu que cada deputado enviasse uma rela\u00e7\u00e3o de cinco emissoras que poderiam passar a veicular as campanhas publicit\u00e1rias.<\/p>\n<div id=\"attachment_101031\" style=\"width: 570px\" class=\"wp-caption aligncenter\"><img loading=\"lazy\" decoding=\"async\" aria-describedby=\"caption-attachment-101031\" class=\"size-full wp-image-101031\" src=\"http:\/\/senoticias.com.br\/se\/wp-content\/uploads\/2017\/02\/Andre-Moura-SENOTICIAS.jpg\" alt=\"O l\u00edder do governo na C\u00e2mara dos Deputados, Andr\u00e9 Moura (Foto: Wilson Dias\/Ag\u00eancia Brasil)\" width=\"560\" height=\"350\" srcset=\"https:\/\/senoticias.com.br\/se\/wp-content\/uploads\/2017\/02\/Andre-Moura-SENOTICIAS.jpg 560w, https:\/\/senoticias.com.br\/se\/wp-content\/uploads\/2017\/02\/Andre-Moura-SENOTICIAS-300x188.jpg 300w, https:\/\/senoticias.com.br\/se\/wp-content\/uploads\/2017\/02\/Andre-Moura-SENOTICIAS-120x76.jpg 120w, https:\/\/senoticias.com.br\/se\/wp-content\/uploads\/2017\/02\/Andre-Moura-SENOTICIAS-308x192.jpg 308w\" sizes=\"(max-width: 560px) 100vw, 560px\" \/><p id=\"caption-attachment-101031\" class=\"wp-caption-text\">O ex-l\u00edder do governo na C\u00e2mara dos Deputados, Andr\u00e9 Moura (Foto: Wilson Dias\/Ag\u00eancia Brasil)<\/p><\/div>\n<p style=\"text-align: justify;\">De acordo com participantes dessa reuni\u00e3o, ocorrida nos \u00faltimos dias, Moura solicitou que os parlamentares enviassem para um de seus assessores a lista de ve\u00edculos. Em seguida, afirmou que pretendia levar a lista ao Pal\u00e1cio do Planalto para recomendar o refor\u00e7o na comunica\u00e7\u00e3o. Os deputados contatados pelo l\u00edder fazem parte da base aliada de Temer e s\u00f3 aceitaram confirmar o relato sob condi\u00e7\u00e3o de anonimato.<\/p>\n<p style=\"text-align: justify;\">Temer foi informado por auxiliares na quarta-feira (22) de que a movimenta\u00e7\u00e3o de Moura amea\u00e7ava se tornar p\u00fablica. O presidente, de fato, tem plano de intensificar a propaganda da reforma da Previd\u00eancia em ve\u00edculos de comunica\u00e7\u00e3o nos estados, mas considerou as a\u00e7\u00f5es de seu l\u00edder do governo desastradas. O peemedebista foi alertado de que o epis\u00f3dio tinha potencial para dar origem a uma crise dentro de seu governo, o que precipitou a queda de Moura da lideran\u00e7a do governo na C\u00e2mara. Ele deve ser substitu\u00eddo por Aguinaldo Ribeiro, do PP da Para\u00edba. No l\u00e9xico de Bras\u00edlia, a partilha indireta de verba p\u00fablica \u00e0 base aliada \u00e9 interpretada como um movimento de fideliza\u00e7\u00e3o de parlamentares com recursos do governo, algo com o mesmo DNA do mensal\u00e3o. Na pr\u00e1tica, Moura ofereceu um direcionamento de verba publicit\u00e1ria exatamente a deputados que formam a linha de frente da campanha pela aprova\u00e7\u00e3o da reforma da Previd\u00eancia \u2013 prioridade do Pal\u00e1cio do Planalto.<\/p>\n<p style=\"text-align: justify;\">A \u00c9POCA, Moura negou veementemente que tenha oferecido ou distribu\u00eddo aos deputados qualquer divis\u00e3o de verba publicit\u00e1ria do governo, ou o direito de indicar ve\u00edculos de comunica\u00e7\u00e3o que poderiam receber esse dinheiro. \u201cOs parlamentares reclamaram, em reuni\u00e3o com o pr\u00f3prio presidente Michel Temer, que a comunica\u00e7\u00e3o do governo sobre a reforma da Previd\u00eancia tinha problemas, e cobraram que essa comunica\u00e7\u00e3o fosse mais presente. Como l\u00edder do governo, eu tenho a obriga\u00e7\u00e3o de tentar resolver esse problema. Perguntei quais ve\u00edculos eles julgavam importantes e n\u00e3o recebiam as campanhas do governo, que poderiam esclarecer a proposta de reforma para a popula\u00e7\u00e3o\u201d, declarou.<\/p>\n<p style=\"text-align: justify;\">O l\u00edder do governo disse que \u201cjamais prop\u00f4s que cada parlamentar tenha uma fatia de verba para distribuir\u201d para emissoras. \u201cDuvido que algu\u00e9m tenha afirmado isso. Se algum deputado disse, faltou com a verdade, e desafio qualquer um a provar\u201d, afirmou. \u201cN\u00e3o houve reuni\u00e3o, n\u00e3o houve distribui\u00e7\u00e3o de verbas e nem valores. E n\u00e3o h\u00e1 direcionamento pol\u00edtico da verba publicit\u00e1ria, porque o governo tem um planejamento de comunica\u00e7\u00e3o, mas ele precisa chegar \u2018na ponta\u2019 com efici\u00eancia\u201d, completou. Moura declarou ainda que nenhum parlamentar teve o \u201cdireito de indicar\u201d ve\u00edculos para receber publicidade. \u201cFiz a solicita\u00e7\u00e3o aos deputados e faria quantas vezes fosse necess\u00e1rio. Era uma reclama\u00e7\u00e3o da base e minha obriga\u00e7\u00e3o era passar uma radiografia ao governo\u201d, disse.<\/p>\n<p style=\"text-align: justify;\">Deputados relataram que j\u00e1 haviam discutido com o ministro Moreira Franco (Secretaria-Geral) a necessidade de ampliar as despesas de publicidade do governo para defender as reformas econ\u00f4micas, mas ressalvaram que o Planalto jamais pediu a indica\u00e7\u00e3o de ve\u00edculos \u201cde forma t\u00e3o pessoal\u201d.<\/p>\n<p style=\"text-align: justify;\">O deputado Carlos Marun, do PMDB de Mato Grosso do Sul, disse que Moura o procurou individualmente, h\u00e1 cerca de dez dias, com o pedido de indica\u00e7\u00f5es de ve\u00edculos de comunica\u00e7\u00e3o de seu estado que poderiam receber um refor\u00e7o de campanhas publicit\u00e1rias, mas afirmou que \u201cn\u00e3o houve nenhuma conversa n\u00e3o republicana\u201d. \u201cApenas pedi que meu gabinete enviasse \u00e0 lideran\u00e7a do governo uma lista de quase 60 ve\u00edculos que eu reputo importantes\u201d, declarou.<\/p>\n<p style=\"text-align: justify;\">A participa\u00e7\u00e3o de deputados no direcionamento de verba publicit\u00e1ria do governo tem potencial para beneficiar diretamente os pr\u00f3prios parlamentares. Estudos feitos na \u00faltima d\u00e9cada por organiza\u00e7\u00f5es n\u00e3o governamentais d\u00e3o conta de que ao menos 40 deputados s\u00e3o s\u00f3cios de ve\u00edculos de emissoras de r\u00e1dio e TV pelo Brasil.<\/p>\n<p style=\"text-align: justify;\">A Secretaria de Comunica\u00e7\u00e3o do Pal\u00e1cio do Planalto informou que a aloca\u00e7\u00e3o de verba publicit\u00e1ria do governo ser\u00e1 definida por crit\u00e9rios t\u00e9cnicos, seguindo a l\u00f3gica da audi\u00eancia de cada ve\u00edculo. As emissoras cadastradas e em situa\u00e7\u00e3o regular poder\u00e3o receber contratos de propaganda do governo.<\/p>\n<p style=\"text-align: justify;\"><img loading=\"lazy\" decoding=\"async\" class=\"aligncenter size-full wp-image-101024\" src=\"http:\/\/senoticias.com.br\/se\/wp-content\/uploads\/2017\/02\/Logo-fone-1-2-1-2-4-2.jpg\" alt=\"Logo-fone-1-2-1-2-4\" width=\"599\" height=\"78\" srcset=\"https:\/\/senoticias.com.br\/se\/wp-content\/uploads\/2017\/02\/Logo-fone-1-2-1-2-4-2.jpg 599w, https:\/\/senoticias.com.br\/se\/wp-content\/uploads\/2017\/02\/Logo-fone-1-2-1-2-4-2-300x39.jpg 300w\" sizes=\"(max-width: 599px) 100vw, 599px\" \/><\/p>\n<p style=\"text-align: justify;\"><em><strong>Acompanhe tamb\u00e9m o SE Not\u00edcias no <a href=\"https:\/\/twitter.com\/Senoticias\">Twitter<\/a>, <a href=\"https:\/\/www.facebook.com\/PortalSENoticias\/\">Facebook <\/a>e no <a href=\"https:\/\/www.instagram.com\/senoticias\/\">Instagram<\/a><\/strong><\/em><\/p>\n<p style=\"text-align: justify;\"><em>Mat\u00e9ria extra\u00edda da <a href=\"http:\/\/epoca.globo.com\/politica\/noticia\/2017\/02\/lider-do-governo-oferece-publicidade-estatal-aliados-de-temer.html\">Revista<\/a> \u00c9poca<\/em><\/p>\n","protected":false},"excerpt":{"rendered":"<p>O ex-l\u00edder do governo na C\u00e2mara, Andr\u00e9 Moura (PSC-SE), pediu a deputados da base aliada de Michel Temer que indicassem ve\u00edculos de comunica\u00e7\u00e3o para receber campanhas publicit\u00e1rias pagas pelo Pal\u00e1cio do Planalto. Em conversas no Congresso e dentro da lideran\u00e7a do governo, Moura pediu aos colegas uma lista de ve\u00edculos de comunica\u00e7\u00e3o \u2013 especificamente esta\u00e7\u00f5es [&hellip;]<\/p>\n","protected":false},"author":2,"featured_media":101031,"comment_status":"closed","ping_status":"closed","sticky":false,"template":"","format":"standard","meta":{"footnotes":""},"categories":[6],"tags":[772,2374,899,2373],"class_list":{"0":"post-101030","1":"post","2":"type-post","3":"status-publish","4":"format-standard","5":"has-post-thumbnail","7":"category-politica","8":"tag-andre-moura","9":"tag-andre-moura-ofereceu-publicidade","10":"tag-camara-dos-deputados","11":"tag-ex-lider-andre-moura"},"_links":{"self":[{"href":"https:\/\/senoticias.com.br\/se\/wp-json\/wp\/v2\/posts\/101030"}],"collection":[{"href":"https:\/\/senoticias.com.br\/se\/wp-json\/wp\/v2\/posts"}],"about":[{"href":"https:\/\/senoticias.com.br\/se\/wp-json\/wp\/v2\/types\/post"}],"author":[{"embeddable":true,"href":"https:\/\/senoticias.com.br\/se\/wp-json\/wp\/v2\/users\/2"}],"replies":[{"embeddable":true,"href":"https:\/\/senoticias.com.br\/se\/wp-json\/wp\/v2\/comments?post=101030"}],"version-history":[{"count":0,"href":"https:\/\/senoticias.com.br\/se\/wp-json\/wp\/v2\/posts\/101030\/revisions"}],"wp:featuredmedia":[{"embeddable":true,"href":"https:\/\/senoticias.com.br\/se\/wp-json\/wp\/v2\/media\/101031"}],"wp:attachment":[{"href":"https:\/\/senoticias.com.br\/se\/wp-json\/wp\/v2\/media?parent=101030"}],"wp:term":[{"taxonomy":"category","embeddable":true,"href":"https:\/\/senoticias.com.br\/se\/wp-json\/wp\/v2\/categories?post=101030"},{"taxonomy":"post_tag","embeddable":true,"href":"https:\/\/senoticias.com.br\/se\/wp-json\/wp\/v2\/tags?post=101030"}],"curies":[{"name":"wp","href":"https:\/\/api.w.org\/{rel}","templated":true}]}}