{"id":101028,"date":"2017-02-25T15:14:58","date_gmt":"2017-02-25T18:14:58","guid":{"rendered":"http:\/\/senoticias.com.br\/se\/?p=101028"},"modified":"2017-02-27T13:27:18","modified_gmt":"2017-02-27T16:27:18","slug":"temer-ignora-13-milhoes-de-desempregados-e-diz-que-recessao-acabou","status":"publish","type":"post","link":"https:\/\/senoticias.com.br\/se\/temer-ignora-13-milhoes-de-desempregados-e-diz-que-recessao-acabou\/","title":{"rendered":"Temer ignora 13 milh\u00f5es de desempregados e diz que \u201cRECESS\u00c3O ACABOU\u201d"},"content":{"rendered":"<p style=\"text-align: justify;\"><strong>Por Dayane Santos, do <a href=\"http:\/\/www.vermelho.org.br\/noticia\/293731-1\" target=\"_blank\">Portal Vermelho<\/a> &#8211;<\/strong> Com desemprego recorde de 12,9 milh\u00f5es de brasileiros, Michel Temer (PMDB) afirmou nesta sexta-feira (23), em v\u00eddeo que circula nas redes sociais, que a &#8220;recess\u00e3o terminou&#8221;.<\/p>\n<div id=\"attachment_100050\" style=\"width: 609px\" class=\"wp-caption aligncenter\"><a href=\"http:\/\/senoticias.com.br\/se\/wp-content\/uploads\/2017\/01\/SENot\u00edcias-189599.jpg\"><img loading=\"lazy\" decoding=\"async\" aria-describedby=\"caption-attachment-100050\" class=\"size-full wp-image-100050\" src=\"http:\/\/senoticias.com.br\/se\/wp-content\/uploads\/2017\/01\/SENot\u00edcias-189599.jpg\" alt=\"Presidente Michel Temer (Foto: Francisco Beto Barata\/PR) \" width=\"599\" height=\"399\" srcset=\"https:\/\/senoticias.com.br\/se\/wp-content\/uploads\/2017\/01\/SENot\u00edcias-189599.jpg 599w, https:\/\/senoticias.com.br\/se\/wp-content\/uploads\/2017\/01\/SENot\u00edcias-189599-300x200.jpg 300w, https:\/\/senoticias.com.br\/se\/wp-content\/uploads\/2017\/01\/SENot\u00edcias-189599-90x60.jpg 90w, https:\/\/senoticias.com.br\/se\/wp-content\/uploads\/2017\/01\/SENot\u00edcias-189599-180x120.jpg 180w, https:\/\/senoticias.com.br\/se\/wp-content\/uploads\/2017\/01\/SENot\u00edcias-189599-95x64.jpg 95w\" sizes=\"(max-width: 599px) 100vw, 599px\" \/><\/a><p id=\"caption-attachment-100050\" class=\"wp-caption-text\">Presidente Michel Temer (Foto: Francisco Beto Barata\/PR)<\/p><\/div>\n<p style=\"text-align: justify;\">&#8220;N\u00f3s eliminamos a recess\u00e3o, agora vamos para o crescimento e o desenvolvimento desse pa\u00eds. O Brasil tem rumo&#8221;, disse, em um v\u00eddeo de pouco mais de dois minutos, com anima\u00e7\u00e3o gr\u00e1fica e trilha sonora de filme de a\u00e7\u00e3o.<\/p>\n<p style=\"text-align: justify;\">Para tentar sustentar essa afirma\u00e7\u00e3o digna de quem n\u00e3o est\u00e1 nem a\u00ed com a realidade, Temer disse que a queda da infla\u00e7\u00e3o e a diminui\u00e7\u00e3o dos juros sinalizam a retomada do crescimento da economia do pa\u00eds que j\u00e1 eliminou a recess\u00e3o.<\/p>\n<p style=\"text-align: justify;\">Temer afirma que a infla\u00e7\u00e3o encerrou 2015 acima de 10% e que j\u00e1 fechou 2016 em 6,29%. &#8220;E agora, neste m\u00eas de janeiro e no m\u00eas de fevereiro, foram os meses de baix\u00edssima infla\u00e7\u00e3o, praticamente h\u00e1 anos e muitos anos que a infla\u00e7\u00e3o n\u00e3o se reduz aos percentuais de janeiro e fevereiro. Qual \u00e9 o significado disso? O significado \u00e9 a restaura\u00e7\u00e3o da confian\u00e7a e da credibilidade no pa\u00eds&#8221;, disse.<\/p>\n<p style=\"text-align: justify;\">Esse tem sido o discurso da equipe econ\u00f4mica do governo. O ministro da Fazenda Henrique Meirelles tamb\u00e9m adotou o mesmo discurso de que a recess\u00e3o acabou e o Brasil entrou na rota do crescimento econ\u00f4mico.<\/p>\n<p style=\"text-align: justify;\">Mas a realidade \u00e9 bem diferente. O pa\u00eds vive a mais profunda recess\u00e3o da hist\u00f3ria, com queda do Produto Interno Bruto (PIB), desemprego crescente, queda da renda e do cr\u00e9dito. Para economistas, o governo Temer quer transformar uma recupera\u00e7\u00e3o c\u00edclica da economia em &#8220;fim da recess\u00e3o&#8221;.<\/p>\n<p style=\"text-align: justify;\">A imprensa, que apoiou o golpe, endossa o discurso da equipe econ\u00f4mica de Temer e diz, por exemplo, qiue a economai est\u00e1 melhorando porque os juros est\u00e3o caindo. De fato, os juros nominais est\u00e3o caindo, mas os juros reais continuam a subir e supera a infla\u00e7\u00e3o.<\/p>\n<p style=\"text-align: justify;\">Em entrevista ao programa Melhor e mais justo, da TVT, Guilherme Santos Mello, professor do Instituto de Economia da Unicamp, afirma: &#8220;A retomada depende de investimento e n\u00e3o haver\u00e1 investimentos no curto prazo. O m\u00e1ximo que teremos \u00e9 uma recupera\u00e7\u00e3o c\u00edclica, muito t\u00edmida que vai, no m\u00e1ximo, estabilizar a atividade no n\u00edvel atual&#8221;.<\/p>\n<p style=\"text-align: justify;\">Guilherme enfatiza que h\u00e1 uma diferen\u00e7a muito grande entre recupera\u00e7\u00e3o c\u00edclica da economia e retomada do crescimento. Ele explica que a economia geralmente caminha por ciclos e a economia brasileira vive um ciclo recessivo que se transformou em depress\u00e3o econ\u00f4mica. &#8220;\u00c9 a maior quedo do PIB da hist\u00f3ria do pa\u00eds e os dados mostram que n\u00e3o somente \u00e9 a queda mais profunda, mas tamb\u00e9m a mais duradoura, com dois anos seguidos de crescimento negativo e uma perspectiva de um terceiro ano de crescimento zero ou at\u00e9 negativo. N\u00e3o tem paralelo na hist\u00f3ria do Brasil&#8221;, aponta.<\/p>\n<p style=\"text-align: justify;\">Ele explica que a recupera\u00e7\u00e3o c\u00edclica \u00e9 um efeito da pr\u00f3pria economia que, depois de um ciclo da grande queda, cria estabilizadores econ\u00f4micos por conta do n\u00edvel baixo da produ\u00e7\u00e3o. Nesse momento, para sair do quadro recessivo, os empres\u00e1rios e consumidores voltam a gastar um pouco e a economia para de cair.<\/p>\n<p style=\"text-align: justify;\">&#8220;O contr\u00e1rio disso seria a retomada de crescimento econ\u00f4mico. Para isso \u00e9 preciso haver investimento, inova\u00e7\u00e3o, uma grande cria\u00e7\u00e3o de empregos, aumento da renda, do cr\u00e9dito e da produtividade. Esses fatores est\u00e3o t\u00e3o longe da realidade atual que chega a parecer um pouco ris\u00edvel as declara\u00e7\u00f5es do ministro da Fazenda. Basta ver os dados do emprego, da produ\u00e7\u00e3o&#8221;, pontua Guilherme.<\/p>\n<p style=\"text-align: justify;\">Ele cita como exemplo os dados da capacidade ociosa da ind\u00fastria. De acordo com a CNI (Confedera\u00e7\u00e3o Nacional da Ind\u00fastria), o n\u00edvel de utiliza\u00e7\u00e3o da capacidade instalada ficou em 63% em janeiro.<\/p>\n<p style=\"text-align: justify;\">&#8220;A ind\u00fastria est\u00e1 com uma elevad\u00edssima capacidade ociosa. Onde o empres\u00e1rio vai investir para aumentar a sua capacidade produtiva se ele tem um monte de m\u00e1quinas paradas? Obviamente n\u00e3o vai&#8221;, disse.<\/p>\n<p style=\"text-align: justify;\">Os indicadores de mercado de trabalho evidenciam a piora na gera\u00e7\u00e3o de empregos. Nesta sexta-feira (23), foram divulgados os dados sobre o mercado de trabalho no trimestre encerrado em janeiro. A taxa de desemprego atingiu novo recorde, de 12,6%, e o n\u00famero de desempregados chegou a 12,9 milh\u00f5es.<\/p>\n<p style=\"text-align: justify;\">No post do Portal Brasil, no Facebook, o governo afirma que as reformas e medidas fundamentais \u2013 como o ajuste fiscal que congela os investimento p\u00fablicos por 20 anos &#8211; &#8220;recolocam o Brasil novamente nos trilhos do desenvolvimento&#8221;.<\/p>\n<p style=\"text-align: justify;\">Para Guilherme, \u00e9 mais uma contradi\u00e7\u00e3o da pol\u00edtica econ\u00f4mica do governo Temer, pois com o corte dos gastos e investimentos, associado ao aumento do desemprego, eleva a demanda da popula\u00e7\u00e3o pelos servi\u00e7os p\u00fablicos.<\/p>\n<p style=\"text-align: justify;\">&#8220;Os servi\u00e7os p\u00fablicos est\u00e3o se deteriorando cada vez mais porque as pessoas desempregadas passam a depender cada vez mais do setor e dos servi\u00e7os p\u00fablicos. Com a PEC 55 [agora Emenda Constitucional 95] e toda essa discuss\u00e3o da austeridade, com corte no or\u00e7amento da sa\u00fade, educa\u00e7\u00e3o, limita\u00e7\u00e3o na Previd\u00eancia no momento em que as pessoas mais precisam, a crise econ\u00f4mica come\u00e7a a dar ares de crise social&#8221;, acrescentou.<\/p>\n<p style=\"line-height: 14.25pt; text-align: justify;\"><strong><span style=\"font-size: 10.0pt; font-family: 'Georgia','serif'; color: #333333;\">Acompanhe tamb\u00e9m o SE Not\u00edcias no<\/span><\/strong><span class=\"apple-converted-space\"><b><span style=\"font-size: 10.0pt; font-family: 'Georgia','serif'; color: #333333;\">\u00a0<\/span><\/b><\/span><a href=\"https:\/\/twitter.com\/Senoticias\" target=\"_blank\"><b><span style=\"font-size: 10.0pt; font-family: 'Georgia','serif';\">Twitter<\/span><\/b><\/a><strong><span style=\"font-size: 10.0pt; font-family: 'Georgia','serif'; color: #333333;\">,<\/span><\/strong><span class=\"apple-converted-space\"><b><span style=\"font-size: 10.0pt; font-family: 'Georgia','serif'; color: #333333;\">\u00a0<\/span><\/b><\/span><a href=\"https:\/\/www.facebook.com\/senoticias1\" target=\"_blank\"><b><span style=\"font-size: 10.0pt; font-family: 'Georgia','serif';\">Facebook<\/span><\/b><span class=\"apple-converted-space\"><b><span style=\"font-size: 10.0pt; font-family: 'Georgia','serif'; color: windowtext; text-decoration: none;\">\u00a0<\/span><\/b><\/span><\/a><strong><span style=\"font-size: 10.0pt; font-family: 'Georgia','serif'; color: #333333;\">e no<\/span><\/strong><span class=\"apple-converted-space\"><b><span style=\"font-size: 10.0pt; font-family: 'Georgia','serif'; color: #333333;\">\u00a0<\/span><\/b><\/span><a href=\"https:\/\/www.instagram.com\/senoticias\/\" target=\"_blank\"><b><span style=\"font-size: 10.0pt; font-family: 'Georgia','serif';\">Instagram<\/span><\/b><\/a><strong><span style=\"font-size: 10.0pt; font-family: 'Georgia','serif'; color: #333333;\">.<\/span><\/strong><\/p>\n<p style=\"line-height: 14.25pt; text-align: justify;\"><a href=\"http:\/\/senoticias.com.br\/se\/wp-content\/uploads\/2017\/02\/Logo-fone-1-2-1-2-4-2.jpg\"><img loading=\"lazy\" decoding=\"async\" class=\"aligncenter size-full wp-image-101024\" src=\"http:\/\/senoticias.com.br\/se\/wp-content\/uploads\/2017\/02\/Logo-fone-1-2-1-2-4-2.jpg\" alt=\"Logo-fone-1-2-1-2-4\" width=\"599\" height=\"78\" srcset=\"https:\/\/senoticias.com.br\/se\/wp-content\/uploads\/2017\/02\/Logo-fone-1-2-1-2-4-2.jpg 599w, https:\/\/senoticias.com.br\/se\/wp-content\/uploads\/2017\/02\/Logo-fone-1-2-1-2-4-2-300x39.jpg 300w\" sizes=\"(max-width: 599px) 100vw, 599px\" \/><\/a><\/p>\n<p style=\"line-height: 14.25pt; text-align: justify;\">Do Brasil 247<\/p>\n","protected":false},"excerpt":{"rendered":"<p>Por Dayane Santos, do Portal Vermelho &#8211; Com desemprego recorde de 12,9 milh\u00f5es de brasileiros, Michel Temer (PMDB) afirmou nesta sexta-feira (23), em v\u00eddeo que circula nas redes sociais, que a &#8220;recess\u00e3o terminou&#8221;. &#8220;N\u00f3s eliminamos a recess\u00e3o, agora vamos para o crescimento e o desenvolvimento desse pa\u00eds. O Brasil tem rumo&#8221;, disse, em um v\u00eddeo [&hellip;]<\/p>\n","protected":false},"author":5618,"featured_media":0,"comment_status":"closed","ping_status":"closed","sticky":false,"template":"","format":"standard","meta":{"footnotes":""},"categories":[6],"tags":[2372],"class_list":{"0":"post-101028","1":"post","2":"type-post","3":"status-publish","4":"format-standard","6":"category-politica","7":"tag-temer-ignora-13-milhoes-de-desempregados-e-diz-que-recessao-acabou"},"_links":{"self":[{"href":"https:\/\/senoticias.com.br\/se\/wp-json\/wp\/v2\/posts\/101028"}],"collection":[{"href":"https:\/\/senoticias.com.br\/se\/wp-json\/wp\/v2\/posts"}],"about":[{"href":"https:\/\/senoticias.com.br\/se\/wp-json\/wp\/v2\/types\/post"}],"author":[{"embeddable":true,"href":"https:\/\/senoticias.com.br\/se\/wp-json\/wp\/v2\/users\/5618"}],"replies":[{"embeddable":true,"href":"https:\/\/senoticias.com.br\/se\/wp-json\/wp\/v2\/comments?post=101028"}],"version-history":[{"count":0,"href":"https:\/\/senoticias.com.br\/se\/wp-json\/wp\/v2\/posts\/101028\/revisions"}],"wp:attachment":[{"href":"https:\/\/senoticias.com.br\/se\/wp-json\/wp\/v2\/media?parent=101028"}],"wp:term":[{"taxonomy":"category","embeddable":true,"href":"https:\/\/senoticias.com.br\/se\/wp-json\/wp\/v2\/categories?post=101028"},{"taxonomy":"post_tag","embeddable":true,"href":"https:\/\/senoticias.com.br\/se\/wp-json\/wp\/v2\/tags?post=101028"}],"curies":[{"name":"wp","href":"https:\/\/api.w.org\/{rel}","templated":true}]}}