{"id":101027,"date":"2017-02-25T14:56:46","date_gmt":"2017-02-25T17:56:46","guid":{"rendered":"http:\/\/senoticias.com.br\/se\/?p=101027"},"modified":"2017-02-25T14:56:46","modified_gmt":"2017-02-25T17:56:46","slug":"sergipe-e-o-segundo-estado-do-nordeste-a-ter-crescimento-nas-exportacoes-do-agronegocio","status":"publish","type":"post","link":"https:\/\/senoticias.com.br\/se\/sergipe-e-o-segundo-estado-do-nordeste-a-ter-crescimento-nas-exportacoes-do-agronegocio\/","title":{"rendered":"Sergipe \u00e9 o segundo estado do Nordeste a ter crescimento nas exporta\u00e7\u00f5es do agroneg\u00f3cio"},"content":{"rendered":"<p style=\"text-align: justify\">Sergipe desponta no Nordeste brasileiro como segundo estado a apresentar crescimento nas exporta\u00e7\u00f5es do agroneg\u00f3cio. Segundo dados dos Minist\u00e9rios da Ind\u00fastria e Com\u00e9rcio Exterior (MDIC) e da Agricultura e Pecu\u00e1ria (Mapa), o registro foi de 9,7%. A cultura mais forte \u00e9 a de citrus, sendo Sergipe o 4\u00ba maior produtor do pa\u00eds de laranja. Ao todo, 14 munic\u00edpios da regi\u00e3o Centro-Sul sergipana comp\u00f5em o polo produtivo.<\/p>\n<div id=\"attachment_82796\" style=\"width: 608px\" class=\"wp-caption aligncenter\"><a href=\"http:\/\/senoticias.com.br\/se\/wp-content\/uploads\/2015\/08\/laranja-e1439250937332.jpg\"><img loading=\"lazy\" decoding=\"async\" aria-describedby=\"caption-attachment-82796\" class=\"size-full wp-image-82796\" src=\"http:\/\/senoticias.com.br\/se\/wp-content\/uploads\/2015\/08\/laranja-e1439250937332.jpg\" alt=\"(Divulga\u00e7\u00e3o\/ASN)\" width=\"598\" height=\"313\" \/><\/a><p id=\"caption-attachment-82796\" class=\"wp-caption-text\">(Divulga\u00e7\u00e3o\/ASN)<\/p><\/div>\n<p style=\"text-align: justify\">De acordo com o secret\u00e1rio de Estado da Agricultura, Esmeraldo Leal, apesar da crise internacional do setor de citricultura, Sergipe continua batendo recorde de exporta\u00e7\u00e3o. Al\u00e9m da laranja, o abacaxi tamb\u00e9m \u00e9 uma fruta de destaque no setor. \u201cNesse sentido, Sergipe \u00e9 destaque no pa\u00eds, principalmente no Nordeste. Um aspecto interessante de Sergipe, \u00e9 que nossa produ\u00e7\u00e3o \u00e9 bem distribu\u00edda entre pequenos, m\u00e9dios e grandes produtores. Diferentemente de S\u00e3o Paulo que, por exemplo, a produ\u00e7\u00e3o \u00e9 concentrada na m\u00e3o de poucas pessoas\u201d, comentou.<\/p>\n<p style=\"text-align: justify\">Com rela\u00e7\u00e3o a expectativa de produ\u00e7\u00e3o da laranja em Sergipe para 2017, Esmeraldo acredita que haver\u00e1 aumento. \u201cInclusive, j\u00e1 saiu a previs\u00e3o para o Nordeste e deve haver aumento de 40% da produ\u00e7\u00e3o, segundo o Instituto Brasileiro de Geografia e Estat\u00edstica (IBGE)\u201d. O secret\u00e1rio esclarece que a seca chegou a afetar a produ\u00e7\u00e3o de laranja em 2016, mas para este ano a previs\u00e3o \u00e9 que haja mais chuvas regulares. \u201cSe isso ocorrer, o aumento da produtividade deve ser maior que o do ano passado\u201d, acrescentou Esmeraldo.<\/p>\n<p style=\"text-align: justify\"><strong>Destaque<\/strong><\/p>\n<p style=\"text-align: justify\">A regi\u00e3o Nordeste apresentou super\u00e1vit de US$ 3,68 bilh\u00f5es na balan\u00e7a comercial do agroneg\u00f3cio em 2016. As exporta\u00e7\u00f5es registraram US$ 5,93 bilh\u00f5es e as importa\u00e7\u00f5es US$ 2,25 bilh\u00f5es, segundo dados dos Minist\u00e9rios. O super\u00e1vit da balan\u00e7a do agroneg\u00f3cio brasileiro foi de US$ 84,9 milh\u00f5es no ano. O setor representou 45,9% do total exportado pelo pa\u00eds em 2016.<\/p>\n<p style=\"text-align: justify\">O Nordeste contribuiu com 16,2% das importa\u00e7\u00f5es e 6,9% das exporta\u00e7\u00f5es do agroneg\u00f3cio no Brasil em 2016. O segmento contribuiu com 46,3% do total exportado e 12,6% das importa\u00e7\u00f5es da Regi\u00e3o, segundo o Escrit\u00f3rio T\u00e9cnico de Estudos Econ\u00f4micos do Nordeste (Etene), \u00f3rg\u00e3o de pesquisas do Banco do Nordeste, na publica\u00e7\u00e3o Di\u00e1rio Econ\u00f4mico Etene.<\/p>\n<p style=\"text-align: justify\">Os produtos florestais, como a celulose, lideram a lista das exporta\u00e7\u00f5es do agroneg\u00f3cio da Regi\u00e3o (29,3% do total) no ano, seguidos do complexo soja (21,7%) e frutas (10,3%). Bahia e Maranh\u00e3o s\u00e3o os Estados que mais exportam papel e celulose e tamb\u00e9m produtos do complexo soja. Bahia, Cear\u00e1, Pernambuco e Rio Grande do Norte s\u00e3o importantes exportadores de frutas na Regi\u00e3o, com destaque para a manga, uva, mel\u00e3o, melancia e castanha de caju.<\/p>\n<p style=\"text-align: justify\">Os estados da Bahia, Maranh\u00e3o e Cear\u00e1 responderam por 80,0% das exporta\u00e7\u00f5es do agroneg\u00f3cio do Nordeste em 2016. Em rela\u00e7\u00e3o ao desempenho do ano anterior, os maiores crescimentos foram registrados no Rio Grande do Norte (+14,6%), Sergipe (+9,7%) e Para\u00edba (+9,5%).<\/p>\n<p style=\"text-align: justify\"><em>*Com informa\u00e7\u00f5es do BNB<\/em><\/p>\n<p style=\"line-height: 14.25pt;text-align: justify\"><strong><span style=\"font-size: 10.0pt;font-family: 'Georgia','serif';color: #333333\">Acompanhe tamb\u00e9m o SE Not\u00edcias no<\/span><\/strong><span class=\"apple-converted-space\"><b><span style=\"font-size: 10.0pt;font-family: 'Georgia','serif';color: #333333\">\u00a0<\/span><\/b><\/span><a href=\"https:\/\/twitter.com\/Senoticias\" target=\"_blank\"><b><span style=\"font-size: 10.0pt;font-family: 'Georgia','serif'\">Twitter<\/span><\/b><\/a><strong><span style=\"font-size: 10.0pt;font-family: 'Georgia','serif';color: #333333\">,<\/span><\/strong><span class=\"apple-converted-space\"><b><span style=\"font-size: 10.0pt;font-family: 'Georgia','serif';color: #333333\">\u00a0<\/span><\/b><\/span><a href=\"https:\/\/www.facebook.com\/senoticias1\" target=\"_blank\"><b><span style=\"font-size: 10.0pt;font-family: 'Georgia','serif'\">Facebook<\/span><\/b><span class=\"apple-converted-space\"><b><span style=\"font-size: 10.0pt;font-family: 'Georgia','serif';color: windowtext;text-decoration: none\">\u00a0<\/span><\/b><\/span><\/a><strong><span style=\"font-size: 10.0pt;font-family: 'Georgia','serif';color: #333333\">e no<\/span><\/strong><span class=\"apple-converted-space\"><b><span style=\"font-size: 10.0pt;font-family: 'Georgia','serif';color: #333333\">\u00a0<\/span><\/b><\/span><a href=\"https:\/\/www.instagram.com\/senoticias\/\" target=\"_blank\"><b><span style=\"font-size: 10.0pt;font-family: 'Georgia','serif'\">Instagram<\/span><\/b><\/a><strong><span style=\"font-size: 10.0pt;font-family: 'Georgia','serif';color: #333333\">.<\/span><\/strong><\/p>\n<p style=\"line-height: 14.25pt;text-align: justify\"><a href=\"http:\/\/senoticias.com.br\/se\/wp-content\/uploads\/2017\/02\/Logo-fone-1-2-1-2-4-2.jpg\"><img loading=\"lazy\" decoding=\"async\" class=\"size-full wp-image-101024 aligncenter\" src=\"http:\/\/senoticias.com.br\/se\/wp-content\/uploads\/2017\/02\/Logo-fone-1-2-1-2-4-2.jpg\" alt=\"Logo-fone-1-2-1-2-4\" width=\"599\" height=\"78\" srcset=\"https:\/\/senoticias.com.br\/se\/wp-content\/uploads\/2017\/02\/Logo-fone-1-2-1-2-4-2.jpg 599w, https:\/\/senoticias.com.br\/se\/wp-content\/uploads\/2017\/02\/Logo-fone-1-2-1-2-4-2-300x39.jpg 300w\" sizes=\"(max-width: 599px) 100vw, 599px\" \/><\/a><\/p>\n<p style=\"line-height: 14.25pt;text-align: justify\">Da ASN<\/p>\n","protected":false},"excerpt":{"rendered":"<p>Sergipe desponta no Nordeste brasileiro como segundo estado a apresentar crescimento nas exporta\u00e7\u00f5es do agroneg\u00f3cio. Segundo dados dos Minist\u00e9rios da Ind\u00fastria e Com\u00e9rcio Exterior (MDIC) e da Agricultura e Pecu\u00e1ria (Mapa), o registro foi de 9,7%. A cultura mais forte \u00e9 a de citrus, sendo Sergipe o 4\u00ba maior produtor do pa\u00eds de laranja. Ao [&hellip;]<\/p>\n","protected":false},"author":5618,"featured_media":82796,"comment_status":"closed","ping_status":"closed","sticky":false,"template":"","format":"standard","meta":{"footnotes":""},"categories":[38],"tags":[],"class_list":{"0":"post-101027","1":"post","2":"type-post","3":"status-publish","4":"format-standard","5":"has-post-thumbnail","7":"category-municipios"},"_links":{"self":[{"href":"https:\/\/senoticias.com.br\/se\/wp-json\/wp\/v2\/posts\/101027"}],"collection":[{"href":"https:\/\/senoticias.com.br\/se\/wp-json\/wp\/v2\/posts"}],"about":[{"href":"https:\/\/senoticias.com.br\/se\/wp-json\/wp\/v2\/types\/post"}],"author":[{"embeddable":true,"href":"https:\/\/senoticias.com.br\/se\/wp-json\/wp\/v2\/users\/5618"}],"replies":[{"embeddable":true,"href":"https:\/\/senoticias.com.br\/se\/wp-json\/wp\/v2\/comments?post=101027"}],"version-history":[{"count":0,"href":"https:\/\/senoticias.com.br\/se\/wp-json\/wp\/v2\/posts\/101027\/revisions"}],"wp:featuredmedia":[{"embeddable":true,"href":"https:\/\/senoticias.com.br\/se\/wp-json\/wp\/v2\/media\/82796"}],"wp:attachment":[{"href":"https:\/\/senoticias.com.br\/se\/wp-json\/wp\/v2\/media?parent=101027"}],"wp:term":[{"taxonomy":"category","embeddable":true,"href":"https:\/\/senoticias.com.br\/se\/wp-json\/wp\/v2\/categories?post=101027"},{"taxonomy":"post_tag","embeddable":true,"href":"https:\/\/senoticias.com.br\/se\/wp-json\/wp\/v2\/tags?post=101027"}],"curies":[{"name":"wp","href":"https:\/\/api.w.org\/{rel}","templated":true}]}}