{"id":101025,"date":"2017-02-25T14:50:48","date_gmt":"2017-02-25T17:50:48","guid":{"rendered":"http:\/\/senoticias.com.br\/se\/?p=101025"},"modified":"2017-02-26T09:20:25","modified_gmt":"2017-02-26T12:20:25","slug":"carnaval-alerta-para-cuidados-com-a-alimentacao-hidratacao","status":"publish","type":"post","link":"https:\/\/senoticias.com.br\/se\/carnaval-alerta-para-cuidados-com-a-alimentacao-hidratacao\/","title":{"rendered":"Infectologista alerta para cuidados com a alimenta\u00e7\u00e3o e a hidrata\u00e7\u00e3o  durante o carnaval"},"content":{"rendered":"<div class=\"mb-30 row\">\n<div class=\"col-lg-12 col-md-12 col-sm-12 col-xs-12\">\n<div class=\"abstract\" style=\"text-align: justify;\">A ingest\u00e3o regular de \u00e1gua, sucos e \u00e1gua de coco \u00e9 uma estrat\u00e9gia valiosa para garantir a disposi\u00e7\u00e3o e sa\u00fade dos foli\u00f5es<\/div>\n<div class=\"abstract\" style=\"text-align: justify;\">\n<div id=\"attachment_101026\" style=\"width: 273px\" class=\"wp-caption alignleft\"><a href=\"http:\/\/senoticias.com.br\/se\/wp-content\/uploads\/2017\/02\/foto-medico-alerta-para-alimentacao-e-hidratacao-no-carnaval-SE-Noticias.jpg\"><img loading=\"lazy\" decoding=\"async\" aria-describedby=\"caption-attachment-101026\" class=\"size-full wp-image-101026\" src=\"http:\/\/senoticias.com.br\/se\/wp-content\/uploads\/2017\/02\/foto-medico-alerta-para-alimentacao-e-hidratacao-no-carnaval-SE-Noticias.jpg\" alt=\"Foto: ASCOM\" width=\"263\" height=\"263\" srcset=\"https:\/\/senoticias.com.br\/se\/wp-content\/uploads\/2017\/02\/foto-medico-alerta-para-alimentacao-e-hidratacao-no-carnaval-SE-Noticias.jpg 263w, https:\/\/senoticias.com.br\/se\/wp-content\/uploads\/2017\/02\/foto-medico-alerta-para-alimentacao-e-hidratacao-no-carnaval-SE-Noticias-150x150.jpg 150w\" sizes=\"(max-width: 263px) 100vw, 263px\" \/><\/a><p id=\"caption-attachment-101026\" class=\"wp-caption-text\">M\u00e9dico infectologista, refer\u00eancia t\u00e9cnica da SES, Marcos Aur\u00e9lio. (Foto: divulga\u00e7\u00e3o\/Ascom\/Sa\u00fade).<\/p><\/div>\n<dl class=\"gallery-item\">\n<dd id=\"gallery-1-9487\" class=\"wp-caption-text gallery-caption\">Evitar excessos e manter o organismo hidratado s\u00e3o recomenda\u00e7\u00f5es que far\u00e3o a diferen\u00e7a nos dias de folia carnavalesca. Para garantir o bem-estar, \u00e9 necess\u00e1rio estar atento aos alimentos e bebidas que ser\u00e3o consumidos durante as festas. A ingest\u00e3o regular de \u00e1gua, sucos e \u00e1gua de coco \u00e9 uma estrat\u00e9gia valiosa para garantir a disposi\u00e7\u00e3o e sa\u00fade dos foli\u00f5es.<\/dd>\n<\/dl>\n<\/div>\n<\/div>\n<\/div>\n<p style=\"text-align: justify;\">Entre os excessos praticados durante esse tipo de evento est\u00e3o o consumo de bebidas alco\u00f3licas de forma inadequada. Consumidas de forma abusiva, essas bebidas podem provocar preju\u00edzos, que v\u00e3o desde a gastrite alco\u00f3lica ao quadro de intoxica\u00e7\u00e3o. Al\u00e9m disso, a ingest\u00e3o cr\u00f4nica pode ocasionar a cirrose (quando o f\u00edgado passa a n\u00e3o ser capaz de metabolizar normalmente).<\/p>\n<p style=\"text-align: justify;\">\u201cO \u00e1lcool \u00e9 absorvido rapidamente pelo est\u00f4mago e duodeno e logo cai na corrente sangu\u00ednea. As bebidas alco\u00f3licas s\u00e3o parcialmente metabolizadas pelo f\u00edgado, destruindo as mol\u00e9culas e expelindo uma pequena quantidade pela urina, suor e h\u00e1lito\u201d, explicou o m\u00e9dico infectologista da Secretaria de Estado da Sa\u00fade, Marco Aur\u00e9lio G\u00f3es.<\/p>\n<p style=\"text-align: justify;\">De acordo com o infectologista, o que sobra desse metabolismo inicial vai exercer sua a\u00e7\u00e3o em todo o organismo. Para que esses componentes sejam destru\u00eddos completamente, s\u00e3o necess\u00e1rias v\u00e1rias passagens pelo f\u00edgado.<\/p>\n<p style=\"text-align: justify;\">\u201cCada organismo possui um n\u00edvel de toler\u00e2ncia diferenciado\u201d, ressaltou o m\u00e9dico. No entanto, ele afirma que a a\u00e7\u00e3o mais evidente \u00e9 o efeito provocado no sistema nervoso central, caracterizado por certo entorpecimento que, em est\u00e1gio avan\u00e7ado, pode chegar ao coma alco\u00f3lico.<\/p>\n<p style=\"text-align: justify;\">Para evitar os transtornos, \u00a0\u00e9 recomendado evitar os exageros, manter uma boa alimenta\u00e7\u00e3o, ingerir sucos e \u00e1gua. O cl\u00e1ssico banho frio e o caf\u00e9 apenas poder\u00e3o ajudar a pessoa a ficar mais esperta, por\u00e9m n\u00e3o acaba com a embriaguez. \u201cEm caso de perda da consci\u00eancia, \u00e9 necess\u00e1rio o encaminhamento aos servi\u00e7os m\u00e9dicos\u201d, refor\u00e7ou.<\/p>\n<p style=\"text-align: justify;\"><strong>Alimenta\u00e7\u00e3o<\/strong><\/p>\n<p style=\"text-align: justify;\">Manter uma boa alimenta\u00e7\u00e3o \u00e9 fundamental para garantir a energia necess\u00e1ria. Para o caf\u00e9 da manh\u00e3, a recomenda\u00e7\u00e3o \u00e9 consumir sucos naturais, iogurtes, p\u00e3o integral e frutas. Sair de casa com alimentos que podem ser consumidos durante a festa como ma\u00e7\u00e3, barras de cereal e biscoito, tamb\u00e9m \u00e9 uma boa estrat\u00e9gia.<\/p>\n<p style=\"text-align: justify;\">\u201cNessa \u00e9poca, \u00e9 muito comum fazer lanches e refei\u00e7\u00f5es na rua. Mas temos que ter cuidado e observar as condi\u00e7\u00f5es de prepara\u00e7\u00e3o, conserva\u00e7\u00e3o e manuseio desses alimentos, devendo-se evitar as frituras\u201d, alertou m\u00e9dico Marco Aur\u00e9lio.<\/p>\n<p style=\"text-align: justify;\">Evitar o consumo de itens que estragam com facilidade, a exemplo da maionese, tamb\u00e9m \u00e9 um cuidado necess\u00e1rio. Para os casos de intoxica\u00e7\u00e3o alimentar, deve-se ampliar a ingest\u00e3o de l\u00edquidos, al\u00e9m de procurar um servi\u00e7o de sa\u00fade.<\/p>\n<p style=\"text-align: justify;\"><strong>Exposi\u00e7\u00e3o ao sol<\/strong><\/p>\n<p style=\"text-align: justify;\">O uso de \u00f3culos escuros, bon\u00e9s e protetor solar em todo o corpo s\u00e3o as principais recomenda\u00e7\u00f5es para proteger-se da exposi\u00e7\u00e3o excessiva ao sol e assim evitar efeitos como o envelhecimento precoce e o c\u00e2ncer de pele.<\/p>\n<p style=\"text-align: justify;\">\u201cRecomendamos a utiliza\u00e7\u00e3o de uma camada abundante de protetor solar no corpo, especialmente no rosto, m\u00e3os e colo. Essas partes do corpo costumam ficar mais expostas e tendem a sofrer, de forma mais intensa, os efeitos da exposi\u00e7\u00e3o ao sol\u201d, declarou o m\u00e9dico infectologista, Marco Aur\u00e9lio.<\/p>\n<p style=\"text-align: justify;\">O m\u00e9dico da Secretaria de Estado da Sa\u00fade ressalta que \u00e9 necess\u00e1rio reaplicar o protetor a cada tr\u00eas horas. \u201cA ingest\u00e3o regular de \u00e1gua tamb\u00e9m gera benef\u00edcios \u00e0 pele durante as festas\u201d.<\/p>\n<p style=\"line-height: 14.25pt; text-align: justify;\"><strong><span style=\"font-size: 10.0pt; font-family: 'Georgia','serif'; color: #333333;\">Acompanhe tamb\u00e9m o SE Not\u00edcias no<\/span><\/strong><span class=\"apple-converted-space\"><b><span style=\"font-size: 10.0pt; font-family: 'Georgia','serif'; color: #333333;\">\u00a0<\/span><\/b><\/span><a href=\"https:\/\/twitter.com\/Senoticias\" target=\"_blank\"><b><span style=\"font-size: 10.0pt; font-family: 'Georgia','serif';\">Twitter<\/span><\/b><\/a><strong><span style=\"font-size: 10.0pt; font-family: 'Georgia','serif'; color: #333333;\">,<\/span><\/strong><span class=\"apple-converted-space\"><b><span style=\"font-size: 10.0pt; font-family: 'Georgia','serif'; color: #333333;\">\u00a0<\/span><\/b><\/span><a href=\"https:\/\/www.facebook.com\/senoticias1\" target=\"_blank\"><b><span style=\"font-size: 10.0pt; font-family: 'Georgia','serif';\">Facebook<\/span><\/b><span class=\"apple-converted-space\"><b><span style=\"font-size: 10.0pt; font-family: 'Georgia','serif'; color: windowtext; text-decoration: none;\">\u00a0<\/span><\/b><\/span><\/a><strong><span style=\"font-size: 10.0pt; font-family: 'Georgia','serif'; color: #333333;\">e no<\/span><\/strong><span class=\"apple-converted-space\"><b><span style=\"font-size: 10.0pt; font-family: 'Georgia','serif'; color: #333333;\">\u00a0<\/span><\/b><\/span><a href=\"https:\/\/www.instagram.com\/senoticias\/\" target=\"_blank\"><b><span style=\"font-size: 10.0pt; font-family: 'Georgia','serif';\">Instagram<\/span><\/b><\/a><strong><span style=\"font-size: 10.0pt; font-family: 'Georgia','serif'; color: #333333;\">.<\/span><\/strong><strong><br \/>\n<\/strong><strong>\u00a0\u00a0<\/strong><strong><a href=\"http:\/\/senoticias.com.br\/se\/wp-content\/uploads\/2017\/02\/Logo-fone-1-2-1-2-4-2.jpg\"><img loading=\"lazy\" decoding=\"async\" class=\"aligncenter size-full wp-image-101024\" src=\"http:\/\/senoticias.com.br\/se\/wp-content\/uploads\/2017\/02\/Logo-fone-1-2-1-2-4-2.jpg\" alt=\"Logo-fone-1-2-1-2-4\" width=\"599\" height=\"78\" srcset=\"https:\/\/senoticias.com.br\/se\/wp-content\/uploads\/2017\/02\/Logo-fone-1-2-1-2-4-2.jpg 599w, https:\/\/senoticias.com.br\/se\/wp-content\/uploads\/2017\/02\/Logo-fone-1-2-1-2-4-2-300x39.jpg 300w\" sizes=\"(max-width: 599px) 100vw, 599px\" \/><\/a><em><br \/>\nPor Morgana Barbosa, da SES<\/em><\/strong><\/p>\n","protected":false},"excerpt":{"rendered":"<p>A ingest\u00e3o regular de \u00e1gua, sucos e \u00e1gua de coco \u00e9 uma estrat\u00e9gia valiosa para garantir a disposi\u00e7\u00e3o e sa\u00fade dos foli\u00f5es Evitar excessos e manter o organismo hidratado s\u00e3o recomenda\u00e7\u00f5es que far\u00e3o a diferen\u00e7a nos dias de folia carnavalesca. Para garantir o bem-estar, \u00e9 necess\u00e1rio estar atento aos alimentos e bebidas que ser\u00e3o consumidos [&hellip;]<\/p>\n","protected":false},"author":5618,"featured_media":101026,"comment_status":"closed","ping_status":"closed","sticky":false,"template":"","format":"standard","meta":{"footnotes":""},"categories":[15],"tags":[2371],"class_list":{"0":"post-101025","1":"post","2":"type-post","3":"status-publish","4":"format-standard","5":"has-post-thumbnail","7":"category-destaques","8":"tag-carnaval-alerta-para-cuidados-com-a-alimentacao-hidratacao"},"_links":{"self":[{"href":"https:\/\/senoticias.com.br\/se\/wp-json\/wp\/v2\/posts\/101025"}],"collection":[{"href":"https:\/\/senoticias.com.br\/se\/wp-json\/wp\/v2\/posts"}],"about":[{"href":"https:\/\/senoticias.com.br\/se\/wp-json\/wp\/v2\/types\/post"}],"author":[{"embeddable":true,"href":"https:\/\/senoticias.com.br\/se\/wp-json\/wp\/v2\/users\/5618"}],"replies":[{"embeddable":true,"href":"https:\/\/senoticias.com.br\/se\/wp-json\/wp\/v2\/comments?post=101025"}],"version-history":[{"count":0,"href":"https:\/\/senoticias.com.br\/se\/wp-json\/wp\/v2\/posts\/101025\/revisions"}],"wp:featuredmedia":[{"embeddable":true,"href":"https:\/\/senoticias.com.br\/se\/wp-json\/wp\/v2\/media\/101026"}],"wp:attachment":[{"href":"https:\/\/senoticias.com.br\/se\/wp-json\/wp\/v2\/media?parent=101025"}],"wp:term":[{"taxonomy":"category","embeddable":true,"href":"https:\/\/senoticias.com.br\/se\/wp-json\/wp\/v2\/categories?post=101025"},{"taxonomy":"post_tag","embeddable":true,"href":"https:\/\/senoticias.com.br\/se\/wp-json\/wp\/v2\/tags?post=101025"}],"curies":[{"name":"wp","href":"https:\/\/api.w.org\/{rel}","templated":true}]}}