{"id":101020,"date":"2017-02-25T13:23:35","date_gmt":"2017-02-25T16:23:35","guid":{"rendered":"http:\/\/senoticias.com.br\/se\/?p=101020"},"modified":"2017-02-27T13:27:59","modified_gmt":"2017-02-27T16:27:59","slug":"confira-a-programacao-de-carnaval-por-todo-o-estado","status":"publish","type":"post","link":"https:\/\/senoticias.com.br\/se\/confira-a-programacao-de-carnaval-por-todo-o-estado\/","title":{"rendered":"Confira a programa\u00e7\u00e3o de Carnaval por todo o estado"},"content":{"rendered":"<p>&nbsp;<\/p>\n<p style=\"text-align: justify;\">O Rasgadinho \u00e9 considerado o mais tradicional e o maior carnaval de rua de Aracaju (SE). Na 13\u00aa edi\u00e7\u00e3o, a festa vai contar com um variado ritmo para agradar os foli\u00f5es. Vai ter MPB, Reggae, rap, samba, forr\u00f3, frevo, as marchinhas e m\u00fasica eletr\u00f4nica.<\/p>\n<div id=\"attachment_101021\" style=\"width: 609px\" class=\"wp-caption aligncenter\"><img loading=\"lazy\" decoding=\"async\" aria-describedby=\"caption-attachment-101021\" class=\"size-full wp-image-101021\" src=\"http:\/\/senoticias.com.br\/se\/wp-content\/uploads\/2017\/02\/Neopolis-carnaval-2017-SE-Noticias-e1488039602879.jpg\" alt=\"Com o tema \u201c\u00c9 frevo, folia e alegria!\u201d, o Carnaval de Ne\u00f3polis \u00e9 marcado com a apresenta\u00e7\u00e3o das bandas de frevo pelas ruas da cidade, com tradicional \u201cZ\u00e9 Pereira\u201d, al\u00e9m do \u2018mela-mela\u2019, no qual os foli\u00f5es se divertem jogando farinha de trigo e \u00e1gua misturada com suco em p\u00f3.\" width=\"599\" height=\"222\" \/><p id=\"caption-attachment-101021\" class=\"wp-caption-text\">Com o tema \u201c\u00c9 frevo, folia e alegria!\u201d, o Carnaval de Ne\u00f3polis \u00e9 marcado com a apresenta\u00e7\u00e3o das bandas de frevo pelas ruas da cidade, com tradicional \u201cZ\u00e9 Pereira\u201d, al\u00e9m do \u2018mela-mela\u2019, no qual os foli\u00f5es se divertem jogando farinha de trigo e \u00e1gua misturada com suco em p\u00f3.<\/p><\/div>\n<p style=\"text-align: justify;\">A programa\u00e7\u00e3o come\u00e7ou na sexta-feira (24) e segue at\u00e9 a ter\u00e7a-feira (28) com apresenta\u00e7\u00f5es nos palcos \u201cCora\u00e7\u00e3o da Cidade\u201d, \u201cBrasil, todos os ritmos\u201d e \u201cEspa\u00e7o do Forr\u00f3\u201d, este com o som genuinamente nordestino.<\/p>\n<p style=\"text-align: justify;\">A festa ocorre na Avenida Pedro Calazans, na regi\u00e3o central da capital, Aracaju. Confira a programa\u00e7\u00e3o:<\/p>\n<p><strong>Sexta-feira (24)<\/strong><\/p>\n<p><strong>Palco Cora\u00e7\u00e3o da Cidade<\/strong><\/p>\n<p>18h \u2013 Baile Global Beats (intervalos)<br \/>\n19h \u2013 Orquestra Cora\u00e7\u00e3o do Frevo<br \/>\n21h \u2013 Burundanga<br \/>\n23h \u2013 Los Guaranis<br \/>\n02h \u2013 Big Banda<\/p>\n<p><strong>Palco Brasil \u2013 Todos os Ritmos<\/strong><\/p>\n<p>17h \u2013 \u00c1lvaro e sua Fanfarra<br \/>\n18h \u2013 Jil\u00f3<br \/>\n19h \u2013 Silvina e os Bol\u00eamios<br \/>\n20h \u2013 Ronise Ramos<br \/>\n23h \u2013 Samba de Mo\u00e7a S\u00f3<br \/>\n00h \u2013 Isaac Borges<\/p>\n<p><strong>Espa\u00e7o do Forr\u00f3<\/strong><\/p>\n<p>19h30 \u2013 Forr\u00f3 Xamego do Gonzaga<br \/>\n22h30 \u2013 Forr\u00f3 do Mala e Cuia<br \/>\n23h30 \u2013 Pavio do Forr\u00f3<\/p>\n<p><strong>S\u00e1bado (25)<\/strong><\/p>\n<p>Palco Cora\u00e7\u00e3o da Cidade<\/p>\n<p>18h \u2013 Baile Global Beats (intervalos)<br \/>\n19h \u2013 Samba de Mo\u00e7a S\u00f3<br \/>\n21h \u2013 Cintura Frevo<br \/>\n23h \u2013 Orquestra de Medeiros<br \/>\n02h \u2013 Arimat\u00e9ia e Orquestra<\/p>\n<p>Palco Brasil \u2013 Todos os Ritmos<\/p>\n<p>17h \u2013 Indomada<br \/>\n18h \u2013 Aquida Choro<br \/>\n20h \u2013 Tom Robson<br \/>\n23h \u2013 Cajurioca Samba Clube e Convidados<br \/>\n02h \u2013 Flavinho e seu Cavaquinho<\/p>\n<p>Espa\u00e7o do Forr\u00f3<\/p>\n<p>19h30 \u2013 Trio Voz de Ouro<br \/>\n21h30 \u2013 Forr\u00f3 de Mala e Cuia<br \/>\n23h30 \u2013 Pavio do Forr\u00f3<\/p>\n<p>Cortejo<\/p>\n<p>14h \u2013 Karla Isabella<\/p>\n<p><strong>Domingo (26)<\/strong><\/p>\n<p>Palco Cora\u00e7\u00e3o da Cidade<\/p>\n<p>18h \u2013 Baile Global Beats (intervalos)<br \/>\n19h \u2013 Samba de Salto<br \/>\n21h \u2013 Orquestra de Frevo Caju\u00edna<br \/>\n23h \u2013 Banda \u00c1gua de Cheiro<br \/>\n00h \u2013 Banda Pierre e Orquestra de Frevo<\/p>\n<p>Palco Brasil \u2013 Todos os Ritmos<\/p>\n<p>17h \u2013 Indomada<br \/>\n18h \u2013 Junior do Cavaco e Cia do Choro<br \/>\n20h \u2013 Gladson Rosa<br \/>\n22h \u2013 Aspas Samba \u2013 Paulina Alves<br \/>\n23h \u2013 Thiago Ruas<br \/>\n00h \u2013 \u00c9 diferente<\/p>\n<p>Espa\u00e7o do Forr\u00f3<\/p>\n<p>19h30 \u2013 Forr\u00f3 Rala a Coxa<br \/>\n21h30 \u2013 Forr\u00f3 de P\u00e9 Quente<br \/>\n23h30 \u2013 Os 3 moleques<\/p>\n<p>Cortejo<\/p>\n<p>14h \u2013 Esta\u00e7\u00e3o da Luz<\/p>\n<p><strong>Segunda-feira (27)<\/strong><\/p>\n<p>Palco Cora\u00e7\u00e3o da Cidade<\/p>\n<p>18h \u2013 Baile Global Beats<br \/>\n19h \u2013 Banda Star<br \/>\n21h \u2013 Banda Top\u00e1zio<br \/>\n23h \u2013 Banda Aruan\u00e3<br \/>\n02h \u2013 Rafael Oliveira<\/p>\n<p>Palco Brasil \u2013 Todos os Ritmos<\/p>\n<p>17h \u2013 Sassaricando<br \/>\n18h \u2013 Odir Caius<br \/>\n20h \u2013 Papudo Gil<br \/>\n21h \u2013 L\u00e1zaro Santana<br \/>\n23h \u2013 Sena in Cantoria<br \/>\n00h \u2013 Mania de Ser<\/p>\n<p>Espa\u00e7o do Forr\u00f3<\/p>\n<p>19h30 \u2013 Trio Itapu\u00e3<br \/>\n21h30 \u2013 Bai\u00e3o da Penha<br \/>\n23h30 \u2013 Os tr\u00eas moleques<\/p>\n<p>Cortejo<\/p>\n<p>14h \u2013 Los Guaranis<\/p>\n<p><strong>Ter\u00e7a-feira (28)<\/strong><\/p>\n<p>Palco Cora\u00e7\u00e3o da Cidade<\/p>\n<p>16h \u2013 Karla Izabella \u2013 Matin\u00ea<br \/>\n18h \u2013 Baile Global Beats (intervalos)<br \/>\n19h \u2013 Cintura Frevo<br \/>\n21h \u2013 Anderson Dantas e Banda<br \/>\n23h \u2013 Tom Robson e Banda<br \/>\n02h \u2013 Banda Esta\u00e7\u00e3o da Luz<\/p>\n<p>Palco Brasil \u2013 Todos os Ritmos<\/p>\n<p>17h \u2013 Alvaro e sua Fanfarra<br \/>\n18h \u2013 Renova\u00e7\u00e3o do Choro<br \/>\n20h \u2013 Fernando Crateus<br \/>\n22h \u2013 Gugu Brasil<br \/>\n23h \u2013 Roger Cabeleira<br \/>\n00h \u2013 Som di Preto<\/p>\n<p><strong>Espa\u00e7o do Forr\u00f3<\/strong><\/p>\n<p>19h30 \u2013 Lula do Acordeon<br \/>\n21h30 \u2013 Gilson do Acordeon<br \/>\n23h30 \u2013 Robson do Roj\u00e3o<\/p>\n<p><strong>Cortejo<\/strong><\/p>\n<p>14h \u2013 Banda \u00c1gua de Cheiro<\/p>\n<p>&nbsp;<\/p>\n<p><strong>Confira os destaques da programa\u00e7\u00e3o do interior:<\/strong><\/p>\n<h1 class=\"post-tile entry-title\"><\/h1>\n<p style=\"text-align: justify;\"><strong>Pirambu<\/strong> &#8211; Mais uma vez o munic\u00edpio de Pirambu se prepara para promover a melhor festa carnavalesca do Estado. Ser\u00e3o quatro dias de muita folia com arrast\u00e3o e shows na Pra\u00e7a de Eventos, al\u00e9m dos v\u00e1rios blocos a exemplo do Bloco da Melhor Idade, Matin\u00ea Infantil, Bloco das Marisqueiras, Rach\u00e3o da Praia, al\u00e9m de outros que durante todo o dia estar\u00e3o fazendo a anima\u00e7\u00e3o do povo pirambuense e dos turistas.\u00a0Confira a programa\u00e7\u00e3o:<\/p>\n<p><strong>S\u00e1bado dia 25<\/strong><\/p>\n<p>16 horas \u2013 Banana Nativa \u2013 Arrast\u00e3o \/Terminal<\/p>\n<p><em><strong>Pra\u00e7a de Eventos<\/strong><\/em><\/p>\n<p>22 horas \u2013 \u00c1gua de Cheiro<br \/>\n00 hora \u2013 Danielzinho<br \/>\n02 horas \u2013 Inspira\u00e7\u00e3o do Gueto<\/p>\n<p><strong>Domingo dia 26<\/strong><\/p>\n<p>12 horas Valneijos \u2013 Orla Arrast\u00e3o<br \/>\n16 horas Seeway \u2013 Terminal<\/p>\n<p><em><strong>Pra\u00e7a de Eventos<\/strong><\/em><\/p>\n<p>22 horas \u2013 Trinka de Reis<br \/>\n00 hora \u2013 Rea\u00e7\u00e3o<br \/>\n02 horas \u2013 Bety Evanes<\/p>\n<p><strong>Segunda-feira dia 27<\/strong><\/p>\n<p>12 horas \u2013 Arty Mania \u2013 Orla Arrast\u00e3o<br \/>\n16 horas \u2013 Cid Natureza \u2013 Terminal<\/p>\n<p><em><strong>Pra\u00e7a de Eventos<\/strong><\/em><\/p>\n<p>22 horas \u2013 Jeito de Ser<br \/>\n00 hora \u2013 Banda Pitok<br \/>\n02 horas \u2013 Groove Night<\/p>\n<p><strong>Ter\u00e7a-feira dia 28<\/strong><\/p>\n<p>12 horas \u2013 Jam a Carreta \u2013 Orla Arrast\u00e3o<br \/>\n16 horas \u2013 Cid Natureza \u2013 Terminal Arrast\u00e3o<br \/>\n22 horas \u2013 Jota Mascarenhas<\/p>\n<p style=\"text-align: justify;\"><strong>Barra dos Coqueiros<\/strong> &#8211;\u00a0Enquanto algumas cidades sergipanas n\u00e3o realizar\u00e3o Carnaval em 2017 por seus graves problemas financeiros, que incluem at\u00e9 sal\u00e1rios atrasados, a Barra dos Coqueiros, na Grande Aracaju, \u00e9 uma exce\u00e7\u00e3o. S\u00e3o eles o <strong>Bloco da Folia<\/strong>, <strong>Los Biriteiros, Pereir\u00e3o<\/strong>, <strong>Rasgadinhos do AC<\/strong>, <strong>Bola Murcha e o Melhor Qualidade<\/strong>, dentre outros, que animam as ruas da cidade no s\u00e1bado (25), \u00e0 partir das 14h.<\/p>\n<p style=\"text-align: justify;\">E a folia segue no <strong>domingo (26)<\/strong> com o <strong>bloco Sol da Ilha<\/strong> fazendo a festa \u00e0 partir das 11h, na praia de Atalaia Nova, tradicional ponto tur\u00edstico do munic\u00edpio.<\/p>\n<p style=\"text-align: justify;\"><strong>S\u00e3o Crist\u00f3v\u00e3o<\/strong> &#8211; A Prefeitura de S\u00e3o Crist\u00f3v\u00e3o n\u00e3o poder\u00e1 financiar o carnaval do munic\u00edpio (seguindo recomenda\u00e7\u00e3o\u00a0do Tribunal de Contas do Estado), por\u00e9m, n\u00e3o mediu esfor\u00e7os para oferecer a parte de log\u00edstica no tr\u00e2nsito e apoio atrav\u00e9s das secretarias de sa\u00fade, de assist\u00eancia social e trabalho e SMTT. Sendo assim, nos pr\u00f3ximos dias 26,27 e 28 (domingo, segunda e ter\u00e7a) de fevereiro, a cidade estar\u00e1 fervilhando com a alegria popular dos foli\u00f5es.<\/p>\n<p style=\"text-align: justify;\"><strong>Programa\u00e7\u00e3o<\/strong><\/p>\n<p style=\"text-align: justify;\"><strong>Centro Hist\u00f3rico <\/strong>\u2013 os blocos sair\u00e3o da pra\u00e7a da Bandeira passando seguindo pela Rua do Ros\u00e1rio, at\u00e9 a pra\u00e7a Matriz, depois v\u00e3o at\u00e9 a pra\u00e7a do Carmo, retornando \u00e0 pra\u00e7a S\u00e3o Francisco. Num verdadeiro tour hist\u00f3rico pela cidade. Vale lembrar\u00a0que n\u00e3o ter\u00e1 trio el\u00e9trico, aqui o carnaval \u00e9 de rua com o povo circulando e fazendo o au\u00ea.<\/p>\n<p style=\"text-align: justify;\"><strong>Domingo, 26<\/strong><\/p>\n<p>13h \u2013 Bloco Morde Fronha.<br \/>\n15h \u2013 Bloco A Molekada e Bloco Gugu Dada.<br \/>\n16h \u2013 Bloco Sem Vergonha.<br \/>\n17h \u2013 Bloco Sa\u00fade e Preven\u00e7\u00e3o; Bloco Uni\u00e3o; Bloco AfroAx\u00e9.<br \/>\n18h \u2013 Bloco a Porta.<\/p>\n<p><strong>Segunda, 27<\/strong><\/p>\n<p>11h \u2013 S\u00f3 Dar N\u00f3s.<br \/>\n16h \u2013 Burundanga Percussivo.<br \/>\n17h \u2013 Bloco Filhos de Deus.<\/p>\n<p><strong>Ter\u00e7a, 28<\/strong><\/p>\n<p>14h \u2013 Bloco As Piranhas.<br \/>\n15h30 \u2013 Bloco A Molekada.<br \/>\n16h \u2013 Bloco Sem Vergonha.<br \/>\n17h \u2013 Bloco A Porta.<\/p>\n<p><strong>Bica dos Pintos <\/strong>\u2013 a festa acontecer\u00e1 dentro do pr\u00f3prio local com bandinhas de frevo, das 13h \u00e0s 17h30.<\/p>\n<p><strong>Eduardo Gomes <\/strong>\u2013 cada bloco ter\u00e1 um local de sa\u00edda.<\/p>\n<p><strong>(Domingo, 26)<\/strong><\/p>\n<p>10h \u2013 Bloco EquipePit\u00fa (sair\u00e1 das proximidades da delegacia).<br \/>\n10h \u2013 Bloco do Sujeira (sair\u00e1 do Renat\u00e3o).<br \/>\n11h \u2013 Bloco Do Borreia (sair\u00e1 do Bar).<br \/>\n11h \u2013 Bloco Alegria (sair\u00e1 doTijuquinha).<br \/>\n12h \u2013 Bloco Quengas e Marias (sair\u00e1 do Renat\u00e3o).<br \/>\n13h \u2013 Bloco as Raymundas (sair\u00e1 da Rua 11).<\/p>\n<p><strong>Ter\u00e7a, 28<\/strong><\/p>\n<p>10h \u2013 Blocos: FlaPaix\u00e3o, Pinga-Pinga, T\u00f4NemA\u00ed e O Mundo \u00e9 Gay (sair\u00e3o da entrada do Eduardo Gomes).<\/p>\n<p>14h Banda de Frevo.<\/p>\n<p><img loading=\"lazy\" decoding=\"async\" class=\"aligncenter size-full wp-image-100909\" src=\"http:\/\/senoticias.com.br\/se\/wp-content\/uploads\/2017\/02\/Logo-fone-1-2-1-2-5.jpg\" alt=\"Logo-fone-1-2-1-2\" width=\"599\" height=\"78\" srcset=\"https:\/\/senoticias.com.br\/se\/wp-content\/uploads\/2017\/02\/Logo-fone-1-2-1-2-5.jpg 599w, https:\/\/senoticias.com.br\/se\/wp-content\/uploads\/2017\/02\/Logo-fone-1-2-1-2-5-300x39.jpg 300w\" sizes=\"(max-width: 599px) 100vw, 599px\" \/><\/p>\n<p><strong>Acompanhe tamb\u00e9m o SE Not\u00edcias no<\/strong><span class=\"apple-converted-space\"><b>\u00a0<\/b><\/span><a href=\"https:\/\/twitter.com\/Senoticias\" target=\"_blank\"><b>Twitter<\/b><\/a><strong>,<\/strong><span class=\"apple-converted-space\"><b>\u00a0<\/b><\/span><a href=\"https:\/\/www.facebook.com\/senoticias1\" target=\"_blank\"><b>Facebook<\/b><span class=\"apple-converted-space\"><b>\u00a0<\/b><\/span><\/a><strong>e no<\/strong><span class=\"apple-converted-space\"><b>\u00a0<\/b><\/span><a href=\"https:\/\/www.instagram.com\/senoticias\/\" target=\"_blank\"><b>Instagram<\/b><\/a><\/p>\n<p><em>Com informa\u00e7\u00f5es das prefeituras citadas<\/em><\/p>\n","protected":false},"excerpt":{"rendered":"<p>&nbsp; O Rasgadinho \u00e9 considerado o mais tradicional e o maior carnaval de rua de Aracaju (SE). Na 13\u00aa edi\u00e7\u00e3o, a festa vai contar com um variado ritmo para agradar os foli\u00f5es. Vai ter MPB, Reggae, rap, samba, forr\u00f3, frevo, as marchinhas e m\u00fasica eletr\u00f4nica. A programa\u00e7\u00e3o come\u00e7ou na sexta-feira (24) e segue at\u00e9 a [&hellip;]<\/p>\n","protected":false},"author":2,"featured_media":101021,"comment_status":"closed","ping_status":"closed","sticky":false,"template":"","format":"standard","meta":{"footnotes":""},"categories":[2307,15],"tags":[],"class_list":{"0":"post-101020","1":"post","2":"type-post","3":"status-publish","4":"format-standard","5":"has-post-thumbnail","7":"category-carnaval-2017","8":"category-destaques"},"_links":{"self":[{"href":"https:\/\/senoticias.com.br\/se\/wp-json\/wp\/v2\/posts\/101020"}],"collection":[{"href":"https:\/\/senoticias.com.br\/se\/wp-json\/wp\/v2\/posts"}],"about":[{"href":"https:\/\/senoticias.com.br\/se\/wp-json\/wp\/v2\/types\/post"}],"author":[{"embeddable":true,"href":"https:\/\/senoticias.com.br\/se\/wp-json\/wp\/v2\/users\/2"}],"replies":[{"embeddable":true,"href":"https:\/\/senoticias.com.br\/se\/wp-json\/wp\/v2\/comments?post=101020"}],"version-history":[{"count":0,"href":"https:\/\/senoticias.com.br\/se\/wp-json\/wp\/v2\/posts\/101020\/revisions"}],"wp:featuredmedia":[{"embeddable":true,"href":"https:\/\/senoticias.com.br\/se\/wp-json\/wp\/v2\/media\/101021"}],"wp:attachment":[{"href":"https:\/\/senoticias.com.br\/se\/wp-json\/wp\/v2\/media?parent=101020"}],"wp:term":[{"taxonomy":"category","embeddable":true,"href":"https:\/\/senoticias.com.br\/se\/wp-json\/wp\/v2\/categories?post=101020"},{"taxonomy":"post_tag","embeddable":true,"href":"https:\/\/senoticias.com.br\/se\/wp-json\/wp\/v2\/tags?post=101020"}],"curies":[{"name":"wp","href":"https:\/\/api.w.org\/{rel}","templated":true}]}}