{"id":101016,"date":"2017-02-24T22:02:52","date_gmt":"2017-02-25T01:02:52","guid":{"rendered":"http:\/\/senoticias.com.br\/se\/?p=101016"},"modified":"2017-02-24T22:04:17","modified_gmt":"2017-02-25T01:04:17","slug":"mulher-de-victor-da-dupla-victor-leo-presta-queixa-de-agressao-contra-o-cantor","status":"publish","type":"post","link":"https:\/\/senoticias.com.br\/se\/mulher-de-victor-da-dupla-victor-leo-presta-queixa-de-agressao-contra-o-cantor\/","title":{"rendered":"Mulher de Victor, da dupla Victor &#038; Leo, presta queixa de agress\u00e3o contra o cantor"},"content":{"rendered":"<p style=\"text-align: justify;\">A mulher do cantor Victor Chaves Zapal\u00e1 Pimentel, de 41 anos, da dupla sertaneja Victor &amp; L\u00e9o, prestou queixa contra o marido em Belo Horizonte nesta sexta-feira (24). Poliana Bagatini Chaves, de 29 anos, disse ter sido agredida por ele.<\/p>\n<div id=\"attachment_101017\" style=\"width: 609px\" class=\"wp-caption aligncenter\"><img loading=\"lazy\" decoding=\"async\" aria-describedby=\"caption-attachment-101017\" class=\"size-full wp-image-101017\" src=\"http:\/\/senoticias.com.br\/se\/wp-content\/uploads\/2017\/02\/Vitor-e-leo-SE-Noticias-e1487984444100.jpg\" alt=\"Mulher de Victor Chaves (\u00e0 esq), da dupla sertaneja Victor &amp; L\u00e9o, disse \u00e0 pol\u00edcia que foi agredida pelo marido em BH (Foto: Isabella Pinheiro\/Gshow)\" width=\"599\" height=\"415\" \/><p id=\"caption-attachment-101017\" class=\"wp-caption-text\">Mulher de Victor Chaves (\u00e0 esq), da dupla sertaneja Victor &amp; L\u00e9o, disse \u00e0 pol\u00edcia que foi agredida pelo marido em BH. (Foto: Isabella Pinheiro\/Gshow)<\/p><\/div>\n<div class=\"mc-column content-text active-extra-styles \" data-block-type=\"unstyled\" data-block-weight=\"46\">\n<p class=\"content-text__container \" style=\"text-align: justify;\" data-track-category=\"Link no Texto\" data-track-links=\"\">Segundo a ocorr\u00eancia, Poliana, que est\u00e1 gr\u00e1vida, afirmou ter sido jogada ao ch\u00e3o por Victor e ter recebido v\u00e1rios chutes dele. A briga, de acordo com as informa\u00e7\u00f5es da pol\u00edcia, come\u00e7ou por motivos f\u00fateis. Os dois moram no bairro Luxemburgo, na regi\u00e3o Centro-Sul de Belo Horizonte.<\/p>\n<div class=\"mc-column content-text active-extra-styles \" style=\"text-align: justify;\" data-block-type=\"unstyled\" data-block-weight=\"19\">\n<p class=\"content-text__container \" data-track-category=\"Link no Texto\" data-track-links=\"\">Ela teria sido impedida por um seguran\u00e7a e pela irm\u00e3 do cantor de sair do local ap\u00f3s as agress\u00f5es.<\/p>\n<\/div>\n<div class=\"mc-column content-text active-extra-styles \" data-block-type=\"unstyled\" data-block-weight=\"37\">\n<p class=\"content-text__container \" style=\"text-align: justify;\" data-track-category=\"Link no Texto\" data-track-links=\"\">Ainda segundo a pol\u00edcia, ela s\u00f3 conseguiu deixar o pr\u00e9dio ap\u00f3s uma vizinha ouvir a briga e chamar o elevador para Poliana. Depois de ter sa\u00eddo do pr\u00e9dio, ela disse estar sendo amea\u00e7ada pela fam\u00edlia do marido.<\/p>\n<\/div>\n<div class=\"mc-column content-text active-extra-styles \" data-block-type=\"unstyled\" data-block-weight=\"46\">\n<p class=\"content-text__container \" style=\"text-align: justify;\" data-track-category=\"Link no Texto\" data-track-links=\"\">Poliana prestou queixa na Delegacia Seccional Sul e depois foi encaminhada para a Delegacia de Mulheres da capital. L\u00e1, segundo a Pol\u00edcia Civil, ela desistiu de prestar depoimento e n\u00e3o fez o exame de corpo de delito. Por\u00e9m, a investiga\u00e7\u00e3o continua, de acordo com a corpora\u00e7\u00e3o.<\/p>\n<\/div>\n<div class=\"mc-column content-text active-extra-styles \" style=\"text-align: justify;\" data-block-type=\"unstyled\" data-block-weight=\"26\">\n<p class=\"content-text__container \" data-track-category=\"Link no Texto\" data-track-links=\"\">Procurada, a assessoria do cantor disse que ele est\u00e1 em viagem de f\u00e9rias e que n\u00e3o conseguiu contat\u00e1-lo. Victor ainda n\u00e3o se manifestou sobre o caso.<\/p>\n<\/div>\n<div class=\"content-ads content-ads--reveal\" style=\"text-align: justify;\"><\/div>\n<div class=\"mc-column content-text active-extra-styles \" data-block-type=\"unstyled\" data-block-weight=\"31\">\n<p class=\"content-text__container \" style=\"text-align: justify;\" data-track-category=\"Link no Texto\" data-track-links=\"\">Victor e Leo participam da segunda temporada do programa &#8216;The Voice Kids&#8217;. Os dois formam um time de t\u00e9cnicos na atra\u00e7\u00e3o. Ivete Sangalo e Carlinhos Brown s\u00e3o os outros dois t\u00e9cnicos. <em>(Informa\u00e7\u00f5es do\u00a0<a href=\"http:\/\/g1.globo.com\/minas-gerais\/noticia\/mulher-de-victor-da-dupla-victor-leo-presta-queixa-de-agressao-em-mg.ghtml\"><strong>G1 MG<\/strong><\/a>, Belo Horizonte)<\/em><\/p>\n<p class=\"content-text__container \" style=\"text-align: justify;\" data-track-category=\"Link no Texto\" data-track-links=\"\"><img loading=\"lazy\" decoding=\"async\" class=\"aligncenter size-full wp-image-100909\" src=\"http:\/\/senoticias.com.br\/se\/wp-content\/uploads\/2017\/02\/Logo-fone-1-2-1-2-5.jpg\" alt=\"Logo-fone-1-2-1-2\" width=\"599\" height=\"78\" srcset=\"https:\/\/senoticias.com.br\/se\/wp-content\/uploads\/2017\/02\/Logo-fone-1-2-1-2-5.jpg 599w, https:\/\/senoticias.com.br\/se\/wp-content\/uploads\/2017\/02\/Logo-fone-1-2-1-2-5-300x39.jpg 300w\" sizes=\"(max-width: 599px) 100vw, 599px\" \/><\/p>\n<p class=\"content-text__container \" style=\"text-align: justify;\" data-track-category=\"Link no Texto\" data-track-links=\"\"><strong>Acompanhe tamb\u00e9m o SE Not\u00edcias no <a href=\"https:\/\/twitter.com\/Senoticias\">Twitter<\/a>, <a href=\"https:\/\/www.facebook.com\/PortalSENoticias\/\">Facebook <\/a>e no <a href=\"https:\/\/www.instagram.com\/senoticias\/\">Instagram<\/a><\/strong><\/p>\n<p class=\"content-text__container \" data-track-category=\"Link no Texto\" data-track-links=\"\">\n<\/div>\n<\/div>\n","protected":false},"excerpt":{"rendered":"<p>A mulher do cantor Victor Chaves Zapal\u00e1 Pimentel, de 41 anos, da dupla sertaneja Victor &amp; L\u00e9o, prestou queixa contra o marido em Belo Horizonte nesta sexta-feira (24). Poliana Bagatini Chaves, de 29 anos, disse ter sido agredida por ele. Segundo a ocorr\u00eancia, Poliana, que est\u00e1 gr\u00e1vida, afirmou ter sido jogada ao ch\u00e3o por Victor [&hellip;]<\/p>\n","protected":false},"author":2,"featured_media":101017,"comment_status":"closed","ping_status":"closed","sticky":false,"template":"","format":"standard","meta":{"footnotes":""},"categories":[15,8],"tags":[2369,2366,2368,2367],"class_list":{"0":"post-101016","1":"post","2":"type-post","3":"status-publish","4":"format-standard","5":"has-post-thumbnail","7":"category-destaques","8":"category-esporte-e-cultura","9":"tag-cantor-vitor","10":"tag-mulher-de-victor","11":"tag-mulher-presta-queixa-de-vitor","12":"tag-victor-leo"},"_links":{"self":[{"href":"https:\/\/senoticias.com.br\/se\/wp-json\/wp\/v2\/posts\/101016"}],"collection":[{"href":"https:\/\/senoticias.com.br\/se\/wp-json\/wp\/v2\/posts"}],"about":[{"href":"https:\/\/senoticias.com.br\/se\/wp-json\/wp\/v2\/types\/post"}],"author":[{"embeddable":true,"href":"https:\/\/senoticias.com.br\/se\/wp-json\/wp\/v2\/users\/2"}],"replies":[{"embeddable":true,"href":"https:\/\/senoticias.com.br\/se\/wp-json\/wp\/v2\/comments?post=101016"}],"version-history":[{"count":0,"href":"https:\/\/senoticias.com.br\/se\/wp-json\/wp\/v2\/posts\/101016\/revisions"}],"wp:featuredmedia":[{"embeddable":true,"href":"https:\/\/senoticias.com.br\/se\/wp-json\/wp\/v2\/media\/101017"}],"wp:attachment":[{"href":"https:\/\/senoticias.com.br\/se\/wp-json\/wp\/v2\/media?parent=101016"}],"wp:term":[{"taxonomy":"category","embeddable":true,"href":"https:\/\/senoticias.com.br\/se\/wp-json\/wp\/v2\/categories?post=101016"},{"taxonomy":"post_tag","embeddable":true,"href":"https:\/\/senoticias.com.br\/se\/wp-json\/wp\/v2\/tags?post=101016"}],"curies":[{"name":"wp","href":"https:\/\/api.w.org\/{rel}","templated":true}]}}