{"id":101013,"date":"2017-02-24T20:19:24","date_gmt":"2017-02-24T23:19:24","guid":{"rendered":"http:\/\/senoticias.com.br\/se\/?p=101013"},"modified":"2017-02-24T20:49:03","modified_gmt":"2017-02-24T23:49:03","slug":"sao-cristovao-resgata-a-beleza-e-a-alegria-do-carnaval-dos-carnavais","status":"publish","type":"post","link":"https:\/\/senoticias.com.br\/se\/sao-cristovao-resgata-a-beleza-e-a-alegria-do-carnaval-dos-carnavais\/","title":{"rendered":"S\u00e3o Crist\u00f3v\u00e3o resgata a beleza e a alegria do &#8216;Carnaval dos Carnavais&#8217;"},"content":{"rendered":"<p style=\"text-align: justify;\">A Prefeitura de S\u00e3o Crist\u00f3v\u00e3o n\u00e3o poder\u00e1 financiar o carnaval do munic\u00edpio (seguindo recomenda\u00e7\u00e3o\u00a0do Tribunal de Contas do Estado), por\u00e9m, n\u00e3o mediu esfor\u00e7os para oferecer a parte de log\u00edstica no tr\u00e2nsito e apoio atrav\u00e9s das secretarias de sa\u00fade, de assist\u00eancia social e trabalho e SMTT. Sendo assim, nos pr\u00f3ximos dias 26,27 e 28 (domingo, segunda e ter\u00e7a) de fevereiro, a cidade estar\u00e1 fervilhando com a alegria popular dos foli\u00f5es.<\/p>\n<div id=\"attachment_101014\" style=\"width: 602px\" class=\"wp-caption aligncenter\"><img loading=\"lazy\" decoding=\"async\" aria-describedby=\"caption-attachment-101014\" class=\"size-full wp-image-101014\" src=\"http:\/\/senoticias.com.br\/se\/wp-content\/uploads\/2017\/02\/CArnaval-dos-Carnavais-SE-Noticias.jpg\" alt=\"Com 4 anos de tradi\u00e7\u00e3o, bloco arrastou milhares de foli\u00f5es no VIII Carnaval dos Carnavais de S\u00e3o Crist\u00f3v\u00e3o.\" width=\"592\" height=\"443\" srcset=\"https:\/\/senoticias.com.br\/se\/wp-content\/uploads\/2017\/02\/CArnaval-dos-Carnavais-SE-Noticias.jpg 592w, https:\/\/senoticias.com.br\/se\/wp-content\/uploads\/2017\/02\/CArnaval-dos-Carnavais-SE-Noticias-300x224.jpg 300w, https:\/\/senoticias.com.br\/se\/wp-content\/uploads\/2017\/02\/CArnaval-dos-Carnavais-SE-Noticias-45x35.jpg 45w\" sizes=\"(max-width: 592px) 100vw, 592px\" \/><p id=\"caption-attachment-101014\" class=\"wp-caption-text\">Com 8 anos de tradi\u00e7\u00e3o, bloco &#8216;Filhos de Deus&#8217; arrasta milhares de foli\u00f5es no Carnaval dos Carnavais de S\u00e3o Crist\u00f3v\u00e3o. (Foto: arquivo\/SE Not\u00edcias)<\/p><\/div>\n<p>Como se trata de um resgate popular, cada dia ter\u00e1 bloquinhos de rua, alguns tradicionais como o Morde Fronha e o Quengas e Marias. Estaremos repassando algumas informa\u00e7\u00f5es para facilitar o agendamento de pautas da imprensa. Ah, vale ressaltar que a popula\u00e7\u00e3o escolheu o Mestre Rind\u00fa como o homenageado do carnaval 2017.<\/p>\n<p style=\"text-align: justify;\">\u201ccarnaval dos carnavais\u201d como \u00e9 chamada a festa da cidade, ressurgiu na administra\u00e7\u00e3o do ex-prefeito Zezinho da Everest. Esse ano a programa\u00e7\u00e3o conta com blocos organizados por moradores da cidade, muito frevo, muitos turistas, e o principal, a alegria do povo sancristovense.<\/p>\n<p><strong>Programa\u00e7\u00e3o<\/strong><\/p>\n<p style=\"text-align: justify;\"><strong>Centro Hist\u00f3rico <\/strong>\u2013 os blocos sair\u00e3o da pra\u00e7a da Bandeira passando seguindo pela Rua do Ros\u00e1rio, at\u00e9 a pra\u00e7a Matriz, depois v\u00e3o at\u00e9 a pra\u00e7a do Carmo, retornando \u00e0 pra\u00e7a S\u00e3o Francisco. Num verdadeiro tour hist\u00f3rico pela cidade. Vale lembrar\u00a0que n\u00e3o ter\u00e1 trio el\u00e9trico, aqui o carnaval \u00e9 de rua com o povo circulando e fazendo o au\u00ea.<\/p>\n<p><strong>Domingo, 26<\/strong><\/p>\n<p>13h &#8211; Bloco Morde Fronha.<br \/>\n15h &#8211; Bloco A Molekada e Bloco Gugu Dada.<br \/>\n16h &#8211; Bloco Sem Vergonha.<br \/>\n17h &#8211; Bloco Sa\u00fade e Preven\u00e7\u00e3o; Bloco Uni\u00e3o; Bloco AfroAx\u00e9.<br \/>\n18h &#8211; Bloco a Porta.<\/p>\n<p><strong>Segunda, 27<\/strong><\/p>\n<p>11h &#8211; S\u00f3 Dar N\u00f3s.<br \/>\n16h &#8211; Burundanga Percussivo.<br \/>\n17h &#8211; Bloco Filhos de Deus.<\/p>\n<p><strong>Ter\u00e7a, 28<\/strong><\/p>\n<p>14h &#8211; Bloco As Piranhas.<br \/>\n15h30 &#8211; Bloco A Molekada.<br \/>\n16h &#8211; Bloco Sem Vergonha.<br \/>\n17h &#8211; Bloco A Porta.<\/p>\n<p><strong>Bica dos Pintos <\/strong>&#8211; a festa acontecer\u00e1 dentro do pr\u00f3prio local com bandinhas de frevo, das 13h \u00e0s 17h30.<\/p>\n<p><strong>Eduardo Gomes <\/strong>&#8211; cada bloco ter\u00e1 um local de sa\u00edda.<\/p>\n<p><strong>(Domingo, 26)<\/strong><\/p>\n<p>10h &#8211; Bloco EquipePit\u00fa (sair\u00e1 das proximidades da delegacia).<br \/>\n10h &#8211; Bloco do Sujeira (sair\u00e1 do Renat\u00e3o).<br \/>\n11h &#8211; Bloco Do Borreia (sair\u00e1 do Bar).<br \/>\n11h &#8211; Bloco Alegria (sair\u00e1 doTijuquinha).<br \/>\n12h &#8211; Bloco Quengas e Marias (sair\u00e1 do Renat\u00e3o).<br \/>\n13h &#8211; Bloco as Raymundas (sair\u00e1 da Rua 11).<\/p>\n<p>&nbsp;<\/p>\n<p><strong>Ter\u00e7a, 28<\/strong><\/p>\n<p>10h \u2013 Blocos: FlaPaix\u00e3o, Pinga-Pinga, T\u00f4NemA\u00ed e O Mundo \u00e9 Gay (sair\u00e3o da entrada do Eduardo Gomes).<\/p>\n<p>14h Banda de Frevo.<\/p>\n<p><img loading=\"lazy\" decoding=\"async\" class=\"aligncenter size-full wp-image-100909\" src=\"http:\/\/senoticias.com.br\/se\/wp-content\/uploads\/2017\/02\/Logo-fone-1-2-1-2-5.jpg\" alt=\"Logo-fone-1-2-1-2\" width=\"599\" height=\"78\" srcset=\"https:\/\/senoticias.com.br\/se\/wp-content\/uploads\/2017\/02\/Logo-fone-1-2-1-2-5.jpg 599w, https:\/\/senoticias.com.br\/se\/wp-content\/uploads\/2017\/02\/Logo-fone-1-2-1-2-5-300x39.jpg 300w\" sizes=\"(max-width: 599px) 100vw, 599px\" \/><\/p>\n<p><strong>Acompanhe tamb\u00e9m o SE Not\u00edcias no <a href=\"https:\/\/twitter.com\/Senoticias\">Twitter<\/a>, <a href=\"https:\/\/www.facebook.com\/PortalSENoticias\/\">Facebook <\/a>e no <a href=\"https:\/\/www.instagram.com\/senoticias\/\">Instagram<\/a><\/strong><\/p>\n","protected":false},"excerpt":{"rendered":"<p>A Prefeitura de S\u00e3o Crist\u00f3v\u00e3o n\u00e3o poder\u00e1 financiar o carnaval do munic\u00edpio (seguindo recomenda\u00e7\u00e3o\u00a0do Tribunal de Contas do Estado), por\u00e9m, n\u00e3o mediu esfor\u00e7os para oferecer a parte de log\u00edstica no tr\u00e2nsito e apoio atrav\u00e9s das secretarias de sa\u00fade, de assist\u00eancia social e trabalho e SMTT. Sendo assim, nos pr\u00f3ximos dias 26,27 e 28 (domingo, segunda [&hellip;]<\/p>\n","protected":false},"author":2,"featured_media":101014,"comment_status":"closed","ping_status":"closed","sticky":false,"template":"","format":"standard","meta":{"footnotes":""},"categories":[2307,15],"tags":[],"class_list":{"0":"post-101013","1":"post","2":"type-post","3":"status-publish","4":"format-standard","5":"has-post-thumbnail","7":"category-carnaval-2017","8":"category-destaques"},"_links":{"self":[{"href":"https:\/\/senoticias.com.br\/se\/wp-json\/wp\/v2\/posts\/101013"}],"collection":[{"href":"https:\/\/senoticias.com.br\/se\/wp-json\/wp\/v2\/posts"}],"about":[{"href":"https:\/\/senoticias.com.br\/se\/wp-json\/wp\/v2\/types\/post"}],"author":[{"embeddable":true,"href":"https:\/\/senoticias.com.br\/se\/wp-json\/wp\/v2\/users\/2"}],"replies":[{"embeddable":true,"href":"https:\/\/senoticias.com.br\/se\/wp-json\/wp\/v2\/comments?post=101013"}],"version-history":[{"count":0,"href":"https:\/\/senoticias.com.br\/se\/wp-json\/wp\/v2\/posts\/101013\/revisions"}],"wp:featuredmedia":[{"embeddable":true,"href":"https:\/\/senoticias.com.br\/se\/wp-json\/wp\/v2\/media\/101014"}],"wp:attachment":[{"href":"https:\/\/senoticias.com.br\/se\/wp-json\/wp\/v2\/media?parent=101013"}],"wp:term":[{"taxonomy":"category","embeddable":true,"href":"https:\/\/senoticias.com.br\/se\/wp-json\/wp\/v2\/categories?post=101013"},{"taxonomy":"post_tag","embeddable":true,"href":"https:\/\/senoticias.com.br\/se\/wp-json\/wp\/v2\/tags?post=101013"}],"curies":[{"name":"wp","href":"https:\/\/api.w.org\/{rel}","templated":true}]}}