{"id":101010,"date":"2017-02-24T13:37:00","date_gmt":"2017-02-24T16:37:00","guid":{"rendered":"http:\/\/senoticias.com.br\/se\/?p=101010"},"modified":"2017-02-25T09:04:26","modified_gmt":"2017-02-25T12:04:26","slug":"ivete-sangalo-diz-que-retomou-planos-de-ter-mais-filhos-a-zika-atrasou","status":"publish","type":"post","link":"https:\/\/senoticias.com.br\/se\/ivete-sangalo-diz-que-retomou-planos-de-ter-mais-filhos-a-zika-atrasou\/","title":{"rendered":"Ivete Sangalo diz que retomou planos de ter mais filhos: &#8216;A zika atrasou&#8217;"},"content":{"rendered":"<p style=\"text-align: justify;\">O clima na Bahia \u00e9 de Carnaval, mas Ivete Sangalo j\u00e1 est\u00e1 pensando nos planos para ap\u00f3s a folia. Ela e o marido, Daniel Cady, retomaram os planos para aumentar a fam\u00edlia e querem ter mais filhos. Os dois falaram do assunto em entrevista ao EGO no camarim da cantora em seu trio el\u00e9trico em Salvador nesta quinta-feira, 23.<\/p>\n<div id=\"attachment_101011\" style=\"width: 590px\" class=\"wp-caption aligncenter\"><a href=\"http:\/\/senoticias.com.br\/se\/wp-content\/uploads\/2017\/02\/Ivete-sangalo-SE-Noticias-e1487954167745.jpg\"><img loading=\"lazy\" decoding=\"async\" aria-describedby=\"caption-attachment-101011\" class=\"size-full wp-image-101011\" src=\"http:\/\/senoticias.com.br\/se\/wp-content\/uploads\/2017\/02\/Ivete-sangalo-SE-Noticias-e1487954167745.jpg\" alt=\"Ivete Sangalo (Foto: Mauro Zaniboni \/ Ag Haack)\" width=\"580\" height=\"386\" \/><\/a><p id=\"caption-attachment-101011\" class=\"wp-caption-text\">Ivete Sangalo (Foto: Mauro Zaniboni \/ Ag Haack)<\/p><\/div>\n<p style=\"text-align: justify;\">&#8220;Olha, os planos de ter mais filhos continuam. Ano passado a gente conversou e adiou um pouco por causa da epidemia de zika, mas agora eu tenho notado que o surto da doen\u00e7a pode diminuir. Estou na torcida, e a\u00ed o filho vem quando Deus quiser, n\u00e9?&#8221;, falou Ivete, revelando que n\u00e3o coloca data para isso acontecer.<\/p>\n<p style=\"text-align: justify;\">Acompanhando Ivete Sangalo, Daniel Cady disse que o plano do casal \u00e9 de ter apenas mais um filho. Ele justifica: &#8220;A gente n\u00e3o pensa em outros muitos, n\u00e3o. \u00c9 mais um s\u00f3, seja menino ou menina. O importante de ter dois filhos \u00e9 que eles aprendam a dividir&#8221;, disse o nutricionista. Ela deu um beijinho no marido antes de pegar o microfone e todos os f\u00e3s gritaram.<\/p>\n<p style=\"text-align: justify;\">Daniel contou que a fun\u00e7\u00e3o dele no trio de Ivete \u00e9 evitar &#8220;excessos&#8221; dela ap\u00f3s o show. &#8220;Cuido da alimenta\u00e7\u00e3o, se ela est\u00e1 bebendo \u00e1gua, tudo isso. Saindo daqui \u00e9 toda uma prepara\u00e7\u00e3o para que ela n\u00e3o sofra as consequ\u00eancias desta maratona&#8221;, disse ele.<\/p>\n<p style=\"text-align: justify;\">Ivete Sangalo, com sua maratona da folia, realmente conseguiu misturar o Carnaval do Rio com o de Salvador. Assim que subiu no trio na Bahia, os f\u00e3s &#8211; muitos com a camisa da escola de samba Grande Rio &#8211; come\u00e7aram a gritar: &#8220;Ei, psiu&#8230; Ivete \u00e9 Grande Rio.&#8221; A cantora sorriu ao notar o grito dos f\u00e3s.&#8221;Boa noite Salvador! Eu estou muito feliz de estar aqui com voc\u00eas em mais um Carnaval. Quero uma festa de paz, gente!&#8221;, disse ela, ao iniciar o show. Ela brincou sobre seu figurino: &#8220;Hoje eu vim de tuti fruti&#8230; uma del\u00edcia!&#8221;<\/p>\n<p style=\"line-height: 14.25pt;\"><strong><span style=\"font-size: 10.0pt; font-family: 'Georgia','serif'; color: #333333;\">Acompanhe tamb\u00e9m o SE Not\u00edcias no<\/span><\/strong><span class=\"apple-converted-space\"><b><span style=\"font-size: 10.0pt; font-family: 'Georgia','serif'; color: #333333;\">\u00a0<\/span><\/b><\/span><a href=\"https:\/\/twitter.com\/Senoticias\" target=\"_blank\"><b><span style=\"font-size: 10.0pt; font-family: 'Georgia','serif';\">Twitter<\/span><\/b><\/a><strong><span style=\"font-size: 10.0pt; font-family: 'Georgia','serif'; color: #333333;\">,<\/span><\/strong><span class=\"apple-converted-space\"><b><span style=\"font-size: 10.0pt; font-family: 'Georgia','serif'; color: #333333;\">\u00a0<\/span><\/b><\/span><a href=\"https:\/\/www.facebook.com\/senoticias1\" target=\"_blank\"><b><span style=\"font-size: 10.0pt; font-family: 'Georgia','serif';\">Facebook<\/span><\/b><span class=\"apple-converted-space\"><b><span style=\"font-size: 10.0pt; font-family: 'Georgia','serif'; color: windowtext; text-decoration: none;\">\u00a0<\/span><\/b><\/span><\/a><strong><span style=\"font-size: 10.0pt; font-family: 'Georgia','serif'; color: #333333;\">e no<\/span><\/strong><span class=\"apple-converted-space\"><b><span style=\"font-size: 10.0pt; font-family: 'Georgia','serif'; color: #333333;\">\u00a0<\/span><\/b><\/span><a href=\"https:\/\/www.instagram.com\/senoticias\/\" target=\"_blank\"><b><span style=\"font-size: 10.0pt; font-family: 'Georgia','serif';\">Instagram<\/span><\/b><\/a><strong><span style=\"font-size: 10.0pt; font-family: 'Georgia','serif'; color: #333333;\">.<\/span><\/strong><\/p>\n<p style=\"text-align: justify;\"><a href=\"http:\/\/senoticias.com.br\/se\/wp-content\/uploads\/2017\/02\/Logo-fone-1-2-1-2-5.jpg\"><img loading=\"lazy\" decoding=\"async\" class=\"aligncenter size-full wp-image-100909\" src=\"http:\/\/senoticias.com.br\/se\/wp-content\/uploads\/2017\/02\/Logo-fone-1-2-1-2-5.jpg\" alt=\"Logo-fone-1-2-1-2\" width=\"599\" height=\"78\" srcset=\"https:\/\/senoticias.com.br\/se\/wp-content\/uploads\/2017\/02\/Logo-fone-1-2-1-2-5.jpg 599w, https:\/\/senoticias.com.br\/se\/wp-content\/uploads\/2017\/02\/Logo-fone-1-2-1-2-5-300x39.jpg 300w\" sizes=\"(max-width: 599px) 100vw, 599px\" \/><\/a><\/p>\n<p style=\"text-align: justify;\">Por Lucas Pasin<br \/>\nDo EGO, em Salvador<\/p>\n<p style=\"text-align: justify;\">\n","protected":false},"excerpt":{"rendered":"<p>O clima na Bahia \u00e9 de Carnaval, mas Ivete Sangalo j\u00e1 est\u00e1 pensando nos planos para ap\u00f3s a folia. Ela e o marido, Daniel Cady, retomaram os planos para aumentar a fam\u00edlia e querem ter mais filhos. Os dois falaram do assunto em entrevista ao EGO no camarim da cantora em seu trio el\u00e9trico em [&hellip;]<\/p>\n","protected":false},"author":5618,"featured_media":101011,"comment_status":"closed","ping_status":"closed","sticky":false,"template":"","format":"standard","meta":{"footnotes":""},"categories":[21],"tags":[2365],"class_list":{"0":"post-101010","1":"post","2":"type-post","3":"status-publish","4":"format-standard","5":"has-post-thumbnail","7":"category-entretenimento","8":"tag-ivete-sangalo-diz-que-retomou-planos-de-ter-mais-filhos-a-zika-atrasou"},"_links":{"self":[{"href":"https:\/\/senoticias.com.br\/se\/wp-json\/wp\/v2\/posts\/101010"}],"collection":[{"href":"https:\/\/senoticias.com.br\/se\/wp-json\/wp\/v2\/posts"}],"about":[{"href":"https:\/\/senoticias.com.br\/se\/wp-json\/wp\/v2\/types\/post"}],"author":[{"embeddable":true,"href":"https:\/\/senoticias.com.br\/se\/wp-json\/wp\/v2\/users\/5618"}],"replies":[{"embeddable":true,"href":"https:\/\/senoticias.com.br\/se\/wp-json\/wp\/v2\/comments?post=101010"}],"version-history":[{"count":0,"href":"https:\/\/senoticias.com.br\/se\/wp-json\/wp\/v2\/posts\/101010\/revisions"}],"wp:featuredmedia":[{"embeddable":true,"href":"https:\/\/senoticias.com.br\/se\/wp-json\/wp\/v2\/media\/101011"}],"wp:attachment":[{"href":"https:\/\/senoticias.com.br\/se\/wp-json\/wp\/v2\/media?parent=101010"}],"wp:term":[{"taxonomy":"category","embeddable":true,"href":"https:\/\/senoticias.com.br\/se\/wp-json\/wp\/v2\/categories?post=101010"},{"taxonomy":"post_tag","embeddable":true,"href":"https:\/\/senoticias.com.br\/se\/wp-json\/wp\/v2\/tags?post=101010"}],"curies":[{"name":"wp","href":"https:\/\/api.w.org\/{rel}","templated":true}]}}