{"id":100918,"date":"2017-02-22T19:47:04","date_gmt":"2017-02-22T22:47:04","guid":{"rendered":"http:\/\/senoticias.com.br\/se\/?p=100918"},"modified":"2017-02-22T19:47:04","modified_gmt":"2017-02-22T22:47:04","slug":"novos-servidores-tomam-posse-no-tribunal-de-contas-do-estado","status":"publish","type":"post","link":"https:\/\/senoticias.com.br\/se\/novos-servidores-tomam-posse-no-tribunal-de-contas-do-estado\/","title":{"rendered":"Novos servidores tomam posse no Tribunal de Contas do Estado"},"content":{"rendered":"<p style=\"text-align: justify;\">O Tribunal de Contas do Estado (TCE\/SE) passou a contar com mais dois servidores em seu quadro efetivo a partir desta quarta-feira, 22. Aprovados no concurso realizado pelo \u00f3rg\u00e3o no ano de 2015, a m\u00e9dica Cybele Maria Bonfim Santos e o analista de tecnologia da informa\u00e7\u00e3o, Israel Dias de Jesus J\u00fanior, foram empossados no gabinete do conselheiro-presidente Cl\u00f3vis Barbosa de Melo.<\/p>\n<div id=\"attachment_100919\" style=\"width: 510px\" class=\"wp-caption aligncenter\"><img loading=\"lazy\" decoding=\"async\" aria-describedby=\"caption-attachment-100919\" class=\"size-full wp-image-100919\" src=\"http:\/\/senoticias.com.br\/se\/wp-content\/uploads\/2017\/02\/Novos-Servidores-SE-NOTICIAS.jpg\" alt=\"Conselheiro-presidente recebeu os novos servidores em seu gabinete (Fotos: Cleverton Ribeiro)\" width=\"500\" height=\"333\" srcset=\"https:\/\/senoticias.com.br\/se\/wp-content\/uploads\/2017\/02\/Novos-Servidores-SE-NOTICIAS.jpg 500w, https:\/\/senoticias.com.br\/se\/wp-content\/uploads\/2017\/02\/Novos-Servidores-SE-NOTICIAS-300x200.jpg 300w, https:\/\/senoticias.com.br\/se\/wp-content\/uploads\/2017\/02\/Novos-Servidores-SE-NOTICIAS-90x60.jpg 90w, https:\/\/senoticias.com.br\/se\/wp-content\/uploads\/2017\/02\/Novos-Servidores-SE-NOTICIAS-180x120.jpg 180w, https:\/\/senoticias.com.br\/se\/wp-content\/uploads\/2017\/02\/Novos-Servidores-SE-NOTICIAS-95x64.jpg 95w\" sizes=\"(max-width: 500px) 100vw, 500px\" \/><p id=\"caption-attachment-100919\" class=\"wp-caption-text\">Conselheiro-presidente recebeu os novos servidores em seu gabinete (Foto: Cleverton Ribeiro)<\/p><\/div>\n<p style=\"text-align: justify;\">\n<p>&#8220;Demos as boas vindas aos novos servidores externando a expectativa desta Casa no sentido de que desempenhem suas fun\u00e7\u00f5es com dedica\u00e7\u00e3o em benef\u00edcio do \u00f3rg\u00e3o&#8221;, destacou o conselheiro, que na \u00faltima sess\u00e3o do Pleno prop\u00f4s ao colegiado a prorroga\u00e7\u00e3o do prazo de validade do concurso por mais dois anos.<\/p>\n<p>Os servidores empossados mostraram-se ansiosos com o in\u00edcio dos trabalhos no Tribunal: &#8220;Estou muito feliz por ingressar no Tribunal; espero contribuir para a sa\u00fade dos funcion\u00e1rios desta Casa&#8221;, afirmou Cybele Maria Bonfim Santos.<\/p>\n<p>&#8220;Quero muito me dedicar e fazer o Tribunal avan\u00e7ar o m\u00e1ximo poss\u00edvel na \u00e1rea de tecnologia da informa\u00e7\u00e3o&#8221;, ressaltou Israel Dias.<\/p>\n<p>Com os novos empossados, chega a 37 o quantitativo de servidores concursados que foram nomeados no TCE\/SE desde o in\u00edcio de 2016.<\/p>\n<p style=\"text-align: justify;\"><img loading=\"lazy\" decoding=\"async\" class=\"aligncenter size-full wp-image-100909\" src=\"http:\/\/senoticias.com.br\/se\/wp-content\/uploads\/2017\/02\/Logo-fone-1-2-1-2-5.jpg\" alt=\"Logo-fone-1-2-1-2\" width=\"599\" height=\"78\" srcset=\"https:\/\/senoticias.com.br\/se\/wp-content\/uploads\/2017\/02\/Logo-fone-1-2-1-2-5.jpg 599w, https:\/\/senoticias.com.br\/se\/wp-content\/uploads\/2017\/02\/Logo-fone-1-2-1-2-5-300x39.jpg 300w\" sizes=\"(max-width: 599px) 100vw, 599px\" \/><\/p>\n<p style=\"text-align: justify;\"><strong>Acompanhe tamb\u00e9m o SE Not\u00edcias no<\/strong><strong>\u00a0<\/strong><strong><a href=\"https:\/\/twitter.com\/Senoticias\">Twitter<\/a>,<\/strong><strong>\u00a0<\/strong><strong><a href=\"https:\/\/www.facebook.com\/senoticias1\">Facebook<\/a><\/strong><strong>\u00a0<\/strong><strong>e no<\/strong><a href=\"https:\/\/www.instagram.com\/senoticias\/\"><strong>\u00a0<\/strong><strong>Instagram<\/strong><\/a><\/p>\n<p style=\"text-align: justify;\"><em>Ascom\/TCE<\/em><\/p>\n","protected":false},"excerpt":{"rendered":"<p>O Tribunal de Contas do Estado (TCE\/SE) passou a contar com mais dois servidores em seu quadro efetivo a partir desta quarta-feira, 22. Aprovados no concurso realizado pelo \u00f3rg\u00e3o no ano de 2015, a m\u00e9dica Cybele Maria Bonfim Santos e o analista de tecnologia da informa\u00e7\u00e3o, Israel Dias de Jesus J\u00fanior, foram empossados no gabinete [&hellip;]<\/p>\n","protected":false},"author":2,"featured_media":100919,"comment_status":"closed","ping_status":"closed","sticky":false,"template":"","format":"standard","meta":{"footnotes":""},"categories":[6],"tags":[],"class_list":{"0":"post-100918","1":"post","2":"type-post","3":"status-publish","4":"format-standard","5":"has-post-thumbnail","7":"category-politica"},"_links":{"self":[{"href":"https:\/\/senoticias.com.br\/se\/wp-json\/wp\/v2\/posts\/100918"}],"collection":[{"href":"https:\/\/senoticias.com.br\/se\/wp-json\/wp\/v2\/posts"}],"about":[{"href":"https:\/\/senoticias.com.br\/se\/wp-json\/wp\/v2\/types\/post"}],"author":[{"embeddable":true,"href":"https:\/\/senoticias.com.br\/se\/wp-json\/wp\/v2\/users\/2"}],"replies":[{"embeddable":true,"href":"https:\/\/senoticias.com.br\/se\/wp-json\/wp\/v2\/comments?post=100918"}],"version-history":[{"count":0,"href":"https:\/\/senoticias.com.br\/se\/wp-json\/wp\/v2\/posts\/100918\/revisions"}],"wp:featuredmedia":[{"embeddable":true,"href":"https:\/\/senoticias.com.br\/se\/wp-json\/wp\/v2\/media\/100919"}],"wp:attachment":[{"href":"https:\/\/senoticias.com.br\/se\/wp-json\/wp\/v2\/media?parent=100918"}],"wp:term":[{"taxonomy":"category","embeddable":true,"href":"https:\/\/senoticias.com.br\/se\/wp-json\/wp\/v2\/categories?post=100918"},{"taxonomy":"post_tag","embeddable":true,"href":"https:\/\/senoticias.com.br\/se\/wp-json\/wp\/v2\/tags?post=100918"}],"curies":[{"name":"wp","href":"https:\/\/api.w.org\/{rel}","templated":true}]}}