{"id":100888,"date":"2017-02-22T09:26:24","date_gmt":"2017-02-22T12:26:24","guid":{"rendered":"http:\/\/senoticias.com.br\/se\/?p=100888"},"modified":"2017-02-22T20:08:18","modified_gmt":"2017-02-22T23:08:18","slug":"gta-participa-de-comando-educativo-contra-acidentes-de-transito-em-sao-cristovao","status":"publish","type":"post","link":"https:\/\/senoticias.com.br\/se\/gta-participa-de-comando-educativo-contra-acidentes-de-transito-em-sao-cristovao\/","title":{"rendered":"GTA participa de comando educativo contra acidentes de tr\u00e2nsito, em S\u00e3o Crist\u00f3v\u00e3o"},"content":{"rendered":"<div style=\"text-align: justify;\">\n<p>A Secretaria da\u00a0Seguran\u00e7a P\u00fablica, por meio do Grupamento T\u00e1tico A\u00e9reo (GTA), participou nesta quarta-feira, 22, de uma nova etapa da campanha \u201cSeja amigo do Samu, se beber n\u00e3o dirija\u201d,\u00a0voltada para chamar a aten\u00e7\u00e3o dos motoristas no tr\u00e2nsito durante o per\u00edodo de carnaval e contando com o envolvimento de diversos \u00f3rg\u00e3os.\u00a0Foram apresentadas \u00e0 popula\u00e7\u00e3o v\u00e1rias atividades na primeira etapa realizada na r\u00f3tula do conjunto Eduardo Gomes em S\u00e3o Crist\u00f3v\u00e3o.<\/p>\n<div id=\"attachment_100922\" style=\"width: 609px\" class=\"wp-caption aligncenter\"><img loading=\"lazy\" decoding=\"async\" aria-describedby=\"caption-attachment-100922\" class=\"size-full wp-image-100922\" src=\"http:\/\/senoticias.com.br\/se\/wp-content\/uploads\/2017\/02\/CAMPANHA-TRANSITO-SENOTICIAS-e1487804774982.jpg\" alt=\"Os policias utilizaram a aeronave do grupamento para chamar a aten\u00e7\u00e3o dos motoristas.  (Foto: GTA)\" width=\"599\" height=\"399\" \/><p id=\"caption-attachment-100922\" class=\"wp-caption-text\">Os policias utilizaram a aeronave do grupamento para chamar a aten\u00e7\u00e3o dos motoristas. (Foto: GTA)<\/p><\/div>\n<p>De acordo com o Coordenador do N\u00facleo de Educa\u00e7\u00e3o Permanente do Servi\u00e7o de Atendimento M\u00f3vel de Urg\u00eancia (Samu), Ronei Barbosa, \u00e9 sempre melhor somar for\u00e7as para uma causa \u00fanica. \u201cA gente teve a oportunidade de unir for\u00e7as com o Grupamento T\u00e1tico A\u00e9reo e demais institui\u00e7\u00f5es, um somat\u00f3rio de for\u00e7as para que a gente consiga levar essa mensagem para a popula\u00e7\u00e3o e consequentemente n\u00f3s reduziremos os n\u00fameros de acidentes\u201d,\u00a0 ressaltou.<\/p>\n<div id=\"attachment_100923\" style=\"width: 609px\" class=\"wp-caption aligncenter\"><img loading=\"lazy\" decoding=\"async\" aria-describedby=\"caption-attachment-100923\" class=\"size-full wp-image-100923\" src=\"http:\/\/senoticias.com.br\/se\/wp-content\/uploads\/2017\/02\/CAMPANHA-GTA-SAO-CRISTOVAO-SENOTICIAS-e1487804875552.jpg\" alt=\"GTA participa de campanha educativa de tr\u00e2nsito e demonstra a import\u00e2ncia da preven\u00e7\u00e3o de acidentes\" width=\"599\" height=\"399\" \/><p id=\"caption-attachment-100923\" class=\"wp-caption-text\">GTA participa de campanha educativa de tr\u00e2nsito e demonstra a import\u00e2ncia da preven\u00e7\u00e3o de acidentes. (Foto: GTA)<\/p><\/div>\n<p>O GTA atua em parceria com o Samu no transporte aerom\u00e9dico de pacientes em casos de necessidade de deslocamentos emergenciais. Por conta disso, tem participado do cronograma de atividades da campanha com o pouso da aeronave Falc\u00e3o 01 onde a campanha est\u00e1 sendo realizada.<\/p>\n<p>Segundo o Major do Grupamento T\u00e1tico A\u00e9reo, Danilo Carvalho, a participa\u00e7\u00e3o do grupamento na campanha \u00e9 de extrema import\u00e2ncia ressaltando a preven\u00e7\u00e3o de acidentes. \u201cA miss\u00e3o do Grupamento \u00e9 de realmente apoiar as demais institui\u00e7\u00f5es do estado. O GTA atua em acidentes automobil\u00edsticos oferecendo suporte a v\u00e1rios \u00f3rg\u00e3os como a Pol\u00edcia Rodovi\u00e1ria Federal e ao Samu em casos de v\u00edtimas mais graves, atuando na remo\u00e7\u00e3o de forma r\u00e1pida\u201d.<\/p>\n<p>&nbsp;<\/p>\n<p>Nesta quinta-feira, 23 a concentra\u00e7\u00e3o ser\u00e1 no Posto da Pol\u00edcia Rodovi\u00e1ria Federal, sa\u00edda de Aracaju, e o pouso da aeronave do GTA est\u00e1 previsto para \u00e0s 8h30.\u00a0J\u00e1 na sexta-feira, 24, a concentra\u00e7\u00e3o ser\u00e1 na rotat\u00f3ria ap\u00f3s a ponte Construtor Jo\u00e3o Alves na Barra dos Coqueiros e o pouso da aeronave est\u00e1 previsto para \u00e0s 7h30.<\/p>\n<\/div>\n<div><\/div>\n<div><img loading=\"lazy\" decoding=\"async\" class=\"aligncenter size-full wp-image-100807\" src=\"http:\/\/senoticias.com.br\/se\/wp-content\/uploads\/2017\/02\/Logo-fone-1-2-1-2-4-1.jpg\" alt=\"Logo-fone-1-2-1-2-4\" width=\"599\" height=\"78\" srcset=\"https:\/\/senoticias.com.br\/se\/wp-content\/uploads\/2017\/02\/Logo-fone-1-2-1-2-4-1.jpg 599w, https:\/\/senoticias.com.br\/se\/wp-content\/uploads\/2017\/02\/Logo-fone-1-2-1-2-4-1-300x39.jpg 300w\" sizes=\"(max-width: 599px) 100vw, 599px\" \/><\/div>\n<div><\/div>\n<div><strong>Acompanhe tamb\u00e9m o SE Not\u00edcias no<\/strong><strong>\u00a0<\/strong><strong><a href=\"https:\/\/twitter.com\/Senoticias\">Twitter<\/a>,<\/strong><strong>\u00a0<\/strong><strong><a href=\"https:\/\/www.facebook.com\/senoticias1\">Facebook<\/a><\/strong><strong>\u00a0<\/strong><strong>e no<\/strong><a href=\"https:\/\/www.instagram.com\/senoticias\/\"><strong>\u00a0<\/strong><strong>Instagram<\/strong><\/a><\/div>\n<div><\/div>\n<div><em>Mat\u00e9ria enviada pela Ascom\/SSP\/SE<\/em><\/div>\n<div><\/div>\n","protected":false},"excerpt":{"rendered":"<p>A Secretaria da\u00a0Seguran\u00e7a P\u00fablica, por meio do Grupamento T\u00e1tico A\u00e9reo (GTA), participou nesta quarta-feira, 22, de uma nova etapa da campanha \u201cSeja amigo do Samu, se beber n\u00e3o dirija\u201d,\u00a0voltada para chamar a aten\u00e7\u00e3o dos motoristas no tr\u00e2nsito durante o per\u00edodo de carnaval e contando com o envolvimento de diversos \u00f3rg\u00e3os.\u00a0Foram apresentadas \u00e0 popula\u00e7\u00e3o v\u00e1rias atividades [&hellip;]<\/p>\n","protected":false},"author":2,"featured_media":100922,"comment_status":"closed","ping_status":"closed","sticky":false,"template":"","format":"standard","meta":{"footnotes":""},"categories":[15,38],"tags":[],"class_list":{"0":"post-100888","1":"post","2":"type-post","3":"status-publish","4":"format-standard","5":"has-post-thumbnail","7":"category-destaques","8":"category-municipios"},"_links":{"self":[{"href":"https:\/\/senoticias.com.br\/se\/wp-json\/wp\/v2\/posts\/100888"}],"collection":[{"href":"https:\/\/senoticias.com.br\/se\/wp-json\/wp\/v2\/posts"}],"about":[{"href":"https:\/\/senoticias.com.br\/se\/wp-json\/wp\/v2\/types\/post"}],"author":[{"embeddable":true,"href":"https:\/\/senoticias.com.br\/se\/wp-json\/wp\/v2\/users\/2"}],"replies":[{"embeddable":true,"href":"https:\/\/senoticias.com.br\/se\/wp-json\/wp\/v2\/comments?post=100888"}],"version-history":[{"count":0,"href":"https:\/\/senoticias.com.br\/se\/wp-json\/wp\/v2\/posts\/100888\/revisions"}],"wp:featuredmedia":[{"embeddable":true,"href":"https:\/\/senoticias.com.br\/se\/wp-json\/wp\/v2\/media\/100922"}],"wp:attachment":[{"href":"https:\/\/senoticias.com.br\/se\/wp-json\/wp\/v2\/media?parent=100888"}],"wp:term":[{"taxonomy":"category","embeddable":true,"href":"https:\/\/senoticias.com.br\/se\/wp-json\/wp\/v2\/categories?post=100888"},{"taxonomy":"post_tag","embeddable":true,"href":"https:\/\/senoticias.com.br\/se\/wp-json\/wp\/v2\/tags?post=100888"}],"curies":[{"name":"wp","href":"https:\/\/api.w.org\/{rel}","templated":true}]}}