{"id":100886,"date":"2017-02-22T08:57:06","date_gmt":"2017-02-22T11:57:06","guid":{"rendered":"http:\/\/senoticias.com.br\/se\/?p=100886"},"modified":"2017-02-22T08:57:06","modified_gmt":"2017-02-22T11:57:06","slug":"acusada-de-trafico-e-presa-com-20kg-de-maconha-no-orlando-dantas","status":"publish","type":"post","link":"https:\/\/senoticias.com.br\/se\/acusada-de-trafico-e-presa-com-20kg-de-maconha-no-orlando-dantas\/","title":{"rendered":"Acusada de tr\u00e1fico \u00e9 presa com 20Kg de maconha no Orlando Dantas"},"content":{"rendered":"<p style=\"text-align: justify;\">Na tarde de segunda-feira, 20, uma opera\u00e7\u00e3o conjunta entre o Batalh\u00e3o de Pol\u00edcia de Radiopatrulha (BPRp) e do Departamento de Narc\u00f3ticos da Pol\u00edcia Civil\u00a0(Denarc) prendeu em flagrante Luanna Raabel dos Santos Cruz, 20 anos,\u00a0acusada de\u00a0tr\u00e1fico de drogas. A pris\u00e3o ocorreu no conjunto Orlando Dantas, em Aracaju.<\/p>\n<div id=\"attachment_100887\" style=\"width: 609px\" class=\"wp-caption aligncenter\"><img loading=\"lazy\" decoding=\"async\" aria-describedby=\"caption-attachment-100887\" class=\"size-full wp-image-100887\" src=\"http:\/\/senoticias.com.br\/se\/wp-content\/uploads\/2017\/02\/20-Kg-de-droga-SE-noticias-e1487764554967.png\" alt=\"A mulher escondia a droga no quarto da filha de quatro anos\" width=\"599\" height=\"556\" \/><p id=\"caption-attachment-100887\" class=\"wp-caption-text\">A mulher escondia a droga no quarto da filha de quatro anos. (Foto: PM\/SE)<\/p><\/div>\n<p style=\"text-align: justify;\">\n<p>Os policiais receberam informa\u00e7\u00f5es que Luanna, gestante de oito meses, negociava e guardava grandes quantidades de drogas. Eles se deslocaram at\u00e9 a resid\u00eancia da suspeita que, ao ser abordada, demonstrou extremo nervosismo.<\/p>\n<p>Luanna autorizou a entrada dos policiais e na revista da resid\u00eancia foi encontrado, no quarto de sua filha de quatro anos, cerca de 20Kg de maconha embalados na forma de tabletes. A suspeita foi conduzida ao Denarc para as provid\u00eancias cab\u00edveis.<br \/>\n<img loading=\"lazy\" decoding=\"async\" class=\"aligncenter size-full wp-image-100807\" src=\"http:\/\/senoticias.com.br\/se\/wp-content\/uploads\/2017\/02\/Logo-fone-1-2-1-2-4-1.jpg\" alt=\"Logo-fone-1-2-1-2-4\" width=\"599\" height=\"78\" srcset=\"https:\/\/senoticias.com.br\/se\/wp-content\/uploads\/2017\/02\/Logo-fone-1-2-1-2-4-1.jpg 599w, https:\/\/senoticias.com.br\/se\/wp-content\/uploads\/2017\/02\/Logo-fone-1-2-1-2-4-1-300x39.jpg 300w\" sizes=\"(max-width: 599px) 100vw, 599px\" \/><\/p>\n<p style=\"text-align: justify;\"><strong>Acompanhe tamb\u00e9m o SE Not\u00edcias no<\/strong><strong>\u00a0<\/strong><strong><a href=\"https:\/\/twitter.com\/Senoticias\">Twitter<\/a>,<\/strong><strong>\u00a0<\/strong><strong><a href=\"https:\/\/www.facebook.com\/senoticias1\">Facebook<\/a><\/strong><strong>\u00a0<\/strong><strong>e no<\/strong><a href=\"https:\/\/www.instagram.com\/senoticias\/\"><strong>\u00a0<\/strong><strong>Instagram<\/strong><\/a><\/p>\n<p style=\"text-align: justify;\"><em>Ascom\/SSP\/SE<\/em><\/p>\n","protected":false},"excerpt":{"rendered":"<p>Na tarde de segunda-feira, 20, uma opera\u00e7\u00e3o conjunta entre o Batalh\u00e3o de Pol\u00edcia de Radiopatrulha (BPRp) e do Departamento de Narc\u00f3ticos da Pol\u00edcia Civil\u00a0(Denarc) prendeu em flagrante Luanna Raabel dos Santos Cruz, 20 anos,\u00a0acusada de\u00a0tr\u00e1fico de drogas. A pris\u00e3o ocorreu no conjunto Orlando Dantas, em Aracaju. Os policiais receberam informa\u00e7\u00f5es que Luanna, gestante de oito [&hellip;]<\/p>\n","protected":false},"author":2,"featured_media":100887,"comment_status":"closed","ping_status":"closed","sticky":false,"template":"","format":"standard","meta":{"footnotes":""},"categories":[15,7],"tags":[],"class_list":{"0":"post-100886","1":"post","2":"type-post","3":"status-publish","4":"format-standard","5":"has-post-thumbnail","7":"category-destaques","8":"category-policia"},"_links":{"self":[{"href":"https:\/\/senoticias.com.br\/se\/wp-json\/wp\/v2\/posts\/100886"}],"collection":[{"href":"https:\/\/senoticias.com.br\/se\/wp-json\/wp\/v2\/posts"}],"about":[{"href":"https:\/\/senoticias.com.br\/se\/wp-json\/wp\/v2\/types\/post"}],"author":[{"embeddable":true,"href":"https:\/\/senoticias.com.br\/se\/wp-json\/wp\/v2\/users\/2"}],"replies":[{"embeddable":true,"href":"https:\/\/senoticias.com.br\/se\/wp-json\/wp\/v2\/comments?post=100886"}],"version-history":[{"count":0,"href":"https:\/\/senoticias.com.br\/se\/wp-json\/wp\/v2\/posts\/100886\/revisions"}],"wp:featuredmedia":[{"embeddable":true,"href":"https:\/\/senoticias.com.br\/se\/wp-json\/wp\/v2\/media\/100887"}],"wp:attachment":[{"href":"https:\/\/senoticias.com.br\/se\/wp-json\/wp\/v2\/media?parent=100886"}],"wp:term":[{"taxonomy":"category","embeddable":true,"href":"https:\/\/senoticias.com.br\/se\/wp-json\/wp\/v2\/categories?post=100886"},{"taxonomy":"post_tag","embeddable":true,"href":"https:\/\/senoticias.com.br\/se\/wp-json\/wp\/v2\/tags?post=100886"}],"curies":[{"name":"wp","href":"https:\/\/api.w.org\/{rel}","templated":true}]}}