{"id":100884,"date":"2017-02-22T07:27:48","date_gmt":"2017-02-22T10:27:48","guid":{"rendered":"http:\/\/senoticias.com.br\/se\/?p=100884"},"modified":"2017-02-22T07:27:48","modified_gmt":"2017-02-22T10:27:48","slug":"prfse-recupera-35-toneladas-de-sabao-em-po-roubado","status":"publish","type":"post","link":"https:\/\/senoticias.com.br\/se\/prfse-recupera-35-toneladas-de-sabao-em-po-roubado\/","title":{"rendered":"PRF\/SE recupera 3,5 toneladas de sab\u00e3o em p\u00f3 roubado"},"content":{"rendered":"<p align=\"justify\">\n<p style=\"text-align: justify;\" align=\"justify\"><span style=\"color: #000000;\"><span style=\"font-family: Arial, sans-serif;\">Uma equipe PRF recuperou no final da tarde de ontem, 20, mais de tr\u00eas toneladas de mercadoria roubada. A a\u00e7\u00e3o ocorreu no Km 5 da BR 101, em Rio Real\/BA (\u00e1rea de circunscri\u00e7\u00e3o da PRF\u00a0<\/span><\/span><span style=\"color: #000000;\"><span style=\"font-family: Arial, sans-serif;\">em\u00a0<\/span><\/span><span style=\"color: #000000;\"><span style=\"font-family: Arial, sans-serif;\">S<\/span><\/span><span style=\"color: #000000;\"><span style=\"font-family: Arial, sans-serif;\">ergipe<\/span><\/span><span style=\"color: #000000;\"><span style=\"font-family: Arial, sans-serif;\">).<\/span><\/span><\/p>\n<div id=\"attachment_100885\" style=\"width: 609px\" class=\"wp-caption aligncenter\"><img loading=\"lazy\" decoding=\"async\" aria-describedby=\"caption-attachment-100885\" class=\"size-full wp-image-100885\" src=\"http:\/\/senoticias.com.br\/se\/wp-content\/uploads\/2017\/02\/PRF-SENOTICIAS-e1487759122118.jpg\" alt=\"No total, 3,5 toneladas de mercadoria roubada foi recuperada pelos agentes federais\" width=\"599\" height=\"337\" \/><p id=\"caption-attachment-100885\" class=\"wp-caption-text\">No total, 3,5 toneladas de mercadoria roubada foi recuperada pelos agentes federais. (Foto: PRF\/SE)<\/p><\/div>\n<p style=\"text-align: justify;\" align=\"justify\"><span style=\"color: #000000;\"><span style=\"font-family: Arial, sans-serif;\">Os agentes federais realizavam o patrulhamento da rodovia quando visualizaram dois ve\u00edculos, um Fiat\/Siena e um Fiat\/Strada,\u00a0<\/span><\/span><span style=\"color: #000000;\"><span style=\"font-family: Arial, sans-serif;\">em atitude suspeita\u00a0<\/span><\/span><span style=\"color: #000000;\"><span style=\"font-family: Arial, sans-serif;\">ao\u00a0<\/span><\/span><span style=\"color: #000000;\"><span style=\"font-family: Arial, sans-serif;\">sair da BR e entrar em uma estrada vicina<\/span><\/span><span style=\"color: #000000;\"><span style=\"font-family: Arial, sans-serif;\">l<\/span><\/span><span style=\"color: #000000;\"><span style=\"font-family: Arial, sans-serif;\">. Os policiais imediatamente deram ordem de parada aos condutores, que ignoraram os sinais\u00a0<\/span><\/span><span style=\"color: #000000;\"><span style=\"font-family: Arial, sans-serif;\">e empreenderam fuga.<\/span><\/span><span style=\"color: #000000;\"><span style=\"font-family: Arial, sans-serif;\">\u00a0A equipe imediatamente iniciou o acompanhamento t\u00e1tico aos ve\u00edculos e continuou dando a ordem\u00a0<\/span><\/span><span style=\"color: #000000;\"><span style=\"font-family: Arial, sans-serif;\">por\u00a0<\/span><\/span><span style=\"color: #000000;\"><span style=\"font-family: Arial, sans-serif;\">quase um quil\u00f4metro<\/span><\/span><span style=\"color: #000000;\"><span style=\"font-family: Arial, sans-serif;\">. Nesse momento,<\/span><\/span><span style=\"color: #000000;\"><span style=\"font-family: Arial, sans-serif;\">\u00a0os condutores abandonaram os\u00a0<\/span><\/span><span style=\"color: #000000;\"><span style=\"font-family: Arial, sans-serif;\">seus\u00a0<\/span><\/span><span style=\"color: #000000;\"><span style=\"font-family: Arial, sans-serif;\">ve\u00edculos e fugiram entrando em um matagal da regi\u00e3o. Os policiais realizaram diversas buscas pel<\/span><\/span><span style=\"color: #000000;\"><span style=\"font-family: Arial, sans-serif;\">o local<\/span><\/span><span style=\"color: #000000;\"><span style=\"font-family: Arial, sans-serif;\">, mas n\u00e3o conseguiram localizar os indiv\u00edduos.<\/span><\/span><\/p>\n<p align=\"justify\"><span style=\"color: #000000;\"><span style=\"font-family: Arial, sans-serif;\">Durante inspe\u00e7\u00e3o aos ve\u00edculos, os agentes federais encontraram v\u00e1rios fardos de sab\u00e3o em p\u00f3\u00a0<\/span><\/span><span style=\"color: #000000;\"><span style=\"font-family: Arial, sans-serif;\">roubado<\/span><\/span><span style=\"color: #000000;\"><span style=\"font-family: Arial, sans-serif;\">.\u00a0<\/span><\/span><span style=\"color: #000000;\"><span style=\"font-family: Arial, sans-serif;\">M<\/span><\/span><span style=\"color: #000000;\"><span style=\"font-family: Arial, sans-serif;\">ais adiante, a 50 metros do local\u00a0<\/span><\/span><span style=\"color: #000000;\"><span style=\"font-family: Arial, sans-serif;\">onde os ve\u00edculos foram abandonados<\/span><\/span><span style=\"color: #000000;\"><span style=\"font-family: Arial, sans-serif;\">,\u00a0<\/span><\/span><span style=\"color: #000000;\"><span style=\"font-family: Arial, sans-serif;\">mais fardos de sab\u00e3o roubados foram encontrados, desta vez em uma\u00a0<\/span><\/span><span style=\"color: #000000;\"><span style=\"font-family: Arial, sans-serif;\">casa em constru\u00e7\u00e3o.\u00a0<\/span><\/span><span style=\"color: #000000;\"><span style=\"font-family: Arial, sans-serif;\">No total,\u00a0<\/span><\/span><span style=\"color: #000000;\"><span style=\"font-family: Arial, sans-serif;\">3,5 toneladas de mercadoria roubada\u00a0<\/span><\/span><span style=\"color: #000000;\"><span style=\"font-family: Arial, sans-serif;\">foi recuperada pelos agentes federais.<\/span><\/span><\/p>\n<p align=\"justify\"><span style=\"color: #000000;\"><span style=\"font-family: Arial, sans-serif;\">As equipes da PRF continuam as buscas pelos criminosos e quem tiver mais informa\u00e7\u00f5es pode ligar para o 191 (n\u00famero de emerg\u00eancia da PRF). A liga\u00e7\u00e3o \u00e9 gratuita e o sigilo do denunciante ser\u00e1 mantido.<\/span><\/span><\/p>\n<p align=\"justify\"><span style=\"color: #000000;\"><span style=\"font-family: Arial, sans-serif;\">A carga e os ve\u00edculos foram encaminhados \u00e0 Unidade Operacional da PRF em Cristin\u00e1polis\/SE.<\/span><\/span><\/p>\n<p align=\"justify\"><img loading=\"lazy\" decoding=\"async\" class=\"aligncenter size-full wp-image-100807\" src=\"http:\/\/senoticias.com.br\/se\/wp-content\/uploads\/2017\/02\/Logo-fone-1-2-1-2-4-1.jpg\" alt=\"Logo-fone-1-2-1-2-4\" width=\"599\" height=\"78\" srcset=\"https:\/\/senoticias.com.br\/se\/wp-content\/uploads\/2017\/02\/Logo-fone-1-2-1-2-4-1.jpg 599w, https:\/\/senoticias.com.br\/se\/wp-content\/uploads\/2017\/02\/Logo-fone-1-2-1-2-4-1-300x39.jpg 300w\" sizes=\"(max-width: 599px) 100vw, 599px\" \/><\/p>\n<p align=\"justify\"><strong>Acompanhe tamb\u00e9m o SE Not\u00edcias no<\/strong><strong>\u00a0<\/strong><strong><a href=\"https:\/\/twitter.com\/Senoticias\">Twitter<\/a>,<\/strong><strong>\u00a0<\/strong><strong><a href=\"https:\/\/www.facebook.com\/senoticias1\">Facebook<\/a><\/strong><strong>\u00a0<\/strong><strong>e no<\/strong><a href=\"https:\/\/www.instagram.com\/senoticias\/\"><strong>\u00a0<\/strong><strong>Instagram<\/strong><\/a><\/p>\n<p><em><span style=\"font-family: Arial, sans-serif;\"><b>Assessoria de Comunica\u00e7\u00e3o Social<br \/>\n<\/b><\/span><span style=\"font-family: Arial, sans-serif;\"><b>Pol\u00edcia Rodovi\u00e1ria Federal \u2013 Sergipe<\/b><\/span><\/em><\/p>\n","protected":false},"excerpt":{"rendered":"<p>Uma equipe PRF recuperou no final da tarde de ontem, 20, mais de tr\u00eas toneladas de mercadoria roubada. A a\u00e7\u00e3o ocorreu no Km 5 da BR 101, em Rio Real\/BA (\u00e1rea de circunscri\u00e7\u00e3o da PRF\u00a0em\u00a0Sergipe). Os agentes federais realizavam o patrulhamento da rodovia quando visualizaram dois ve\u00edculos, um Fiat\/Siena e um Fiat\/Strada,\u00a0em atitude suspeita\u00a0ao\u00a0sair da [&hellip;]<\/p>\n","protected":false},"author":2,"featured_media":100885,"comment_status":"closed","ping_status":"closed","sticky":false,"template":"","format":"standard","meta":{"footnotes":""},"categories":[15,7],"tags":[],"class_list":{"0":"post-100884","1":"post","2":"type-post","3":"status-publish","4":"format-standard","5":"has-post-thumbnail","7":"category-destaques","8":"category-policia"},"_links":{"self":[{"href":"https:\/\/senoticias.com.br\/se\/wp-json\/wp\/v2\/posts\/100884"}],"collection":[{"href":"https:\/\/senoticias.com.br\/se\/wp-json\/wp\/v2\/posts"}],"about":[{"href":"https:\/\/senoticias.com.br\/se\/wp-json\/wp\/v2\/types\/post"}],"author":[{"embeddable":true,"href":"https:\/\/senoticias.com.br\/se\/wp-json\/wp\/v2\/users\/2"}],"replies":[{"embeddable":true,"href":"https:\/\/senoticias.com.br\/se\/wp-json\/wp\/v2\/comments?post=100884"}],"version-history":[{"count":0,"href":"https:\/\/senoticias.com.br\/se\/wp-json\/wp\/v2\/posts\/100884\/revisions"}],"wp:featuredmedia":[{"embeddable":true,"href":"https:\/\/senoticias.com.br\/se\/wp-json\/wp\/v2\/media\/100885"}],"wp:attachment":[{"href":"https:\/\/senoticias.com.br\/se\/wp-json\/wp\/v2\/media?parent=100884"}],"wp:term":[{"taxonomy":"category","embeddable":true,"href":"https:\/\/senoticias.com.br\/se\/wp-json\/wp\/v2\/categories?post=100884"},{"taxonomy":"post_tag","embeddable":true,"href":"https:\/\/senoticias.com.br\/se\/wp-json\/wp\/v2\/tags?post=100884"}],"curies":[{"name":"wp","href":"https:\/\/api.w.org\/{rel}","templated":true}]}}