{"id":100879,"date":"2017-02-21T18:19:15","date_gmt":"2017-02-21T21:19:15","guid":{"rendered":"http:\/\/senoticias.com.br\/se\/?p=100879"},"modified":"2017-02-21T18:20:07","modified_gmt":"2017-02-21T21:20:07","slug":"cancao-nova-de-aracaju-realiza-acampamento-de-carnaval","status":"publish","type":"post","link":"https:\/\/senoticias.com.br\/se\/cancao-nova-de-aracaju-realiza-acampamento-de-carnaval\/","title":{"rendered":"Can\u00e7\u00e3o Nova de Aracaju realiza acampamento de carnaval"},"content":{"rendered":"<p style=\"text-align: justify;\">A Comunidade Can\u00e7\u00e3o Nova de Aracaju (SE) inicia neste s\u00e1bado (25) e segue at\u00e9 a ter\u00e7a-feira (28) o Acampamento de Carnaval com os Jovens Sarados. O tema da edi\u00e7\u00e3o deste ano \u00e9 &#8220;Alegrai-vos no Senhor, repito Alegrai-vos&#8221;.<\/p>\n<div id=\"attachment_100880\" style=\"width: 609px\" class=\"wp-caption aligncenter\"><img loading=\"lazy\" decoding=\"async\" aria-describedby=\"caption-attachment-100880\" class=\"size-full wp-image-100880\" src=\"http:\/\/senoticias.com.br\/se\/wp-content\/uploads\/2017\/02\/SENot\u00edcias-cancao_nova_acampamento.jpg\" alt=\"Acampamento de Carnaval da Can\u00e7\u00e3o Nova. (Foto: Divulga\u00e7\u00e3o\/Can\u00e7\u00e3o Nova) \" width=\"599\" height=\"449\" srcset=\"https:\/\/senoticias.com.br\/se\/wp-content\/uploads\/2017\/02\/SENot\u00edcias-cancao_nova_acampamento.jpg 599w, https:\/\/senoticias.com.br\/se\/wp-content\/uploads\/2017\/02\/SENot\u00edcias-cancao_nova_acampamento-300x225.jpg 300w, https:\/\/senoticias.com.br\/se\/wp-content\/uploads\/2017\/02\/SENot\u00edcias-cancao_nova_acampamento-45x35.jpg 45w\" sizes=\"(max-width: 599px) 100vw, 599px\" \/><p id=\"caption-attachment-100880\" class=\"wp-caption-text\">Acampamento de Carnaval da Can\u00e7\u00e3o Nova. (Foto: Divulga\u00e7\u00e3o\/Can\u00e7\u00e3o Nova)<\/p><\/div>\n<p style=\"text-align: justify;\">Este Acampamento \u00e9 um convite para as pessoas que desejam fazer uma experi\u00eancia de f\u00e9 durante os dias de festa. Quem for ao evento vai poder participar de shows, palestras, momentos de ora\u00e7\u00e3o e missas.<\/p>\n<p style=\"text-align: justify;\">Na programa\u00e7\u00e3o tem Pe. Edmilson Lopes, Comunidade Can\u00e7\u00e3o Nova; Pe. Roberto Benvindo, Par\u00f3quia Nossa Senhora do Perp\u00e9tuo Socorro; Pe. Marcelo Concei\u00e7\u00e3o, Comunidade Pau Ferro; e Pe. Cleberton Lima, Paraquia S\u00e3o Jos\u00e9 de Malhador (SE). A anima\u00e7\u00e3o musical fica com o Minist\u00e9rio de M\u00fasica Jovens Sarados e Alowvadeira.<\/p>\n<p style=\"text-align: justify;\">A Can\u00e7\u00e3o Nova Aracaju fica na Rua Paulo Henrique Pimentel, n\u00ba 95, pr\u00f3ximo ao terminal DIA, no Bairro In\u00e1cio Barbosa. A entrada \u00e9 gratuita e outras informa\u00e7\u00f5es podem ser obtidas pelo n\u00famero (79) 2104-4444.<\/p>\n<p style=\"text-align: justify;\"><strong>Acompanhe tamb\u00e9m o SE Not\u00edcias no <a href=\"https:\/\/twitter.com\/Senoticias\">Twitter<\/a>, <a href=\"https:\/\/www.facebook.com\/PortalSENoticias\/\">Facebook <\/a>e no <a href=\"https:\/\/www.instagram.com\/senoticias\/\">Instagram<\/a><\/strong><\/p>\n<p style=\"text-align: justify;\"><img loading=\"lazy\" decoding=\"async\" class=\"aligncenter size-full wp-image-100807\" src=\"http:\/\/senoticias.com.br\/se\/wp-content\/uploads\/2017\/02\/Logo-fone-1-2-1-2-4-1.jpg\" alt=\"Logo-fone-1-2-1-2-4\" width=\"599\" height=\"78\" srcset=\"https:\/\/senoticias.com.br\/se\/wp-content\/uploads\/2017\/02\/Logo-fone-1-2-1-2-4-1.jpg 599w, https:\/\/senoticias.com.br\/se\/wp-content\/uploads\/2017\/02\/Logo-fone-1-2-1-2-4-1-300x39.jpg 300w\" sizes=\"(max-width: 599px) 100vw, 599px\" \/><\/p>\n<p style=\"text-align: justify;\"><em>Do G1 Sergipe<\/em><\/p>\n","protected":false},"excerpt":{"rendered":"<p>A Comunidade Can\u00e7\u00e3o Nova de Aracaju (SE) inicia neste s\u00e1bado (25) e segue at\u00e9 a ter\u00e7a-feira (28) o Acampamento de Carnaval com os Jovens Sarados. O tema da edi\u00e7\u00e3o deste ano \u00e9 &#8220;Alegrai-vos no Senhor, repito Alegrai-vos&#8221;. Este Acampamento \u00e9 um convite para as pessoas que desejam fazer uma experi\u00eancia de f\u00e9 durante os dias [&hellip;]<\/p>\n","protected":false},"author":2,"featured_media":100880,"comment_status":"closed","ping_status":"closed","sticky":false,"template":"","format":"standard","meta":{"footnotes":""},"categories":[46],"tags":[],"class_list":{"0":"post-100879","1":"post","2":"type-post","3":"status-publish","4":"format-standard","5":"has-post-thumbnail","7":"category-religiao"},"_links":{"self":[{"href":"https:\/\/senoticias.com.br\/se\/wp-json\/wp\/v2\/posts\/100879"}],"collection":[{"href":"https:\/\/senoticias.com.br\/se\/wp-json\/wp\/v2\/posts"}],"about":[{"href":"https:\/\/senoticias.com.br\/se\/wp-json\/wp\/v2\/types\/post"}],"author":[{"embeddable":true,"href":"https:\/\/senoticias.com.br\/se\/wp-json\/wp\/v2\/users\/2"}],"replies":[{"embeddable":true,"href":"https:\/\/senoticias.com.br\/se\/wp-json\/wp\/v2\/comments?post=100879"}],"version-history":[{"count":0,"href":"https:\/\/senoticias.com.br\/se\/wp-json\/wp\/v2\/posts\/100879\/revisions"}],"wp:featuredmedia":[{"embeddable":true,"href":"https:\/\/senoticias.com.br\/se\/wp-json\/wp\/v2\/media\/100880"}],"wp:attachment":[{"href":"https:\/\/senoticias.com.br\/se\/wp-json\/wp\/v2\/media?parent=100879"}],"wp:term":[{"taxonomy":"category","embeddable":true,"href":"https:\/\/senoticias.com.br\/se\/wp-json\/wp\/v2\/categories?post=100879"},{"taxonomy":"post_tag","embeddable":true,"href":"https:\/\/senoticias.com.br\/se\/wp-json\/wp\/v2\/tags?post=100879"}],"curies":[{"name":"wp","href":"https:\/\/api.w.org\/{rel}","templated":true}]}}