{"id":100877,"date":"2017-02-21T18:07:33","date_gmt":"2017-02-21T21:07:33","guid":{"rendered":"http:\/\/senoticias.com.br\/se\/?p=100877"},"modified":"2017-02-21T18:07:33","modified_gmt":"2017-02-21T21:07:33","slug":"semarh-vai-estudar-insercao-do-municipio-de-pirambu-no-programa-aguas-de-sergipe","status":"publish","type":"post","link":"https:\/\/senoticias.com.br\/se\/semarh-vai-estudar-insercao-do-municipio-de-pirambu-no-programa-aguas-de-sergipe\/","title":{"rendered":"Semarh vai estudar inser\u00e7\u00e3o do munic\u00edpio de Pirambu no programa \u00c1guas de Sergipe"},"content":{"rendered":"<p style=\"text-align: justify;\">O secret\u00e1rio de Estado do Meio Ambiente e dos Recursos H\u00eddricos (Semarh), Olivier Chagas, recebeu em seu gabinete na manh\u00e3 da \u00faltima segunda-feira, 20, a visita do prefeito de Pirambu, \u00c9lio Martins, o qual foi pleitear a inser\u00e7\u00e3o do munic\u00edpio no programa \u00c1guas de Sergipe, visando resolver os problemas de esgotamento sanit\u00e1rio.<\/p>\n<div id=\"attachment_100878\" style=\"width: 609px\" class=\"wp-caption aligncenter\"><img loading=\"lazy\" decoding=\"async\" aria-describedby=\"caption-attachment-100878\" class=\"size-full wp-image-100878\" src=\"http:\/\/senoticias.com.br\/se\/wp-content\/uploads\/2017\/02\/SENot\u00edcias-semarh20022017-017.jpg\" alt=\"Foto: Edinaldo Nascimento\" width=\"599\" height=\"449\" srcset=\"https:\/\/senoticias.com.br\/se\/wp-content\/uploads\/2017\/02\/SENot\u00edcias-semarh20022017-017.jpg 599w, https:\/\/senoticias.com.br\/se\/wp-content\/uploads\/2017\/02\/SENot\u00edcias-semarh20022017-017-300x225.jpg 300w, https:\/\/senoticias.com.br\/se\/wp-content\/uploads\/2017\/02\/SENot\u00edcias-semarh20022017-017-45x35.jpg 45w\" sizes=\"(max-width: 599px) 100vw, 599px\" \/><p id=\"caption-attachment-100878\" class=\"wp-caption-text\">Foto: Edinaldo Nascimento<\/p><\/div>\n<p style=\"text-align: justify;\">\n<p>O \u2018\u00c1guas de Sergipe\u2019, capitaneado pela Semarh, foi criado para melhorar a qualidade da \u00e1gua da Bacia Hidrogr\u00e1fica do Rio Sergipe (BHRS), fruto de um acordo de empr\u00e9stimo firmado entre o governo do Estado e o Banco Mundial, que possibilitar\u00e1 a execu\u00e7\u00e3o de mais de 80 a\u00e7\u00f5es, inclusive de esgotamento sanit\u00e1rio, como ocorrem em Itabaiana e Nossa Senhora das Dores.<\/p>\n<p>Para Olivier Chagas, Pirambu sofre com problemas de saneamento e o \u2018\u00c1guas de Sergipe\u2019 poderia contribuir para solucionar a quest\u00e3o. \u201cNo entanto, para que o munic\u00edpio seja inserido, precisa ser avaliado pelo Banco Mundial, al\u00e9m de outros requisitos burocr\u00e1ticos. O programa tem uma s\u00e9rie de compromissos, projetos j\u00e1 elaborados e em andamento. N\u00f3s vamos estudar o que o gestor pleiteou\u201d, afirmou o secret\u00e1rio.<\/p>\n<p>O prefeito agradeceu a aten\u00e7\u00e3o da Semarh e destacou a import\u00e2ncia do Programa. \u201cN\u00f3s temos a necessidade de resolver os problemas de esgotamento sanit\u00e1rio no munic\u00edpio. A nossa cidade est\u00e1 dentro de uma reserva biol\u00f3gica. Como o munic\u00edpio n\u00e3o tem recursos para fazer esse trabalho, ent\u00e3o, n\u00f3s temos que correr atr\u00e1s dos \u00f3rg\u00e3os p\u00fablicos. Soubemos que existe o \u2018\u00c1guas de Sergipe\u2019, capitaneado pela Semarh, que vem sendo bem executado. Viemos pedir ao secret\u00e1rio que insira Pirambu nesse contexto, para tentarmos resolver o problema\u201d, disse H\u00e9lio Sobral.<\/p>\n<p style=\"text-align: justify;\"><strong>Acompanhe tamb\u00e9m o SE Not\u00edcias no <a href=\"https:\/\/twitter.com\/Senoticias\">Twitter<\/a>, <a href=\"https:\/\/www.facebook.com\/PortalSENoticias\/\">Facebook <\/a>e no <a href=\"https:\/\/www.instagram.com\/senoticias\/\">Instagram<\/a><\/strong><\/p>\n<p style=\"text-align: justify;\"><img loading=\"lazy\" decoding=\"async\" class=\"aligncenter size-full wp-image-100807\" src=\"http:\/\/senoticias.com.br\/se\/wp-content\/uploads\/2017\/02\/Logo-fone-1-2-1-2-4-1.jpg\" alt=\"Logo-fone-1-2-1-2-4\" width=\"599\" height=\"78\" srcset=\"https:\/\/senoticias.com.br\/se\/wp-content\/uploads\/2017\/02\/Logo-fone-1-2-1-2-4-1.jpg 599w, https:\/\/senoticias.com.br\/se\/wp-content\/uploads\/2017\/02\/Logo-fone-1-2-1-2-4-1-300x39.jpg 300w\" sizes=\"(max-width: 599px) 100vw, 599px\" \/><\/p>\n<p style=\"text-align: justify;\"><em>Da Assessoria de Comunica\u00e7\u00e3o<\/em><\/p>\n","protected":false},"excerpt":{"rendered":"<p>O secret\u00e1rio de Estado do Meio Ambiente e dos Recursos H\u00eddricos (Semarh), Olivier Chagas, recebeu em seu gabinete na manh\u00e3 da \u00faltima segunda-feira, 20, a visita do prefeito de Pirambu, \u00c9lio Martins, o qual foi pleitear a inser\u00e7\u00e3o do munic\u00edpio no programa \u00c1guas de Sergipe, visando resolver os problemas de esgotamento sanit\u00e1rio. O \u2018\u00c1guas de [&hellip;]<\/p>\n","protected":false},"author":2,"featured_media":100878,"comment_status":"closed","ping_status":"closed","sticky":false,"template":"","format":"standard","meta":{"footnotes":""},"categories":[38],"tags":[],"class_list":{"0":"post-100877","1":"post","2":"type-post","3":"status-publish","4":"format-standard","5":"has-post-thumbnail","7":"category-municipios"},"_links":{"self":[{"href":"https:\/\/senoticias.com.br\/se\/wp-json\/wp\/v2\/posts\/100877"}],"collection":[{"href":"https:\/\/senoticias.com.br\/se\/wp-json\/wp\/v2\/posts"}],"about":[{"href":"https:\/\/senoticias.com.br\/se\/wp-json\/wp\/v2\/types\/post"}],"author":[{"embeddable":true,"href":"https:\/\/senoticias.com.br\/se\/wp-json\/wp\/v2\/users\/2"}],"replies":[{"embeddable":true,"href":"https:\/\/senoticias.com.br\/se\/wp-json\/wp\/v2\/comments?post=100877"}],"version-history":[{"count":0,"href":"https:\/\/senoticias.com.br\/se\/wp-json\/wp\/v2\/posts\/100877\/revisions"}],"wp:featuredmedia":[{"embeddable":true,"href":"https:\/\/senoticias.com.br\/se\/wp-json\/wp\/v2\/media\/100878"}],"wp:attachment":[{"href":"https:\/\/senoticias.com.br\/se\/wp-json\/wp\/v2\/media?parent=100877"}],"wp:term":[{"taxonomy":"category","embeddable":true,"href":"https:\/\/senoticias.com.br\/se\/wp-json\/wp\/v2\/categories?post=100877"},{"taxonomy":"post_tag","embeddable":true,"href":"https:\/\/senoticias.com.br\/se\/wp-json\/wp\/v2\/tags?post=100877"}],"curies":[{"name":"wp","href":"https:\/\/api.w.org\/{rel}","templated":true}]}}