{"id":100875,"date":"2017-02-21T18:01:27","date_gmt":"2017-02-21T21:01:27","guid":{"rendered":"http:\/\/senoticias.com.br\/se\/?p=100875"},"modified":"2017-02-21T18:01:27","modified_gmt":"2017-02-21T21:01:27","slug":"reforma-do-ensino-medio-segue-tendencia-mundial-segundo-senaise","status":"publish","type":"post","link":"https:\/\/senoticias.com.br\/se\/reforma-do-ensino-medio-segue-tendencia-mundial-segundo-senaise\/","title":{"rendered":"Reforma do ensino m\u00e9dio segue tend\u00eancia mundial, segundo SENAI\/SE"},"content":{"rendered":"<p style=\"text-align: justify;\">Sancionada na semana passada pelo Presidente Michel Temer, a nova que Lei que reforma o ensino m\u00e9dio representa um avan\u00e7o no acesso \u00e0 educa\u00e7\u00e3o profissional. Essa \u00e9 a vis\u00e3o do Servi\u00e7o Nacional de Aprendizagem Industrial de Sergipe (SENAI\/SE).<\/p>\n<div id=\"attachment_100876\" style=\"width: 609px\" class=\"wp-caption aligncenter\"><img loading=\"lazy\" decoding=\"async\" aria-describedby=\"caption-attachment-100876\" class=\"size-full wp-image-100876\" src=\"http:\/\/senoticias.com.br\/se\/wp-content\/uploads\/2017\/02\/SENot\u00edcias-prov_rj_est54.jpg\" alt=\"Foto: Reprodu\u00e7\u00e3o \" width=\"599\" height=\"399\" srcset=\"https:\/\/senoticias.com.br\/se\/wp-content\/uploads\/2017\/02\/SENot\u00edcias-prov_rj_est54.jpg 599w, https:\/\/senoticias.com.br\/se\/wp-content\/uploads\/2017\/02\/SENot\u00edcias-prov_rj_est54-300x200.jpg 300w, https:\/\/senoticias.com.br\/se\/wp-content\/uploads\/2017\/02\/SENot\u00edcias-prov_rj_est54-90x60.jpg 90w, https:\/\/senoticias.com.br\/se\/wp-content\/uploads\/2017\/02\/SENot\u00edcias-prov_rj_est54-180x120.jpg 180w, https:\/\/senoticias.com.br\/se\/wp-content\/uploads\/2017\/02\/SENot\u00edcias-prov_rj_est54-95x64.jpg 95w\" sizes=\"(max-width: 599px) 100vw, 599px\" \/><p id=\"caption-attachment-100876\" class=\"wp-caption-text\">Foto: Reprodu\u00e7\u00e3o<\/p><\/div>\n<p style=\"text-align: justify;\">Para o Diretor Regional do SENAI\/SE, Paulo Bergamini, \u201ca reforma do ensino m\u00e9dio adequa o Brasil as pr\u00e1ticas internacionais que torna o ensino m\u00e9dio flex\u00edvel e mais diversificado. Nos pa\u00edses desenvolvidos, mais da metade dos jovens fazem educa\u00e7\u00e3o profissional no \u00e2mbito da sua forma\u00e7\u00e3o do ensino m\u00e9dio. Desse modo, a mudan\u00e7a \u00e9 um caminho importante para que os jovens tenham mais oportunidades no mercado de trabalho\u201d.<\/p>\n<p style=\"text-align: justify;\">Em pa\u00edses da Uni\u00e3o Europeia, em m\u00e9dia, 50% dos estudantes do ensino secund\u00e1rio tamb\u00e9m est\u00e3o matriculados na educa\u00e7\u00e3o profissional, segundo estudo do Centro Europeu para o Desenvolvimento da Educa\u00e7\u00e3o Profissional. Na \u00c1ustria, por exemplo, que registra o \u00edndice mais alto, 76,8% dos estudantes do secund\u00e1rio fazem ensino t\u00e9cnico. Finl\u00e2ndia vem em seguida com 69,7% e Alemanha com 51,5%. O Brasil, mesmo depois do esfor\u00e7o de amplia\u00e7\u00e3o de acesso \u00e0 educa\u00e7\u00e3o profissional nos \u00faltimos anos alcan\u00e7ou, em 11,1% nesse \u00edndice em 2015.<\/p>\n<p style=\"text-align: justify;\">No entanto, com a nova legisla\u00e7\u00e3o, os estudantes brasileiros ser\u00e3o expostos ao conte\u00fado da Base Nacional Comum Curricular (BNCC) em at\u00e9 60% do ensino m\u00e9dio e nos 40% restantes poder\u00e3o optar por itiner\u00e1rios formativos, com \u00eanfase nas \u00e1reas de linguagens, matem\u00e1tica, ci\u00eancias da natureza, ci\u00eancias humanas e forma\u00e7\u00e3o t\u00e9cnica profissional.<\/p>\n<p style=\"text-align: justify;\">Ap\u00f3s a san\u00e7\u00e3o, o pr\u00f3ximo passo para implanta\u00e7\u00e3o da reforma ser\u00e1 a an\u00e1lise e aprova\u00e7\u00e3o do (BNCC) no Conselho Nacional de Educa\u00e7\u00e3o, colegiado do qual o SENAI tem assento. Ap\u00f3s a publica\u00e7\u00e3o da Base, os sistemas educacionais apresentar\u00e3o um cronograma de implementa\u00e7\u00e3o das mudan\u00e7as. A carga hor\u00e1ria do ensino m\u00e9dio tamb\u00e9m vai subir gradualmente, no prazo de cinco anos, de 800 horas para 1,4 mil horas anuais.<\/p>\n<p style=\"text-align: justify;\"><strong>Acompanhe tamb\u00e9m o SE Not\u00edcias no <a href=\"https:\/\/twitter.com\/Senoticias\">Twitter<\/a>, <a href=\"https:\/\/www.facebook.com\/PortalSENoticias\/\">Facebook <\/a>e no <a href=\"https:\/\/www.instagram.com\/senoticias\/\">Instagram<\/a><\/strong><\/p>\n<p style=\"text-align: justify;\"><img loading=\"lazy\" decoding=\"async\" class=\"aligncenter size-full wp-image-100807\" src=\"http:\/\/senoticias.com.br\/se\/wp-content\/uploads\/2017\/02\/Logo-fone-1-2-1-2-4-1.jpg\" alt=\"Logo-fone-1-2-1-2-4\" width=\"599\" height=\"78\" srcset=\"https:\/\/senoticias.com.br\/se\/wp-content\/uploads\/2017\/02\/Logo-fone-1-2-1-2-4-1.jpg 599w, https:\/\/senoticias.com.br\/se\/wp-content\/uploads\/2017\/02\/Logo-fone-1-2-1-2-4-1-300x39.jpg 300w\" sizes=\"(max-width: 599px) 100vw, 599px\" \/><\/p>\n<p style=\"text-align: justify;\"><em>Da Unicom\/Fies<\/em><\/p>\n","protected":false},"excerpt":{"rendered":"<p>Sancionada na semana passada pelo Presidente Michel Temer, a nova que Lei que reforma o ensino m\u00e9dio representa um avan\u00e7o no acesso \u00e0 educa\u00e7\u00e3o profissional. Essa \u00e9 a vis\u00e3o do Servi\u00e7o Nacional de Aprendizagem Industrial de Sergipe (SENAI\/SE). Para o Diretor Regional do SENAI\/SE, Paulo Bergamini, \u201ca reforma do ensino m\u00e9dio adequa o Brasil as [&hellip;]<\/p>\n","protected":false},"author":2,"featured_media":100876,"comment_status":"closed","ping_status":"closed","sticky":false,"template":"","format":"standard","meta":{"footnotes":""},"categories":[44],"tags":[],"class_list":{"0":"post-100875","1":"post","2":"type-post","3":"status-publish","4":"format-standard","5":"has-post-thumbnail","7":"category-educacao"},"_links":{"self":[{"href":"https:\/\/senoticias.com.br\/se\/wp-json\/wp\/v2\/posts\/100875"}],"collection":[{"href":"https:\/\/senoticias.com.br\/se\/wp-json\/wp\/v2\/posts"}],"about":[{"href":"https:\/\/senoticias.com.br\/se\/wp-json\/wp\/v2\/types\/post"}],"author":[{"embeddable":true,"href":"https:\/\/senoticias.com.br\/se\/wp-json\/wp\/v2\/users\/2"}],"replies":[{"embeddable":true,"href":"https:\/\/senoticias.com.br\/se\/wp-json\/wp\/v2\/comments?post=100875"}],"version-history":[{"count":0,"href":"https:\/\/senoticias.com.br\/se\/wp-json\/wp\/v2\/posts\/100875\/revisions"}],"wp:featuredmedia":[{"embeddable":true,"href":"https:\/\/senoticias.com.br\/se\/wp-json\/wp\/v2\/media\/100876"}],"wp:attachment":[{"href":"https:\/\/senoticias.com.br\/se\/wp-json\/wp\/v2\/media?parent=100875"}],"wp:term":[{"taxonomy":"category","embeddable":true,"href":"https:\/\/senoticias.com.br\/se\/wp-json\/wp\/v2\/categories?post=100875"},{"taxonomy":"post_tag","embeddable":true,"href":"https:\/\/senoticias.com.br\/se\/wp-json\/wp\/v2\/tags?post=100875"}],"curies":[{"name":"wp","href":"https:\/\/api.w.org\/{rel}","templated":true}]}}