{"id":100812,"date":"2017-02-20T15:32:40","date_gmt":"2017-02-20T18:32:40","guid":{"rendered":"http:\/\/senoticias.com.br\/se\/?p=100812"},"modified":"2017-02-20T15:39:16","modified_gmt":"2017-02-20T18:39:16","slug":"marcio-o-ideal-e-uma-chapa-unica-para-a-eleicao-interna-do-pt","status":"publish","type":"post","link":"https:\/\/senoticias.com.br\/se\/marcio-o-ideal-e-uma-chapa-unica-para-a-eleicao-interna-do-pt\/","title":{"rendered":"M\u00e1rcio: &#8220;o ideal \u00e9 uma chapa \u00fanica para a elei\u00e7\u00e3o interna do PT&#8221;"},"content":{"rendered":"<p style=\"text-align: justify;\">O secret\u00e1rio nacional de Finan\u00e7as do PT, M\u00e1rcio Mac\u00eado, defendeu, nesta segunda-feira (20), que o partido em Sergipe lance uma candidatura \u00fanica para o processo de elei\u00e7\u00f5es internas, que ocorrer\u00e1 em abril deste ano. \u201cN\u00e3o \u00e9 tempo de disputa, \u00e9 tempo de buscar unidade dentro do partido. As diferen\u00e7as existem, h\u00e1 diverg\u00eancias e diferen\u00e7as de concep\u00e7\u00f5es, mas \u00e9 hora de construir a unidade necess\u00e1ria para superar este momento. O ideal \u00e9 uma chapa \u00fanica, preservando as concep\u00e7\u00f5es de cada for\u00e7a, a pluralidade. O PT \u00e9 maior do que todos n\u00f3s. \u00c9 necess\u00e1rio que haja unidade program\u00e1tica\u201d, afirmou ele, em entrevista \u00e0 r\u00e1dio Mix FM.<\/p>\n<div id=\"attachment_62085\" style=\"width: 575px\" class=\"wp-caption aligncenter\"><img loading=\"lazy\" decoding=\"async\" aria-describedby=\"caption-attachment-62085\" class=\"size-full wp-image-62085\" src=\"http:\/\/senoticias.com.br\/se\/wp-content\/uploads\/2014\/04\/M\u00e1rcio_Macedo_-_Reuni\u00e3o_DN290411_8440PaulinoMenezes_RESIZE.jpg\" alt=\"Contr\u00e1rio \u00e0 venda da Deso, ex-deputado diz que \u00e9 preciso reestruturar empresa e pensar no foco social. (Foto de arquivo : Paulino Menezes)\" width=\"565\" height=\"378\" srcset=\"https:\/\/senoticias.com.br\/se\/wp-content\/uploads\/2014\/04\/M\u00e1rcio_Macedo_-_Reuni\u00e3o_DN290411_8440PaulinoMenezes_RESIZE.jpg 565w, https:\/\/senoticias.com.br\/se\/wp-content\/uploads\/2014\/04\/M\u00e1rcio_Macedo_-_Reuni\u00e3o_DN290411_8440PaulinoMenezes_RESIZE-300x200.jpg 300w, https:\/\/senoticias.com.br\/se\/wp-content\/uploads\/2014\/04\/M\u00e1rcio_Macedo_-_Reuni\u00e3o_DN290411_8440PaulinoMenezes_RESIZE-342x228.jpg 342w\" sizes=\"(max-width: 565px) 100vw, 565px\" \/><p id=\"caption-attachment-62085\" class=\"wp-caption-text\">Contr\u00e1rio \u00e0 venda da Deso, ex-deputado diz que \u00e9 preciso reestruturar empresa e pensar no foco social. (Foto de arquivo : Paulino Menezes)<\/p><\/div>\n<p style=\"text-align: justify;\">Para o petista, esta unidade \u00e9 fundamental para fortalecer o partido para o pleito de 2018, quando, defende ele, a sigla integre a chapa majorit\u00e1ria. \u201c\u00c9 poss\u00edvel construir uma unidade. Estou trabalhando para isso, para que o PT fortalece a milit\u00e2ncia, se reaproxime dos movimentos sociais. \u00c9 importante que continuemos com a campanha de den\u00fancia do golpe realizada por Michel Temer e de defesa do resgate das pol\u00edticas p\u00fablicas dos governos Lula e Dilma. Temos que preparar o PT para 2018. Se n\u00e3o tiver paz interna e respeito m\u00fatuo, podemos sair fragilizados. O PT tem hist\u00f3ria, tem projeto, ac\u00famulo, viabilidade pol\u00edtica, tempo de TV, milit\u00e2ncia, de modo que \u00e9 natural que pleiteie estar na chapa majorit\u00e1ria em 2018\u201d, ressaltou.<\/p>\n<p style=\"text-align: justify;\">Questionado pelo radialista Gilmar Carvalho sobre a possibilidade de ser candidato a presidente nacional do PT, M\u00e1rcio Mac\u00eado reafirmou que, embora esta seja possibilidade colocada na corrente majorit\u00e1ria do partido, ele defende que o ex-presidente Lula seja o nome de consenso para comandar a legenda. \u201cSeria importante que Lula fosse o candidato, pois ele tem condi\u00e7\u00f5es de unificar o PT e assim dar um recado eloquente para o pa\u00eds sobre o processo organizativo do partido para as elei\u00e7\u00f5es de 2018. Mas estou dentro do processo e \u00e0 disposi\u00e7\u00e3o do partido\u201d, disse.<\/p>\n<p style=\"text-align: justify;\"><strong>For\u00e7a pol\u00edtica de JB<\/strong><\/p>\n<p style=\"text-align: justify;\">O dirigente petista tamb\u00e9m foi convidado a comentar sobre a ades\u00e3o de pol\u00edticos que eram de oposi\u00e7\u00e3o ao bloco comandado pelo governador Jackson Barreto. Para ele, JB tem demonstrado \u201cuma imensa capacidade de fazer pol\u00edtica\u201d. \u201c\u00c9 \u00f3bvio que se tem cr\u00edticas ao governo, \u00e0s pol\u00edticas p\u00fablicas e quest\u00f5es administrativas, o que \u00e9 natural, mas h\u00e1 de se reconhecer a enorme capacidade, por parte do governador, de manuten\u00e7\u00e3o e amplia\u00e7\u00e3o de um campo pol\u00edtico. A oposi\u00e7\u00e3o em Sergipe est\u00e1 fragilizada, agonizando, perdendo quadros e n\u00e3o encontrou o discurso claro de enfrentamento. Jackson tende a crescer politicamente e chegar em 2018 com muita for\u00e7a. Ele est\u00e1 hegemonizando politicamente e desmontando pilares da oposi\u00e7\u00e3o, o que \u00e9 legitimo na democracia\u201d, avaliou.<\/p>\n<p><strong>Deso<\/strong><\/p>\n<p style=\"text-align: justify;\">M\u00e1rcio Mac\u00eado tamb\u00e9m voltou a se colocar contr\u00e1rio \u00e0 privatiza\u00e7\u00e3o da Companhia de Saneamento de Sergipe (Deso). \u201cPor princ\u00edpio e orienta\u00e7\u00e3o do meu partido, sou contra a privatiza\u00e7\u00e3o de empresas publicas, sobretudos em setores estrat\u00e9gicos. Fui do conselho da empresa no governo de Marcelo D\u00e9da, ent\u00e3o conhe\u00e7o um pouco a situa\u00e7\u00e3o. A Deso \u00e9 uma empresa que trata de quest\u00e3o extremamente estrat\u00e9gica, que \u00e9 a \u00e1gua, que est\u00e1 ligada \u00e0 sobreviv\u00eancia humana. Tem a quest\u00e3o do esgoto: cada R$ 1 investido em Saneamento gera uma economia de R$ 10 em sa\u00fade. Tem que verificar a possibilidade de aumento da tarifa. Quem vai pagar a conta dos que mais precisam? Tem o processo de demiss\u00f5es em massa. Ou seja, n\u00e3o \u00e9 algo simples e envolvem setores que devem ser controlados pelo Estado\u201d, afirmou.<\/p>\n<p style=\"text-align: justify;\">Ele salientou que, se privatizada, a Deso poder\u00e1 deixar de atender regi\u00f5es mais carentes do Estado. \u201cComo a empresa privada tem como produto ultimo o lucro, isto pode prejudicar locais mais long\u00ednquos, em localidades carentes onde est\u00e3o os mais pobres. A Deso atende mais de 128 mil resid\u00eancias com tarifa social, o que equivale a 500 mil pessoas. Ser\u00e1 que o empresariado vai manter?\u201d, questionou.<\/p>\n<p style=\"text-align: justify;\">Neste sentido, o petista refor\u00e7ou a necessidade de amplia\u00e7\u00e3o do debate e cobrou coer\u00eancia da oposi\u00e7\u00e3o sobre o assunto. \u201cDefendo o debate e a reflex\u00e3o da sociedade. Mas vejo a oposi\u00e7\u00e3o fazendo o enfrentamento pol\u00edtico, mas sem moral nenhuma para isso, uma vez que \u00e9 o governo federal quem est\u00e1 incentivando e impondo a privatiza\u00e7\u00e3o como condi\u00e7\u00e3o para conceder ajuda financeira aos Estados. Quem ap\u00f3ia e est\u00e1 no governo Temer, como \u00e9 a oposi\u00e7\u00e3o em Sergipe, n\u00e3o tem moral para falar de privatiza\u00e7\u00e3o da Deso. O governador tamb\u00e9m precisa refletir sobre isso. Jackson tem tradi\u00e7\u00e3o de luta em defesa do povo\u201d, ponderou.<\/p>\n<p style=\"text-align: justify;\">Para M\u00e1rcio Mac\u00eado, se a Deso encontra-se sucateada e com parte dos servidores recebendo sal\u00e1rios incompat\u00edveis com a realidade, \u00e9 preciso reestruturar a empresa. \u201c\u00c9 necess\u00e1rio melhorar os equipamentos da Deso, trabalhar por sua reestrutura\u00e7\u00e3o. Reduzir as perdas da capta\u00e7\u00e3o de \u00e1gua, que chegam a 45%. Um projeto que idealizei quando fui secret\u00e1rio foi o \u2018\u00c1guas de Sergipe\u2019, com investimentos acima de 120 milh\u00f5es de d\u00f3lares para a recupera\u00e7\u00e3o da bacia do rio Sergipe, com atua\u00e7\u00e3o forte da Deso. Ou seja, os problemas da Deso n\u00e3o se resolvem com privatiza\u00e7\u00e3o\u201d, afirmou.<\/p>\n<p style=\"text-align: justify;\">Ainda como argumento contr\u00e1rio \u00e0 venda da companhia, o ex-deputado federal levantou o seguinte dado: das 30 empresas l\u00edderes em reclama\u00e7\u00e3o do consumidor no Procon\/SE, a Deso aparece em \u00faltimo lugar. \u201cOu seja, a privatiza\u00e7\u00e3o n\u00e3o soluciona, sen\u00e3o empresas privadas n\u00e3o apareceriam como l\u00edderes em reclama\u00e7\u00e3o\u201d, completou.<\/p>\n<p style=\"text-align: justify;\"><img loading=\"lazy\" decoding=\"async\" class=\"aligncenter size-full wp-image-100807\" src=\"http:\/\/senoticias.com.br\/se\/wp-content\/uploads\/2017\/02\/Logo-fone-1-2-1-2-4-1.jpg\" alt=\"Logo-fone-1-2-1-2-4\" width=\"599\" height=\"78\" srcset=\"https:\/\/senoticias.com.br\/se\/wp-content\/uploads\/2017\/02\/Logo-fone-1-2-1-2-4-1.jpg 599w, https:\/\/senoticias.com.br\/se\/wp-content\/uploads\/2017\/02\/Logo-fone-1-2-1-2-4-1-300x39.jpg 300w\" sizes=\"(max-width: 599px) 100vw, 599px\" \/><\/p>\n<p style=\"text-align: justify;\"><strong>Acompanhe tamb\u00e9m o SE Not\u00edcias no<\/strong><span class=\"apple-converted-space\"><b>\u00a0<\/b><\/span><strong><a href=\"https:\/\/twitter.com\/Senoticias\" target=\"_blank\">Twitter<\/a>,<\/strong><span class=\"apple-converted-space\"><b>\u00a0<\/b><\/span><strong><a href=\"https:\/\/www.facebook.com\/senoticias1\" target=\"_blank\">Facebook<span class=\"apple-converted-space\">\u00a0<\/span><\/a>e no<\/strong><span class=\"apple-converted-space\"><b>\u00a0<\/b><\/span><strong><a href=\"https:\/\/www.instagram.com\/senoticias\/\" target=\"_blank\">Instagram<\/a><\/strong><\/p>\n<p style=\"text-align: justify;\"><em>Ascom\/M\u00e1rcio Mac\u00eado<\/em><\/p>\n","protected":false},"excerpt":{"rendered":"<p>O secret\u00e1rio nacional de Finan\u00e7as do PT, M\u00e1rcio Mac\u00eado, defendeu, nesta segunda-feira (20), que o partido em Sergipe lance uma candidatura \u00fanica para o processo de elei\u00e7\u00f5es internas, que ocorrer\u00e1 em abril deste ano. \u201cN\u00e3o \u00e9 tempo de disputa, \u00e9 tempo de buscar unidade dentro do partido. As diferen\u00e7as existem, h\u00e1 diverg\u00eancias e diferen\u00e7as de [&hellip;]<\/p>\n","protected":false},"author":2,"featured_media":62085,"comment_status":"closed","ping_status":"closed","sticky":false,"template":"","format":"standard","meta":{"footnotes":""},"categories":[6],"tags":[2332],"class_list":{"0":"post-100812","1":"post","2":"type-post","3":"status-publish","4":"format-standard","5":"has-post-thumbnail","7":"category-politica","8":"tag-marcio-macedo"},"_links":{"self":[{"href":"https:\/\/senoticias.com.br\/se\/wp-json\/wp\/v2\/posts\/100812"}],"collection":[{"href":"https:\/\/senoticias.com.br\/se\/wp-json\/wp\/v2\/posts"}],"about":[{"href":"https:\/\/senoticias.com.br\/se\/wp-json\/wp\/v2\/types\/post"}],"author":[{"embeddable":true,"href":"https:\/\/senoticias.com.br\/se\/wp-json\/wp\/v2\/users\/2"}],"replies":[{"embeddable":true,"href":"https:\/\/senoticias.com.br\/se\/wp-json\/wp\/v2\/comments?post=100812"}],"version-history":[{"count":0,"href":"https:\/\/senoticias.com.br\/se\/wp-json\/wp\/v2\/posts\/100812\/revisions"}],"wp:featuredmedia":[{"embeddable":true,"href":"https:\/\/senoticias.com.br\/se\/wp-json\/wp\/v2\/media\/62085"}],"wp:attachment":[{"href":"https:\/\/senoticias.com.br\/se\/wp-json\/wp\/v2\/media?parent=100812"}],"wp:term":[{"taxonomy":"category","embeddable":true,"href":"https:\/\/senoticias.com.br\/se\/wp-json\/wp\/v2\/categories?post=100812"},{"taxonomy":"post_tag","embeddable":true,"href":"https:\/\/senoticias.com.br\/se\/wp-json\/wp\/v2\/tags?post=100812"}],"curies":[{"name":"wp","href":"https:\/\/api.w.org\/{rel}","templated":true}]}}