{"id":100811,"date":"2017-02-20T16:00:15","date_gmt":"2017-02-20T19:00:15","guid":{"rendered":"http:\/\/senoticias.com.br\/se\/?p=100811"},"modified":"2017-02-20T16:00:15","modified_gmt":"2017-02-20T19:00:15","slug":"meia-brasileiro-everton-luiz-chora-ao-ser-vitima-de-racismo-em-partida-na-servia","status":"publish","type":"post","link":"https:\/\/senoticias.com.br\/se\/meia-brasileiro-everton-luiz-chora-ao-ser-vitima-de-racismo-em-partida-na-servia\/","title":{"rendered":"Meia brasileiro Everton Luiz chora ao ser v\u00edtima de racismo em partida na S\u00e9rvia"},"content":{"rendered":"<p style=\"text-align: justify\">O racismo encontrou mais uma v\u00edtima no futebol europeu. O brasileiro Everton Luiz, do Partizan Belgrado, foi alvo de c\u00e2nticos e atos racistas por parte da torcida do Rad, no confronto entre os clubes pelo Campeonato S\u00e9rvio, no domingo. O meia chegou a deixar o campo \u00e0s lagrimas e precisou ser consolado pelo goleiro Filip Kljajic, que o abra\u00e7ou e o levou at\u00e9 o t\u00fanel do vesti\u00e1rio. As informa\u00e7\u00f5es s\u00e3o da rede de TV s\u00e9rvia \u201cB92\u201d<\/p>\n<div id=\"attachment_100813\" style=\"width: 458px\" class=\"wp-caption aligncenter\"><a href=\"http:\/\/senoticias.com.br\/se\/wp-content\/uploads\/2017\/02\/everton-luiz-meia-racismo-servio-SE-Noticias.jpg\"><img loading=\"lazy\" decoding=\"async\" aria-describedby=\"caption-attachment-100813\" class=\"size-full wp-image-100813\" src=\"http:\/\/senoticias.com.br\/se\/wp-content\/uploads\/2017\/02\/everton-luiz-meia-racismo-servio-SE-Noticias.jpg\" alt=\"Meia recebeu um beijo e um abra\u00e7o do goleiro do seu time ap\u00f3s racismo Foto: STR \/ AFP \" width=\"448\" height=\"553\" srcset=\"https:\/\/senoticias.com.br\/se\/wp-content\/uploads\/2017\/02\/everton-luiz-meia-racismo-servio-SE-Noticias.jpg 448w, https:\/\/senoticias.com.br\/se\/wp-content\/uploads\/2017\/02\/everton-luiz-meia-racismo-servio-SE-Noticias-243x300.jpg 243w\" sizes=\"(max-width: 448px) 100vw, 448px\" \/><\/a><p id=\"caption-attachment-100813\" class=\"wp-caption-text\">Meia recebeu um beijo e um abra\u00e7o do goleiro do seu time ap\u00f3s racismo Foto: STR \/ AFP<\/p><\/div>\n<p style=\"text-align: justify\">Durante toda partida, cada vez que tocava na bola, Everton foi chamado de macaco e ouviu sons que lembravam o animal. Pouco antes do final do confronto, o jogo foi brevemente interrompido quando apoiantes Rad tamb\u00e9m abriram uma bandeira com uma mensagem insultante contra o brasileiro. Everton chegou a se dirigir aos adeptos o que gerou mais insultos contra ele.<\/p>\n<p style=\"text-align: justify\">\u201cEu n\u00e3o conseguia segurar as l\u00e1grimas porque eu recebi insultos racistas das arquibancadas em 90 minutos. Mas fiquei, sobretudo, chocado com a atitude dos jogadores advers\u00e1rios, em vez de acalmar a situa\u00e7\u00e3o apoiaram esse tipo de comportamento. Quero esquecer o mais rapidamente poss\u00edvel&#8221;, disse ao canal de TV s\u00e9rvio.<br \/>\nO Partizan Belgrado venceu a partida por 1 a 0 e permanece em segundo na classifica\u00e7\u00e3o, com 51 pontos, atr\u00e1s de Red Star, que tem seis pontos a mais.<\/p>\n<p style=\"line-height: 14.25pt\"><strong><span style=\"font-size: 10.0pt;font-family: 'Georgia','serif';color: #333333\">Acompanhe tamb\u00e9m o SE Not\u00edcias no<\/span><\/strong><span class=\"apple-converted-space\"><b><span style=\"font-size: 10.0pt;font-family: 'Georgia','serif';color: #333333\">\u00a0<\/span><\/b><\/span><a href=\"https:\/\/twitter.com\/Senoticias\" target=\"_blank\"><b><span style=\"font-size: 10.0pt;font-family: 'Georgia','serif'\">Twitter<\/span><\/b><\/a><strong><span style=\"font-size: 10.0pt;font-family: 'Georgia','serif';color: #333333\">,<\/span><\/strong><span class=\"apple-converted-space\"><b><span style=\"font-size: 10.0pt;font-family: 'Georgia','serif';color: #333333\">\u00a0<\/span><\/b><\/span><a href=\"https:\/\/www.facebook.com\/senoticias1\" target=\"_blank\"><b><span style=\"font-size: 10.0pt;font-family: 'Georgia','serif'\">Facebook<\/span><\/b><span class=\"apple-converted-space\"><b><span style=\"font-size: 10.0pt;font-family: 'Georgia','serif';color: windowtext;text-decoration: none\">\u00a0<\/span><\/b><\/span><\/a><strong><span style=\"font-size: 10.0pt;font-family: 'Georgia','serif';color: #333333\">e no<\/span><\/strong><span class=\"apple-converted-space\"><b><span style=\"font-size: 10.0pt;font-family: 'Georgia','serif';color: #333333\">\u00a0<\/span><\/b><\/span><a href=\"https:\/\/www.instagram.com\/senoticias\/\" target=\"_blank\"><b><span style=\"font-size: 10.0pt;font-family: 'Georgia','serif'\">Instagram<\/span><\/b><\/a><strong><span style=\"font-size: 10.0pt;font-family: 'Georgia','serif';color: #333333\">.<\/span><\/strong><\/p>\n<p style=\"line-height: 14.25pt\"><a href=\"http:\/\/senoticias.com.br\/se\/wp-content\/uploads\/2017\/02\/Logo-fone-1-2-1-2-4-1.jpg\"><img loading=\"lazy\" decoding=\"async\" class=\"aligncenter size-full wp-image-100807\" src=\"http:\/\/senoticias.com.br\/se\/wp-content\/uploads\/2017\/02\/Logo-fone-1-2-1-2-4-1.jpg\" alt=\"Logo-fone-1-2-1-2-4\" width=\"599\" height=\"78\" srcset=\"https:\/\/senoticias.com.br\/se\/wp-content\/uploads\/2017\/02\/Logo-fone-1-2-1-2-4-1.jpg 599w, https:\/\/senoticias.com.br\/se\/wp-content\/uploads\/2017\/02\/Logo-fone-1-2-1-2-4-1-300x39.jpg 300w\" sizes=\"(max-width: 599px) 100vw, 599px\" \/><\/a><\/p>\n<p style=\"line-height: 14.25pt\">Com informa\u00e7\u00f5es do Jornal Extra<\/p>\n","protected":false},"excerpt":{"rendered":"<p>O racismo encontrou mais uma v\u00edtima no futebol europeu. O brasileiro Everton Luiz, do Partizan Belgrado, foi alvo de c\u00e2nticos e atos racistas por parte da torcida do Rad, no confronto entre os clubes pelo Campeonato S\u00e9rvio, no domingo. O meia chegou a deixar o campo \u00e0s lagrimas e precisou ser consolado pelo goleiro Filip [&hellip;]<\/p>\n","protected":false},"author":5618,"featured_media":100813,"comment_status":"closed","ping_status":"closed","sticky":false,"template":"","format":"standard","meta":{"footnotes":""},"categories":[39,26],"tags":[2333],"class_list":{"0":"post-100811","1":"post","2":"type-post","3":"status-publish","4":"format-standard","5":"has-post-thumbnail","7":"category-esporte","8":"category-esportes","9":"tag-meia-brasileiro-everton-luiz-chora-ao-ser-vitima-de-racismo-em-partida-na-servia"},"_links":{"self":[{"href":"https:\/\/senoticias.com.br\/se\/wp-json\/wp\/v2\/posts\/100811"}],"collection":[{"href":"https:\/\/senoticias.com.br\/se\/wp-json\/wp\/v2\/posts"}],"about":[{"href":"https:\/\/senoticias.com.br\/se\/wp-json\/wp\/v2\/types\/post"}],"author":[{"embeddable":true,"href":"https:\/\/senoticias.com.br\/se\/wp-json\/wp\/v2\/users\/5618"}],"replies":[{"embeddable":true,"href":"https:\/\/senoticias.com.br\/se\/wp-json\/wp\/v2\/comments?post=100811"}],"version-history":[{"count":0,"href":"https:\/\/senoticias.com.br\/se\/wp-json\/wp\/v2\/posts\/100811\/revisions"}],"wp:featuredmedia":[{"embeddable":true,"href":"https:\/\/senoticias.com.br\/se\/wp-json\/wp\/v2\/media\/100813"}],"wp:attachment":[{"href":"https:\/\/senoticias.com.br\/se\/wp-json\/wp\/v2\/media?parent=100811"}],"wp:term":[{"taxonomy":"category","embeddable":true,"href":"https:\/\/senoticias.com.br\/se\/wp-json\/wp\/v2\/categories?post=100811"},{"taxonomy":"post_tag","embeddable":true,"href":"https:\/\/senoticias.com.br\/se\/wp-json\/wp\/v2\/tags?post=100811"}],"curies":[{"name":"wp","href":"https:\/\/api.w.org\/{rel}","templated":true}]}}