{"id":100809,"date":"2017-02-20T15:06:43","date_gmt":"2017-02-20T18:06:43","guid":{"rendered":"http:\/\/senoticias.com.br\/se\/?p=100809"},"modified":"2017-02-20T20:22:09","modified_gmt":"2017-02-20T23:22:09","slug":"prefeitura-de-aracaju-decreta-ponto-facultativo-dias-27-e-28","status":"publish","type":"post","link":"https:\/\/senoticias.com.br\/se\/prefeitura-de-aracaju-decreta-ponto-facultativo-dias-27-e-28\/","title":{"rendered":"Prefeitura de Aracaju decreta ponto facultativo dias 27 e 28"},"content":{"rendered":"<p style=\"text-align: justify;\">A Prefeitura de Aracaju decretou ponto facultativo para os servidores municipais de Aracaju nos dias 27 e 28 de fevereiro e tamb\u00e9m no dia 1\u00ba de mar\u00e7o, em virtude dos festejos do Carnaval para que possam ser mantidas tradi\u00e7\u00f5es hist\u00f3rico-culturais e religiosas do munic\u00edpio. A medida foi tomada atrav\u00e9s do decreto n\u00ba 5.453.<\/p>\n<div id=\"attachment_100819\" style=\"width: 609px\" class=\"wp-caption aligncenter\"><img loading=\"lazy\" decoding=\"async\" aria-describedby=\"caption-attachment-100819\" class=\"size-full wp-image-100819\" src=\"http:\/\/senoticias.com.br\/se\/wp-content\/uploads\/2017\/02\/Carnaval-2017-feeriado-em-Aracaju-SE-noticias-e1487632751285.jpg\" alt=\"Prefeitura de  aracaju decreta feriado no carnaval. (Foto: arquivo\/AAN)\" width=\"599\" height=\"323\" \/><p id=\"caption-attachment-100819\" class=\"wp-caption-text\">Prefeitura de aracaju decreta feriado no carnaval. (Foto: arquivo\/AAN)<\/p><\/div>\n<p style=\"text-align: justify;\">O ponto facultativo, assinado pelo prefeito, salienta que se excluem da aplica\u00e7\u00e3o do decreto o funcionamento de \u00f3rg\u00e3os e entidades prestadoras de servi\u00e7os considerados essenciais ou que n\u00e3o possam sofrer solu\u00e7\u00e3o de continuidade.<\/p>\n<p style=\"line-height: 14.25pt; text-align: justify;\"><strong><span style=\"font-size: 10.0pt; font-family: 'Georgia','serif'; color: #333333;\">Acompanhe tamb\u00e9m o SE Not\u00edcias no<\/span><\/strong><span class=\"apple-converted-space\"><b><span style=\"font-size: 10.0pt; font-family: 'Georgia','serif'; color: #333333;\">\u00a0<\/span><\/b><\/span><a href=\"https:\/\/twitter.com\/Senoticias\" target=\"_blank\"><b><span style=\"font-size: 10.0pt; font-family: 'Georgia','serif';\">Twitter<\/span><\/b><\/a><strong><span style=\"font-size: 10.0pt; font-family: 'Georgia','serif'; color: #333333;\">,<\/span><\/strong><span class=\"apple-converted-space\"><b><span style=\"font-size: 10.0pt; font-family: 'Georgia','serif'; color: #333333;\">\u00a0<\/span><\/b><\/span><a href=\"https:\/\/www.facebook.com\/senoticias1\" target=\"_blank\"><b><span style=\"font-size: 10.0pt; font-family: 'Georgia','serif';\">Facebook<\/span><\/b><span class=\"apple-converted-space\"><b><span style=\"font-size: 10.0pt; font-family: 'Georgia','serif'; color: windowtext; text-decoration: none;\">\u00a0<\/span><\/b><\/span><\/a><strong><span style=\"font-size: 10.0pt; font-family: 'Georgia','serif'; color: #333333;\">e no<\/span><\/strong><span class=\"apple-converted-space\"><b><span style=\"font-size: 10.0pt; font-family: 'Georgia','serif'; color: #333333;\">\u00a0<\/span><\/b><\/span><a href=\"https:\/\/www.instagram.com\/senoticias\/\" target=\"_blank\"><b><span style=\"font-size: 10.0pt; font-family: 'Georgia','serif';\">Instagram<\/span><\/b><\/a><strong><span style=\"font-size: 10.0pt; font-family: 'Georgia','serif'; color: #333333;\">.<\/span><\/strong><\/p>\n<p style=\"text-align: justify;\"><a href=\"http:\/\/senoticias.com.br\/se\/wp-content\/uploads\/2017\/02\/Logo-fone-1-2-1-2-4-1.jpg\"><img loading=\"lazy\" decoding=\"async\" class=\"aligncenter size-full wp-image-100807\" src=\"http:\/\/senoticias.com.br\/se\/wp-content\/uploads\/2017\/02\/Logo-fone-1-2-1-2-4-1.jpg\" alt=\"Logo-fone-1-2-1-2-4\" width=\"599\" height=\"78\" srcset=\"https:\/\/senoticias.com.br\/se\/wp-content\/uploads\/2017\/02\/Logo-fone-1-2-1-2-4-1.jpg 599w, https:\/\/senoticias.com.br\/se\/wp-content\/uploads\/2017\/02\/Logo-fone-1-2-1-2-4-1-300x39.jpg 300w\" sizes=\"(max-width: 599px) 100vw, 599px\" \/><\/a><\/p>\n<p style=\"text-align: justify;\">Informa\u00e7\u00f5es da ascom\/PMA<\/p>\n","protected":false},"excerpt":{"rendered":"<p>A Prefeitura de Aracaju decretou ponto facultativo para os servidores municipais de Aracaju nos dias 27 e 28 de fevereiro e tamb\u00e9m no dia 1\u00ba de mar\u00e7o, em virtude dos festejos do Carnaval para que possam ser mantidas tradi\u00e7\u00f5es hist\u00f3rico-culturais e religiosas do munic\u00edpio. A medida foi tomada atrav\u00e9s do decreto n\u00ba 5.453. O ponto [&hellip;]<\/p>\n","protected":false},"author":5618,"featured_media":100819,"comment_status":"closed","ping_status":"closed","sticky":false,"template":"","format":"standard","meta":{"footnotes":""},"categories":[2307,15],"tags":[2331],"class_list":{"0":"post-100809","1":"post","2":"type-post","3":"status-publish","4":"format-standard","5":"has-post-thumbnail","7":"category-carnaval-2017","8":"category-destaques","9":"tag-prefeitura-de-aracaju-decreta-ponto-facultativo-dias-27-e-28"},"_links":{"self":[{"href":"https:\/\/senoticias.com.br\/se\/wp-json\/wp\/v2\/posts\/100809"}],"collection":[{"href":"https:\/\/senoticias.com.br\/se\/wp-json\/wp\/v2\/posts"}],"about":[{"href":"https:\/\/senoticias.com.br\/se\/wp-json\/wp\/v2\/types\/post"}],"author":[{"embeddable":true,"href":"https:\/\/senoticias.com.br\/se\/wp-json\/wp\/v2\/users\/5618"}],"replies":[{"embeddable":true,"href":"https:\/\/senoticias.com.br\/se\/wp-json\/wp\/v2\/comments?post=100809"}],"version-history":[{"count":0,"href":"https:\/\/senoticias.com.br\/se\/wp-json\/wp\/v2\/posts\/100809\/revisions"}],"wp:featuredmedia":[{"embeddable":true,"href":"https:\/\/senoticias.com.br\/se\/wp-json\/wp\/v2\/media\/100819"}],"wp:attachment":[{"href":"https:\/\/senoticias.com.br\/se\/wp-json\/wp\/v2\/media?parent=100809"}],"wp:term":[{"taxonomy":"category","embeddable":true,"href":"https:\/\/senoticias.com.br\/se\/wp-json\/wp\/v2\/categories?post=100809"},{"taxonomy":"post_tag","embeddable":true,"href":"https:\/\/senoticias.com.br\/se\/wp-json\/wp\/v2\/tags?post=100809"}],"curies":[{"name":"wp","href":"https:\/\/api.w.org\/{rel}","templated":true}]}}