{"id":100804,"date":"2017-02-20T14:57:00","date_gmt":"2017-02-20T17:57:00","guid":{"rendered":"http:\/\/senoticias.com.br\/se\/?p=100804"},"modified":"2017-02-20T14:57:00","modified_gmt":"2017-02-20T17:57:00","slug":"aquidaba-recebe-o-ceac-itinerante-nesta-semana","status":"publish","type":"post","link":"https:\/\/senoticias.com.br\/se\/aquidaba-recebe-o-ceac-itinerante-nesta-semana\/","title":{"rendered":"Aquidab\u00e3 recebe o Ceac Itinerante nesta semana"},"content":{"rendered":"<p>Na semana que precede o Carnaval, a caravana da cidadania do Ceac Itinerante est\u00e1 na cidade de Aquidab\u00e3, no M\u00e9dio Sert\u00e3o sergipano. O atendimento acontecer\u00e1 nos dias 21, 22 e 23, de 8h \u00e0s 17h, interruptamente, no Col\u00e9gio Estadual Emiliano Guimar\u00e3es, localizado na Rua das Pedras, 132, Centro.<\/p>\n<div id=\"attachment_100808\" style=\"width: 590px\" class=\"wp-caption aligncenter\"><a href=\"http:\/\/senoticias.com.br\/se\/wp-content\/uploads\/2017\/02\/CEAC-Itinerante-SE-Noticias-e1487613372887.jpg\"><img loading=\"lazy\" decoding=\"async\" aria-describedby=\"caption-attachment-100808\" class=\"size-full wp-image-100808\" src=\"http:\/\/senoticias.com.br\/se\/wp-content\/uploads\/2017\/02\/CEAC-Itinerante-SE-Noticias-e1487613372887.jpg\" alt=\"De acordo com o diretor geral dos Centros de Atendimento ao Cidad\u00e3o (Ceac\u2019s), Rodrigo Farias, a procura nos guich\u00eas da SSP e do NAT \u00e9 sempre maior\/ Foto: Ascom\/Seplag\" width=\"580\" height=\"387\" \/><\/a><p id=\"caption-attachment-100808\" class=\"wp-caption-text\">De acordo com o diretor geral dos Centros de Atendimento ao Cidad\u00e3o (Ceac\u2019s), Rodrigo Farias, a procura nos guich\u00eas da SSP e do NAT \u00e9 sempre maior\/ Foto: Ascom\/Seplag<\/p><\/div>\n<p style=\"text-align: justify\">Entre os servi\u00e7os que ser\u00e3o oferecidos \u00e0 popula\u00e7\u00e3o est\u00e3o emiss\u00e3o de RG, carteira de trabalho e atestado de antecedentes criminais. Al\u00e9m de servi\u00e7os ofertados pelo Ipesa\u00fade, pela Secretaria de Estado de Planejamento, Or\u00e7amento e Gert\u00e3o (Seplag) e Secretaria de Estado da Infraestrutura (Seinfra), pelo Instituto Nacional de Coloniza\u00e7\u00e3o e Reforma Agr\u00e1ria de Sergipe (Incra), Departamento Estadual de Tr\u00e2nsito de Sergipe (Detran), Instituto Nacional de Seguro Social (INSS), Receita Federal, Junta Comercial do Estado de Sergipe (Jucese), entre muitos outros.<\/p>\n<p style=\"text-align: justify\">De acordo com o diretor geral dos Centros de Atendimento ao Cidad\u00e3o (Ceac\u2019s), Rodrigo Farias, a procura nos guich\u00eas da Secretaria de Seguran\u00e7a P\u00fablica (SSP) e do N\u00facleo de Apoio ao Trabalho (NAT) sempre \u00e9 bem grande. \u201cO mais procurado \u00e9 sempre o servi\u00e7o de emiss\u00e3o de carteira de identidade, seguido pela carteira de trabalho, mas sempre temos um bom n\u00famero de atendimentos nos outros \u00f3rg\u00e3os parceiros tamb\u00e9m\u201d, informa.<\/p>\n<p style=\"text-align: justify\"><strong>Pausa e pr\u00f3ximas cidades<\/strong><\/p>\n<p style=\"text-align: justify\">Na semana do carnaval, o projeto tem uma pausa devido ao feriado e aos pontos facultativos do Governo do Estado, mas retorna na ter\u00e7a-feira, 07 de mar\u00e7o, na cidade de Monte Alegre de Sergipe. Posteriormente ser\u00e1 a vez de Canhoba receber o projeto entre os dias 14 a 16 de mar\u00e7o. Amparo do S\u00e3o Francisco e Porto da Folha completam o cronograma do m\u00eas.<\/p>\n<p style=\"line-height: 14.25pt\"><strong><span style=\"font-size: 10.0pt;font-family: 'Georgia','serif';color: #333333\">Acompanhe tamb\u00e9m o SE Not\u00edcias no<\/span><\/strong><span class=\"apple-converted-space\"><b><span style=\"font-size: 10.0pt;font-family: 'Georgia','serif';color: #333333\">\u00a0<\/span><\/b><\/span><a href=\"https:\/\/twitter.com\/Senoticias\" target=\"_blank\"><b><span style=\"font-size: 10.0pt;font-family: 'Georgia','serif'\">Twitter<\/span><\/b><\/a><strong><span style=\"font-size: 10.0pt;font-family: 'Georgia','serif';color: #333333\">,<\/span><\/strong><span class=\"apple-converted-space\"><b><span style=\"font-size: 10.0pt;font-family: 'Georgia','serif';color: #333333\">\u00a0<\/span><\/b><\/span><a href=\"https:\/\/www.facebook.com\/senoticias1\" target=\"_blank\"><b><span style=\"font-size: 10.0pt;font-family: 'Georgia','serif'\">Facebook<\/span><\/b><span class=\"apple-converted-space\"><b><span style=\"font-size: 10.0pt;font-family: 'Georgia','serif';color: windowtext;text-decoration: none\">\u00a0<\/span><\/b><\/span><\/a><strong><span style=\"font-size: 10.0pt;font-family: 'Georgia','serif';color: #333333\">e no<\/span><\/strong><span class=\"apple-converted-space\"><b><span style=\"font-size: 10.0pt;font-family: 'Georgia','serif';color: #333333\">\u00a0<\/span><\/b><\/span><a href=\"https:\/\/www.instagram.com\/senoticias\/\" target=\"_blank\"><b><span style=\"font-size: 10.0pt;font-family: 'Georgia','serif'\">Instagram<\/span><\/b><\/a><strong><span style=\"font-size: 10.0pt;font-family: 'Georgia','serif';color: #333333\">.<\/span><\/strong><\/p>\n<p style=\"line-height: 14.25pt\"><a href=\"http:\/\/senoticias.com.br\/se\/wp-content\/uploads\/2017\/02\/Logo-fone-1-2-1-2-4-1.jpg\"><img loading=\"lazy\" decoding=\"async\" class=\"aligncenter size-full wp-image-100807\" src=\"http:\/\/senoticias.com.br\/se\/wp-content\/uploads\/2017\/02\/Logo-fone-1-2-1-2-4-1.jpg\" alt=\"Logo-fone-1-2-1-2-4\" width=\"599\" height=\"78\" srcset=\"https:\/\/senoticias.com.br\/se\/wp-content\/uploads\/2017\/02\/Logo-fone-1-2-1-2-4-1.jpg 599w, https:\/\/senoticias.com.br\/se\/wp-content\/uploads\/2017\/02\/Logo-fone-1-2-1-2-4-1-300x39.jpg 300w\" sizes=\"(max-width: 599px) 100vw, 599px\" \/><\/a><\/p>\n<p style=\"line-height: 14.25pt\">Com Informa\u00e7\u00f5es da ASN<\/p>\n","protected":false},"excerpt":{"rendered":"<p>Na semana que precede o Carnaval, a caravana da cidadania do Ceac Itinerante est\u00e1 na cidade de Aquidab\u00e3, no M\u00e9dio Sert\u00e3o sergipano. O atendimento acontecer\u00e1 nos dias 21, 22 e 23, de 8h \u00e0s 17h, interruptamente, no Col\u00e9gio Estadual Emiliano Guimar\u00e3es, localizado na Rua das Pedras, 132, Centro. Entre os servi\u00e7os que ser\u00e3o oferecidos \u00e0 [&hellip;]<\/p>\n","protected":false},"author":5618,"featured_media":100808,"comment_status":"closed","ping_status":"closed","sticky":false,"template":"","format":"standard","meta":{"footnotes":""},"categories":[38],"tags":[2330],"class_list":{"0":"post-100804","1":"post","2":"type-post","3":"status-publish","4":"format-standard","5":"has-post-thumbnail","7":"category-municipios","8":"tag-aquidaba-recebe-o-ceac-itinerante-nesta-semana"},"_links":{"self":[{"href":"https:\/\/senoticias.com.br\/se\/wp-json\/wp\/v2\/posts\/100804"}],"collection":[{"href":"https:\/\/senoticias.com.br\/se\/wp-json\/wp\/v2\/posts"}],"about":[{"href":"https:\/\/senoticias.com.br\/se\/wp-json\/wp\/v2\/types\/post"}],"author":[{"embeddable":true,"href":"https:\/\/senoticias.com.br\/se\/wp-json\/wp\/v2\/users\/5618"}],"replies":[{"embeddable":true,"href":"https:\/\/senoticias.com.br\/se\/wp-json\/wp\/v2\/comments?post=100804"}],"version-history":[{"count":0,"href":"https:\/\/senoticias.com.br\/se\/wp-json\/wp\/v2\/posts\/100804\/revisions"}],"wp:featuredmedia":[{"embeddable":true,"href":"https:\/\/senoticias.com.br\/se\/wp-json\/wp\/v2\/media\/100808"}],"wp:attachment":[{"href":"https:\/\/senoticias.com.br\/se\/wp-json\/wp\/v2\/media?parent=100804"}],"wp:term":[{"taxonomy":"category","embeddable":true,"href":"https:\/\/senoticias.com.br\/se\/wp-json\/wp\/v2\/categories?post=100804"},{"taxonomy":"post_tag","embeddable":true,"href":"https:\/\/senoticias.com.br\/se\/wp-json\/wp\/v2\/tags?post=100804"}],"curies":[{"name":"wp","href":"https:\/\/api.w.org\/{rel}","templated":true}]}}