{"id":100803,"date":"2017-02-20T14:39:02","date_gmt":"2017-02-20T17:39:02","guid":{"rendered":"http:\/\/senoticias.com.br\/se\/?p=100803"},"modified":"2017-02-20T14:49:28","modified_gmt":"2017-02-20T17:49:28","slug":"assembleia-legislativa-emite-nota-sobre-denuncia-do-jornal-cinform","status":"publish","type":"post","link":"https:\/\/senoticias.com.br\/se\/assembleia-legislativa-emite-nota-sobre-denuncia-do-jornal-cinform\/","title":{"rendered":"Assembleia Legislativa emite nota sobre den\u00fancia do Jornal Cinform"},"content":{"rendered":"<p style=\"text-align: justify;\">Em resposta a uma mat\u00e9ria, com chamada de capa, de um seman\u00e1rio, afirmando que o presidente da Assembleia Legislativa de Sergipe \u201cPAGA SAL\u00c1RIO AT\u00c9 DE MORTO\u201d, o poder Legislativo sergipano informa a sociedade que, desde o dia 23 de maio de 2016 o departamento pessoal, ap\u00f3s apresenta\u00e7\u00e3o da certid\u00e3o de \u00f3bito do servidor Ant\u00f4nio Valdione de S\u00e1, foi dado baixa em nossos sistemas, finalizando a partir dessa data, os pagamentos.<img loading=\"lazy\" decoding=\"async\" class=\"aligncenter size-full wp-image-100805\" src=\"http:\/\/senoticias.com.br\/se\/wp-content\/uploads\/2017\/02\/ALESE-LOGO-SENOTICIAS-e1487612806840.jpg\" alt=\"ALESE LOGO SENOTICIAS\" width=\"599\" height=\"600\" \/><\/p>\n<p style=\"text-align: justify;\">Informamos tamb\u00e9m, que toda a tramita\u00e7\u00e3o necess\u00e1ria para a que a senhora Josilene Nascimento de S\u00e1, vi\u00fava do servidor, passasse a receber o que a legisla\u00e7\u00e3o garante, atrav\u00e9s do instituto de previd\u00eancia de Sergipe, por meio do requerimento apresentado ao Instituto em 31 de maio de 2016. Tal pedido foi deferido pelo \u00d3rg\u00e3o, no dia 12 de julho do mesmo ano.<\/p>\n<p style=\"text-align: justify;\">O presidente da Assembleia Legislativa de Sergipe informa que toda a imprensa sergipana tem o direito sagrado de publicar o que suas editorias entenderem, e jamais agir\u00e1 para cercear esse direito constitucional da liberdade de express\u00e3o. Lamenta apenas que a vida de um cidad\u00e3o, j\u00e1 falecido, juntamente com toda a sua fam\u00edlia, tenha sido exposta de forma indevida, equivocada e sem que a Assembleia Legislativa de Sergipe tenha tido o direito de poder apresentar a documenta\u00e7\u00e3o que comprovaria a lisura com que este Poder agiu no referido caso, e reafirmamos que desde o m\u00eas de junho de 2016 n\u00e3o pagou um centavo ao falecido.<\/p>\n<p style=\"text-align: justify;\"><img loading=\"lazy\" decoding=\"async\" class=\"aligncenter size-full wp-image-100743\" src=\"http:\/\/senoticias.com.br\/se\/wp-content\/uploads\/2017\/02\/Logo-fone-1-2-1-2-4.jpg\" alt=\"Logo-fone-1-2-1-2-4\" width=\"599\" height=\"78\" srcset=\"https:\/\/senoticias.com.br\/se\/wp-content\/uploads\/2017\/02\/Logo-fone-1-2-1-2-4.jpg 599w, https:\/\/senoticias.com.br\/se\/wp-content\/uploads\/2017\/02\/Logo-fone-1-2-1-2-4-300x39.jpg 300w\" sizes=\"(max-width: 599px) 100vw, 599px\" \/><\/p>\n<p style=\"text-align: justify;\"><strong>Acompanhe tamb\u00e9m o SE Not\u00edcias no <a href=\"https:\/\/twitter.com\/Senoticias\">Twitter<\/a>, <a href=\"https:\/\/www.facebook.com\/PortalSENoticias\/\">Facebook <\/a>e no <a href=\"https:\/\/www.instagram.com\/senoticias\/\">Instagram<\/a><\/strong><\/p>\n<p><em>Assembleia Legislativa de Sergipe.<\/em><\/p>\n","protected":false},"excerpt":{"rendered":"<p>Em resposta a uma mat\u00e9ria, com chamada de capa, de um seman\u00e1rio, afirmando que o presidente da Assembleia Legislativa de Sergipe \u201cPAGA SAL\u00c1RIO AT\u00c9 DE MORTO\u201d, o poder Legislativo sergipano informa a sociedade que, desde o dia 23 de maio de 2016 o departamento pessoal, ap\u00f3s apresenta\u00e7\u00e3o da certid\u00e3o de \u00f3bito do servidor Ant\u00f4nio Valdione [&hellip;]<\/p>\n","protected":false},"author":2,"featured_media":100805,"comment_status":"closed","ping_status":"closed","sticky":false,"template":"","format":"standard","meta":{"footnotes":""},"categories":[15,6],"tags":[],"class_list":{"0":"post-100803","1":"post","2":"type-post","3":"status-publish","4":"format-standard","5":"has-post-thumbnail","7":"category-destaques","8":"category-politica"},"_links":{"self":[{"href":"https:\/\/senoticias.com.br\/se\/wp-json\/wp\/v2\/posts\/100803"}],"collection":[{"href":"https:\/\/senoticias.com.br\/se\/wp-json\/wp\/v2\/posts"}],"about":[{"href":"https:\/\/senoticias.com.br\/se\/wp-json\/wp\/v2\/types\/post"}],"author":[{"embeddable":true,"href":"https:\/\/senoticias.com.br\/se\/wp-json\/wp\/v2\/users\/2"}],"replies":[{"embeddable":true,"href":"https:\/\/senoticias.com.br\/se\/wp-json\/wp\/v2\/comments?post=100803"}],"version-history":[{"count":0,"href":"https:\/\/senoticias.com.br\/se\/wp-json\/wp\/v2\/posts\/100803\/revisions"}],"wp:featuredmedia":[{"embeddable":true,"href":"https:\/\/senoticias.com.br\/se\/wp-json\/wp\/v2\/media\/100805"}],"wp:attachment":[{"href":"https:\/\/senoticias.com.br\/se\/wp-json\/wp\/v2\/media?parent=100803"}],"wp:term":[{"taxonomy":"category","embeddable":true,"href":"https:\/\/senoticias.com.br\/se\/wp-json\/wp\/v2\/categories?post=100803"},{"taxonomy":"post_tag","embeddable":true,"href":"https:\/\/senoticias.com.br\/se\/wp-json\/wp\/v2\/tags?post=100803"}],"curies":[{"name":"wp","href":"https:\/\/api.w.org\/{rel}","templated":true}]}}