{"id":100801,"date":"2017-02-20T13:49:05","date_gmt":"2017-02-20T16:49:05","guid":{"rendered":"http:\/\/senoticias.com.br\/se\/?p=100801"},"modified":"2017-02-20T13:49:49","modified_gmt":"2017-02-20T16:49:49","slug":"museu-de-sergipe-fecha-durante-o-carnaval","status":"publish","type":"post","link":"https:\/\/senoticias.com.br\/se\/museu-de-sergipe-fecha-durante-o-carnaval\/","title":{"rendered":"Museu de Sergipe fecha durante o carnaval"},"content":{"rendered":"<p style=\"text-align: justify;\">O Museu Hist\u00f3rico de Sergipe, em S\u00e3o Crist\u00f3v\u00e3o, e os museus Afro-Brasileiro e de Arte Sacra, ambos em Laranjeiras, ter\u00e3o hor\u00e1rios especiais de funcionamento durante o Carnaval. No s\u00e1bado, dia 25 de fevereiro as institui\u00e7\u00f5es funcionar\u00e3o somente at\u00e9 as 13 horas e permanecem fechadas at\u00e9 a ter\u00e7a feira, 28 de fevereiro.<\/p>\n<div id=\"attachment_100802\" style=\"width: 609px\" class=\"wp-caption aligncenter\"><img loading=\"lazy\" decoding=\"async\" aria-describedby=\"caption-attachment-100802\" class=\"size-full wp-image-100802\" src=\"http:\/\/senoticias.com.br\/se\/wp-content\/uploads\/2017\/02\/Museu-Historico-de-Sergipe-SE-Noticias-e1487609099754.jpg\" alt=\"Museus estar\u00e3o fechados durante o Carnaval\" width=\"599\" height=\"399\" \/><p id=\"caption-attachment-100802\" class=\"wp-caption-text\">Museus estar\u00e3o fechados durante o Carnaval. (Foto: ascom \/ Secult)<\/p><\/div>\n<p style=\"text-align: justify;\">Na quarta-feira de cinza, dia 1\u00ba de mar\u00e7o, os servi\u00e7os voltam a seguir seus hor\u00e1rios normais de funcionamento. Os museus de Laranjeiras est\u00e3o abertos das 9h \u00e0s 14 horas, e o de S\u00e3o Crist\u00f3v\u00e3o, das 10h \u00e0s 16 horas.<\/p>\n<p style=\"text-align: justify;\"><img loading=\"lazy\" decoding=\"async\" class=\"aligncenter size-full wp-image-100743\" src=\"http:\/\/senoticias.com.br\/se\/wp-content\/uploads\/2017\/02\/Logo-fone-1-2-1-2-4.jpg\" alt=\"Logo-fone-1-2-1-2-4\" width=\"599\" height=\"78\" srcset=\"https:\/\/senoticias.com.br\/se\/wp-content\/uploads\/2017\/02\/Logo-fone-1-2-1-2-4.jpg 599w, https:\/\/senoticias.com.br\/se\/wp-content\/uploads\/2017\/02\/Logo-fone-1-2-1-2-4-300x39.jpg 300w\" sizes=\"(max-width: 599px) 100vw, 599px\" \/><\/p>\n<p style=\"text-align: justify;\"><strong>Acompanhe tamb\u00e9m o SE Not\u00edcias no<\/strong><span class=\"apple-converted-space\"><b>\u00a0<\/b><\/span><strong><a href=\"https:\/\/twitter.com\/Senoticias\" target=\"_blank\">Twitter<\/a>,<\/strong><span class=\"apple-converted-space\"><b>\u00a0<\/b><\/span><strong><a href=\"https:\/\/www.facebook.com\/senoticias1\" target=\"_blank\">Facebook<span class=\"apple-converted-space\">\u00a0<\/span><\/a>e no<\/strong><span class=\"apple-converted-space\"><b>\u00a0<\/b><\/span><strong><a href=\"https:\/\/www.instagram.com\/senoticias\/\" target=\"_blank\">Instagram<\/a><\/strong><\/p>\n<p style=\"text-align: justify;\">Ascom \/ Secretariaa \u00a0de Estado da Cultura<\/p>\n","protected":false},"excerpt":{"rendered":"<p>O Museu Hist\u00f3rico de Sergipe, em S\u00e3o Crist\u00f3v\u00e3o, e os museus Afro-Brasileiro e de Arte Sacra, ambos em Laranjeiras, ter\u00e3o hor\u00e1rios especiais de funcionamento durante o Carnaval. No s\u00e1bado, dia 25 de fevereiro as institui\u00e7\u00f5es funcionar\u00e3o somente at\u00e9 as 13 horas e permanecem fechadas at\u00e9 a ter\u00e7a feira, 28 de fevereiro. Na quarta-feira de cinza, [&hellip;]<\/p>\n","protected":false},"author":2,"featured_media":100802,"comment_status":"closed","ping_status":"closed","sticky":false,"template":"","format":"standard","meta":{"footnotes":""},"categories":[15,38],"tags":[],"class_list":{"0":"post-100801","1":"post","2":"type-post","3":"status-publish","4":"format-standard","5":"has-post-thumbnail","7":"category-destaques","8":"category-municipios"},"_links":{"self":[{"href":"https:\/\/senoticias.com.br\/se\/wp-json\/wp\/v2\/posts\/100801"}],"collection":[{"href":"https:\/\/senoticias.com.br\/se\/wp-json\/wp\/v2\/posts"}],"about":[{"href":"https:\/\/senoticias.com.br\/se\/wp-json\/wp\/v2\/types\/post"}],"author":[{"embeddable":true,"href":"https:\/\/senoticias.com.br\/se\/wp-json\/wp\/v2\/users\/2"}],"replies":[{"embeddable":true,"href":"https:\/\/senoticias.com.br\/se\/wp-json\/wp\/v2\/comments?post=100801"}],"version-history":[{"count":0,"href":"https:\/\/senoticias.com.br\/se\/wp-json\/wp\/v2\/posts\/100801\/revisions"}],"wp:featuredmedia":[{"embeddable":true,"href":"https:\/\/senoticias.com.br\/se\/wp-json\/wp\/v2\/media\/100802"}],"wp:attachment":[{"href":"https:\/\/senoticias.com.br\/se\/wp-json\/wp\/v2\/media?parent=100801"}],"wp:term":[{"taxonomy":"category","embeddable":true,"href":"https:\/\/senoticias.com.br\/se\/wp-json\/wp\/v2\/categories?post=100801"},{"taxonomy":"post_tag","embeddable":true,"href":"https:\/\/senoticias.com.br\/se\/wp-json\/wp\/v2\/tags?post=100801"}],"curies":[{"name":"wp","href":"https:\/\/api.w.org\/{rel}","templated":true}]}}