{"id":100795,"date":"2017-02-20T10:39:45","date_gmt":"2017-02-20T13:39:45","guid":{"rendered":"http:\/\/senoticias.com.br\/se\/?p=100795"},"modified":"2017-02-20T10:39:45","modified_gmt":"2017-02-20T13:39:45","slug":"instituicoes-financeiras-esperam-que-selic-caia-para-1225-ao-ano","status":"publish","type":"post","link":"https:\/\/senoticias.com.br\/se\/instituicoes-financeiras-esperam-que-selic-caia-para-1225-ao-ano\/","title":{"rendered":"Institui\u00e7\u00f5es financeiras esperam que Selic caia para 12,25% ao ano"},"content":{"rendered":"<p style=\"text-align: justify;\">Institui\u00e7\u00f5es financeiras consultadas pelo Banco Central (BC) esperam que a taxa b\u00e1sica de juros, a Selic, caia dos atuais 13% ao ano para 12,25% ao ano, na reuni\u00e3o do Comit\u00ea de Pol\u00edtica Monet\u00e1ria (Copom), marcada para esta ter\u00e7a e quarta-feira (22).<\/p>\n<div id=\"attachment_100796\" style=\"width: 609px\" class=\"wp-caption aligncenter\"><img loading=\"lazy\" decoding=\"async\" aria-describedby=\"caption-attachment-100796\" class=\"size-full wp-image-100796\" src=\"http:\/\/senoticias.com.br\/se\/wp-content\/uploads\/2017\/02\/SENot\u00edcias-economia_ilustracao-5.jpg\" alt=\"Para o mercado financeiro, a Selic encerrar\u00e1 2017 em 9,5% ao ano e 2018 em 9% ao ano (Foto: Marcello Casal Jr\/Ag\u00eancia Brasil)\" width=\"599\" height=\"401\" srcset=\"https:\/\/senoticias.com.br\/se\/wp-content\/uploads\/2017\/02\/SENot\u00edcias-economia_ilustracao-5.jpg 599w, https:\/\/senoticias.com.br\/se\/wp-content\/uploads\/2017\/02\/SENot\u00edcias-economia_ilustracao-5-300x201.jpg 300w, https:\/\/senoticias.com.br\/se\/wp-content\/uploads\/2017\/02\/SENot\u00edcias-economia_ilustracao-5-90x60.jpg 90w, https:\/\/senoticias.com.br\/se\/wp-content\/uploads\/2017\/02\/SENot\u00edcias-economia_ilustracao-5-180x120.jpg 180w, https:\/\/senoticias.com.br\/se\/wp-content\/uploads\/2017\/02\/SENot\u00edcias-economia_ilustracao-5-95x64.jpg 95w\" sizes=\"(max-width: 599px) 100vw, 599px\" \/><p id=\"caption-attachment-100796\" class=\"wp-caption-text\">Para o mercado financeiro, a Selic encerrar\u00e1 2017 em 9,5% ao ano e 2018 em 9% ao ano (Foto: Marcello Casal Jr\/Ag\u00eancia Brasil)<\/p><\/div>\n<p style=\"text-align: justify;\">Com a infla\u00e7\u00e3o em queda e a economia em recupera\u00e7\u00e3o, as institui\u00e7\u00f5es financeiras esperam por mais cortes na taxa b\u00e1sica nas reuni\u00f5es seguintes do Copom. Para o mercado financeiro, a Selic encerrar\u00e1 2017 em 9,5% ao ano e 2018 em 9% ao ano.<\/p>\n<p style=\"text-align: justify;\">A Selic \u00e9 um dos instrumentos usados para influenciar a atividade econ\u00f4mica e, consequentemente, a infla\u00e7\u00e3o. Quando o Copom aumenta a Selic, o objetivo \u00e9 conter a demanda aquecida, e isto gera reflexos nos pre\u00e7os, porque os juros mais altos encarecem o cr\u00e9dito e estimulam a poupan\u00e7a. Quando o Copom diminui os juros b\u00e1sicos, a tend\u00eancia \u00e9 que o cr\u00e9dito fique mais barato, com incentivo \u00e0 produ\u00e7\u00e3o e ao consumo, reduzindo o controle sobre a infla\u00e7\u00e3o.<\/p>\n<p style=\"text-align: justify;\"><strong>Estimativas para a infla\u00e7\u00e3o<\/strong><\/p>\n<p style=\"text-align: justify;\">A proje\u00e7\u00e3o de institui\u00e7\u00f5es financeiras para a infla\u00e7\u00e3o, neste ano, continua a cair. A estimativa para o \u00cdndice Nacional de Pre\u00e7os ao Consumidor Amplo (IPCA) caiu pela s\u00e9tima semana consecutiva, ao passar de 4,47% para 4,43%.<\/p>\n<p style=\"text-align: justify;\">A estimativa est\u00e1 abaixo do centro da meta de infla\u00e7\u00e3o, que \u00e9 4,5%. A meta tem limite inferior de 3% e superior de 6%. Para 2018, a estimativa para o IPCA segue em 4,5%.<\/p>\n<p style=\"text-align: justify;\">A proje\u00e7\u00e3o de institui\u00e7\u00f5es financeiras para o crescimento da economia (Produto Interno Bruto \u2013 PIB \u2013 a soma de todas as riquezas produzidas pelo pa\u00eds), este ano, foi mantida em 0,48%. Para o pr\u00f3ximo ano, a expectativa \u00e9 que a economia cres\u00e7a 2,3%, a mesma estimativa da semana passada.<\/p>\n<p style=\"text-align: justify;\"><strong>Acompanhe tamb\u00e9m o SE Not\u00edcias no <a href=\"https:\/\/twitter.com\/Senoticias\">Twitter<\/a>, <a href=\"https:\/\/www.facebook.com\/PortalSENoticias\/?ref=page_internal\">Facebook <\/a>e no <a href=\"https:\/\/www.instagram.com\/senoticias\/\">Instagram<\/a><\/strong><\/p>\n<p style=\"text-align: justify;\"><img loading=\"lazy\" decoding=\"async\" class=\"aligncenter size-full wp-image-100743\" src=\"http:\/\/senoticias.com.br\/se\/wp-content\/uploads\/2017\/02\/Logo-fone-1-2-1-2-4.jpg\" alt=\"Logo-fone-1-2-1-2-4\" width=\"599\" height=\"78\" srcset=\"https:\/\/senoticias.com.br\/se\/wp-content\/uploads\/2017\/02\/Logo-fone-1-2-1-2-4.jpg 599w, https:\/\/senoticias.com.br\/se\/wp-content\/uploads\/2017\/02\/Logo-fone-1-2-1-2-4-300x39.jpg 300w\" sizes=\"(max-width: 599px) 100vw, 599px\" \/><\/p>\n<p style=\"text-align: justify;\"><em>Da Ag\u00eancia Brasil<\/em><\/p>\n","protected":false},"excerpt":{"rendered":"<p>Institui\u00e7\u00f5es financeiras consultadas pelo Banco Central (BC) esperam que a taxa b\u00e1sica de juros, a Selic, caia dos atuais 13% ao ano para 12,25% ao ano, na reuni\u00e3o do Comit\u00ea de Pol\u00edtica Monet\u00e1ria (Copom), marcada para esta ter\u00e7a e quarta-feira (22). Com a infla\u00e7\u00e3o em queda e a economia em recupera\u00e7\u00e3o, as institui\u00e7\u00f5es financeiras esperam [&hellip;]<\/p>\n","protected":false},"author":2,"featured_media":100796,"comment_status":"closed","ping_status":"closed","sticky":false,"template":"","format":"standard","meta":{"footnotes":""},"categories":[1],"tags":[],"class_list":{"0":"post-100795","1":"post","2":"type-post","3":"status-publish","4":"format-standard","5":"has-post-thumbnail","7":"category-sem-categoria"},"_links":{"self":[{"href":"https:\/\/senoticias.com.br\/se\/wp-json\/wp\/v2\/posts\/100795"}],"collection":[{"href":"https:\/\/senoticias.com.br\/se\/wp-json\/wp\/v2\/posts"}],"about":[{"href":"https:\/\/senoticias.com.br\/se\/wp-json\/wp\/v2\/types\/post"}],"author":[{"embeddable":true,"href":"https:\/\/senoticias.com.br\/se\/wp-json\/wp\/v2\/users\/2"}],"replies":[{"embeddable":true,"href":"https:\/\/senoticias.com.br\/se\/wp-json\/wp\/v2\/comments?post=100795"}],"version-history":[{"count":0,"href":"https:\/\/senoticias.com.br\/se\/wp-json\/wp\/v2\/posts\/100795\/revisions"}],"wp:featuredmedia":[{"embeddable":true,"href":"https:\/\/senoticias.com.br\/se\/wp-json\/wp\/v2\/media\/100796"}],"wp:attachment":[{"href":"https:\/\/senoticias.com.br\/se\/wp-json\/wp\/v2\/media?parent=100795"}],"wp:term":[{"taxonomy":"category","embeddable":true,"href":"https:\/\/senoticias.com.br\/se\/wp-json\/wp\/v2\/categories?post=100795"},{"taxonomy":"post_tag","embeddable":true,"href":"https:\/\/senoticias.com.br\/se\/wp-json\/wp\/v2\/tags?post=100795"}],"curies":[{"name":"wp","href":"https:\/\/api.w.org\/{rel}","templated":true}]}}