{"id":100794,"date":"2017-02-20T10:26:54","date_gmt":"2017-02-20T13:26:54","guid":{"rendered":"http:\/\/senoticias.com.br\/se\/?p=100794"},"modified":"2017-02-20T10:26:54","modified_gmt":"2017-02-20T13:26:54","slug":"equipes-da-forca-nacional-vao-ficar-seis-meses-em-sergipe","status":"publish","type":"post","link":"https:\/\/senoticias.com.br\/se\/equipes-da-forca-nacional-vao-ficar-seis-meses-em-sergipe\/","title":{"rendered":"Equipes da For\u00e7a Nacional v\u00e3o ficar seis meses em Sergipe"},"content":{"rendered":"<p style=\"text-align: justify;\">Equipes da For\u00e7a Nacional de Seguran\u00e7a P\u00fablica (FNSP) v\u00e3o ficar em Sergipe por 180 dias, prazo que come\u00e7a a ser contato a partir desta segunda-feira (20), quando a portaria foi publicada no Di\u00e1rio Oficial da Uni\u00e3o (DOU).<\/p>\n<div id=\"attachment_97903\" style=\"width: 610px\" class=\"wp-caption aligncenter\"><img loading=\"lazy\" decoding=\"async\" aria-describedby=\"caption-attachment-97903\" class=\"size-full wp-image-97903\" src=\"http:\/\/senoticias.com.br\/se\/wp-content\/uploads\/2016\/11\/Forca-Nacional-de-Seguranca-SE-Noticias.jpg\" alt=\"For\u00e7a Nacional vai ficar seis meses em Sergipe (Foto: Senasp\/SE)\" width=\"600\" height=\"399\" srcset=\"https:\/\/senoticias.com.br\/se\/wp-content\/uploads\/2016\/11\/Forca-Nacional-de-Seguranca-SE-Noticias.jpg 600w, https:\/\/senoticias.com.br\/se\/wp-content\/uploads\/2016\/11\/Forca-Nacional-de-Seguranca-SE-Noticias-300x200.jpg 300w, https:\/\/senoticias.com.br\/se\/wp-content\/uploads\/2016\/11\/Forca-Nacional-de-Seguranca-SE-Noticias-90x60.jpg 90w, https:\/\/senoticias.com.br\/se\/wp-content\/uploads\/2016\/11\/Forca-Nacional-de-Seguranca-SE-Noticias-180x120.jpg 180w, https:\/\/senoticias.com.br\/se\/wp-content\/uploads\/2016\/11\/Forca-Nacional-de-Seguranca-SE-Noticias-95x64.jpg 95w\" sizes=\"(max-width: 600px) 100vw, 600px\" \/><p id=\"caption-attachment-97903\" class=\"wp-caption-text\">For\u00e7a Nacional vai ficar seis meses em Sergipe (Foto: Senasp\/SE)<\/p><\/div>\n<p style=\"text-align: justify;\">De acordo com a Secretaria de Estado da Seguran\u00e7a P\u00fablica (SSP), 18 membros dessa equipe est\u00e3o em Sergipe desde a sexta-feira (17). Eles j\u00e1 est\u00e3o dando apoio no Departamento de Homic\u00eddios e Prote\u00e7\u00e3o \u00e0 Pessoa (DHPP) na investiga\u00e7\u00e3o de crimes ocorridos principalmente nos bairros Santa Maria e Santos Dumont em Aracaju.<\/p>\n<p style=\"text-align: justify;\">O Termo de Compromisso firmado entre a Uni\u00e3o e o Estado de Sergipe prev\u00ea a integra\u00e7\u00e3o, colabora\u00e7\u00e3o e coopera\u00e7\u00e3o na busca priorit\u00e1ria pelo cumprimento dos objetivos do Plano Nacional de Seguran\u00e7a P\u00fablica (PNSP).<\/p>\n<p style=\"text-align: justify;\">Dessa forma, foi autorizado o emprego da For\u00e7a Nacional de Seguran\u00e7a P\u00fablica (FNSP) nas a\u00e7\u00f5es de policiamento ostensivo, pol\u00edcia judici\u00e1ria e per\u00edcia forense, com o objetivo de reduzir homic\u00eddios dolosos, feminic\u00eddios, viol\u00eancia contra a mulher e de combater a criminalidade organizada, tr\u00e1ficos de drogas e de armas.<\/p>\n<p style=\"text-align: justify;\">\n<strong>Acompanhe tamb\u00e9m o SE Not\u00edcias no <a href=\"https:\/\/twitter.com\/Senoticias\">Twitter<\/a>, <a href=\"https:\/\/www.facebook.com\/PortalSENoticias\/?ref=page_internal\">Facebook<\/a> e no <a href=\"https:\/\/www.instagram.com\/senoticias\/\">Instagram<\/a>\u00a0<\/strong><\/p>\n<p style=\"text-align: justify;\"><img loading=\"lazy\" decoding=\"async\" class=\"aligncenter size-full wp-image-100743\" src=\"http:\/\/senoticias.com.br\/se\/wp-content\/uploads\/2017\/02\/Logo-fone-1-2-1-2-4.jpg\" alt=\"Logo-fone-1-2-1-2-4\" width=\"599\" height=\"78\" srcset=\"https:\/\/senoticias.com.br\/se\/wp-content\/uploads\/2017\/02\/Logo-fone-1-2-1-2-4.jpg 599w, https:\/\/senoticias.com.br\/se\/wp-content\/uploads\/2017\/02\/Logo-fone-1-2-1-2-4-300x39.jpg 300w\" sizes=\"(max-width: 599px) 100vw, 599px\" \/><\/p>\n<p style=\"text-align: justify;\"><em>Do G1, Sergipe<\/em><\/p>\n","protected":false},"excerpt":{"rendered":"<p>Equipes da For\u00e7a Nacional de Seguran\u00e7a P\u00fablica (FNSP) v\u00e3o ficar em Sergipe por 180 dias, prazo que come\u00e7a a ser contato a partir desta segunda-feira (20), quando a portaria foi publicada no Di\u00e1rio Oficial da Uni\u00e3o (DOU). De acordo com a Secretaria de Estado da Seguran\u00e7a P\u00fablica (SSP), 18 membros dessa equipe est\u00e3o em Sergipe [&hellip;]<\/p>\n","protected":false},"author":2,"featured_media":97903,"comment_status":"closed","ping_status":"closed","sticky":false,"template":"","format":"standard","meta":{"footnotes":""},"categories":[7],"tags":[],"class_list":{"0":"post-100794","1":"post","2":"type-post","3":"status-publish","4":"format-standard","5":"has-post-thumbnail","7":"category-policia"},"_links":{"self":[{"href":"https:\/\/senoticias.com.br\/se\/wp-json\/wp\/v2\/posts\/100794"}],"collection":[{"href":"https:\/\/senoticias.com.br\/se\/wp-json\/wp\/v2\/posts"}],"about":[{"href":"https:\/\/senoticias.com.br\/se\/wp-json\/wp\/v2\/types\/post"}],"author":[{"embeddable":true,"href":"https:\/\/senoticias.com.br\/se\/wp-json\/wp\/v2\/users\/2"}],"replies":[{"embeddable":true,"href":"https:\/\/senoticias.com.br\/se\/wp-json\/wp\/v2\/comments?post=100794"}],"version-history":[{"count":0,"href":"https:\/\/senoticias.com.br\/se\/wp-json\/wp\/v2\/posts\/100794\/revisions"}],"wp:featuredmedia":[{"embeddable":true,"href":"https:\/\/senoticias.com.br\/se\/wp-json\/wp\/v2\/media\/97903"}],"wp:attachment":[{"href":"https:\/\/senoticias.com.br\/se\/wp-json\/wp\/v2\/media?parent=100794"}],"wp:term":[{"taxonomy":"category","embeddable":true,"href":"https:\/\/senoticias.com.br\/se\/wp-json\/wp\/v2\/categories?post=100794"},{"taxonomy":"post_tag","embeddable":true,"href":"https:\/\/senoticias.com.br\/se\/wp-json\/wp\/v2\/tags?post=100794"}],"curies":[{"name":"wp","href":"https:\/\/api.w.org\/{rel}","templated":true}]}}