{"id":100791,"date":"2017-02-20T09:51:27","date_gmt":"2017-02-20T12:51:27","guid":{"rendered":"http:\/\/senoticias.com.br\/se\/?p=100791"},"modified":"2017-02-20T20:35:25","modified_gmt":"2017-02-20T23:35:25","slug":"smtt-realiza-campanha-de-prevencao-a-acidentes-de-transito-no-carnaval","status":"publish","type":"post","link":"https:\/\/senoticias.com.br\/se\/smtt-realiza-campanha-de-prevencao-a-acidentes-de-transito-no-carnaval\/","title":{"rendered":"Grande Aracaju: SMTT  realiza campanha de preven\u00e7\u00e3o a acidentes de tr\u00e2nsito no Carnaval"},"content":{"rendered":"<p style=\"text-align: justify;\">Nesta segunda-feira, 20, a Superintend\u00eancia Municipal de Transportes e Tr\u00e2nsito (SMTT) de Aracaju vai dar in\u00edcio a uma campanha educativa com foco na preven\u00e7\u00e3o de acidentes no Carnaval. As a\u00e7\u00f5es v\u00e3o acontecer em locais estrat\u00e9gicos de entrada e sa\u00edda de ve\u00edculos na capital at\u00e9 a pr\u00f3xima sexta-feira, 24.<\/p>\n<div id=\"attachment_100792\" style=\"width: 609px\" class=\"wp-caption aligncenter\"><img loading=\"lazy\" decoding=\"async\" aria-describedby=\"caption-attachment-100792\" class=\"size-full wp-image-100792\" src=\"http:\/\/senoticias.com.br\/se\/wp-content\/uploads\/2017\/02\/SENot\u00edcias-1317560835-smtt.jpg\" alt=\"Foto: Divulga\u00e7\u00e3o \" width=\"599\" height=\"382\" srcset=\"https:\/\/senoticias.com.br\/se\/wp-content\/uploads\/2017\/02\/SENot\u00edcias-1317560835-smtt.jpg 599w, https:\/\/senoticias.com.br\/se\/wp-content\/uploads\/2017\/02\/SENot\u00edcias-1317560835-smtt-300x191.jpg 300w, https:\/\/senoticias.com.br\/se\/wp-content\/uploads\/2017\/02\/SENot\u00edcias-1317560835-smtt-190x122.jpg 190w, https:\/\/senoticias.com.br\/se\/wp-content\/uploads\/2017\/02\/SENot\u00edcias-1317560835-smtt-120x76.jpg 120w, https:\/\/senoticias.com.br\/se\/wp-content\/uploads\/2017\/02\/SENot\u00edcias-1317560835-smtt-265x168.jpg 265w, https:\/\/senoticias.com.br\/se\/wp-content\/uploads\/2017\/02\/SENot\u00edcias-1317560835-smtt-284x180.jpg 284w, https:\/\/senoticias.com.br\/se\/wp-content\/uploads\/2017\/02\/SENot\u00edcias-1317560835-smtt-220x140.jpg 220w\" sizes=\"(max-width: 599px) 100vw, 599px\" \/><p id=\"caption-attachment-100792\" class=\"wp-caption-text\">Foto: Divulga\u00e7\u00e3o<\/p><\/div>\n<p style=\"text-align: justify;\">De acordo com Selma Dantas, coordenadora de Educa\u00e7\u00e3o para o Tr\u00e2nsito da SMTT, a campanha passou a ser realizada antes da folia do Momo para poder conscientizar melhor as pessoas. &#8220;A preven\u00e7\u00e3o hoje se torna muito mais importante porque a gente come\u00e7ou a entender que no per\u00edodo de Carnaval as orienta\u00e7\u00f5es n\u00e3o t\u00eam grande recep\u00e7\u00e3o, as pessoas est\u00e3o empolgadas com a festa e acabam n\u00e3o dando a devida aten\u00e7\u00e3o&#8221;, afirmou.<\/p>\n<p style=\"text-align: justify;\">Segundo ela, nos feriados prolongados h\u00e1 uma tend\u00eancia de aumento no n\u00famero de acidentes. A campanha preventiva vem justamente buscar evitar isso. &#8220;A gente busca fazer essa parte educativa para que a consci\u00eancia fale mais alto. Brincar n\u00e3o tem problema, mas \u00e9 preciso respeitar a sinaliza\u00e7\u00e3o, respeitar as regras de tr\u00e2nsito&#8221;, pontuou Selma Dantas.<\/p>\n<p style=\"text-align: justify;\"><strong>Apoio<\/strong><\/p>\n<p style=\"text-align: justify;\">A campanha conta com a parceria das SMTTs de Nossa Senhora do Socorro, da Barra dos Coqueiros e de <strong>S\u00e3o Crist\u00f3v\u00e3o<\/strong>, do Sinpase, do Servi\u00e7o de Atendimento M\u00f3vel de Urg\u00eancia (Samu), da Pol\u00edcia Rodovi\u00e1ria Federal (PRF), e da Liga de Trauma (Litrauma) da Universidade Federal de Sergipe (UFS).<\/p>\n<p style=\"text-align: justify;\"><strong>Programa\u00e7\u00e3o<\/strong><\/p>\n<p style=\"text-align: justify;\"><strong>Segunda-feira (20\/02)<\/strong><br \/>\nHor\u00e1rio: 7h<br \/>\nLocal: Complexo das Palmeiras, na Avenida Beira Mar<\/p>\n<p style=\"text-align: justify;\"><strong>Ter\u00e7a-feira (21\/02)<\/strong><br \/>\nHor\u00e1rio: 15h<br \/>\nLocal: Avenida 1, conjunto Jo\u00e3o Alves, em Nossa Senhora do Socorro (em frente \u00e0 SMTT)<\/p>\n<p style=\"text-align: justify;\"><strong>Quarta-feira (22\/02)<\/strong><br \/>\nHor\u00e1rio: 8h<br \/>\nLocal: Rua F, na rotat\u00f3ria da entrada do conjunto Eduardo Gomes, em S\u00e3o Crist\u00f3v\u00e3o<\/p>\n<p style=\"text-align: justify;\"><strong>Quinta-feira (23\/02)<\/strong><br \/>\nHor\u00e1rio: 8h<br \/>\nLocal: BR 235 &#8211; Posto da PRF na sa\u00edda de Aracaju<\/p>\n<p style=\"text-align: justify;\">Hor\u00e1rio: 7h<br \/>\nLocal: Depois da ponte Construtor Jo\u00e3o Alves, na Barra dos Coqueiros.<\/p>\n<p style=\"text-align: justify;\"><strong>Acompanhe tamb\u00e9m o SE Not\u00edcias no <a href=\"https:\/\/twitter.com\/Senoticias\">Twitter<\/a>, <a href=\"https:\/\/www.facebook.com\/PortalSENoticias\/?ref=page_internal\">Facebook <\/a>e no <a href=\"https:\/\/www.instagram.com\/senoticias\/\">Instagram<\/a><\/strong><\/p>\n<p style=\"text-align: justify;\"><img loading=\"lazy\" decoding=\"async\" class=\"aligncenter size-full wp-image-100743\" src=\"http:\/\/senoticias.com.br\/se\/wp-content\/uploads\/2017\/02\/Logo-fone-1-2-1-2-4.jpg\" alt=\"Logo-fone-1-2-1-2-4\" width=\"599\" height=\"78\" srcset=\"https:\/\/senoticias.com.br\/se\/wp-content\/uploads\/2017\/02\/Logo-fone-1-2-1-2-4.jpg 599w, https:\/\/senoticias.com.br\/se\/wp-content\/uploads\/2017\/02\/Logo-fone-1-2-1-2-4-300x39.jpg 300w\" sizes=\"(max-width: 599px) 100vw, 599px\" \/><\/p>\n<p style=\"text-align: justify;\"><em>Da Assessoria<\/em><\/p>\n","protected":false},"excerpt":{"rendered":"<p>Nesta segunda-feira, 20, a Superintend\u00eancia Municipal de Transportes e Tr\u00e2nsito (SMTT) de Aracaju vai dar in\u00edcio a uma campanha educativa com foco na preven\u00e7\u00e3o de acidentes no Carnaval. As a\u00e7\u00f5es v\u00e3o acontecer em locais estrat\u00e9gicos de entrada e sa\u00edda de ve\u00edculos na capital at\u00e9 a pr\u00f3xima sexta-feira, 24. De acordo com Selma Dantas, coordenadora de [&hellip;]<\/p>\n","protected":false},"author":2,"featured_media":100792,"comment_status":"closed","ping_status":"closed","sticky":false,"template":"","format":"standard","meta":{"footnotes":""},"categories":[15,38],"tags":[],"class_list":{"0":"post-100791","1":"post","2":"type-post","3":"status-publish","4":"format-standard","5":"has-post-thumbnail","7":"category-destaques","8":"category-municipios"},"_links":{"self":[{"href":"https:\/\/senoticias.com.br\/se\/wp-json\/wp\/v2\/posts\/100791"}],"collection":[{"href":"https:\/\/senoticias.com.br\/se\/wp-json\/wp\/v2\/posts"}],"about":[{"href":"https:\/\/senoticias.com.br\/se\/wp-json\/wp\/v2\/types\/post"}],"author":[{"embeddable":true,"href":"https:\/\/senoticias.com.br\/se\/wp-json\/wp\/v2\/users\/2"}],"replies":[{"embeddable":true,"href":"https:\/\/senoticias.com.br\/se\/wp-json\/wp\/v2\/comments?post=100791"}],"version-history":[{"count":0,"href":"https:\/\/senoticias.com.br\/se\/wp-json\/wp\/v2\/posts\/100791\/revisions"}],"wp:featuredmedia":[{"embeddable":true,"href":"https:\/\/senoticias.com.br\/se\/wp-json\/wp\/v2\/media\/100792"}],"wp:attachment":[{"href":"https:\/\/senoticias.com.br\/se\/wp-json\/wp\/v2\/media?parent=100791"}],"wp:term":[{"taxonomy":"category","embeddable":true,"href":"https:\/\/senoticias.com.br\/se\/wp-json\/wp\/v2\/categories?post=100791"},{"taxonomy":"post_tag","embeddable":true,"href":"https:\/\/senoticias.com.br\/se\/wp-json\/wp\/v2\/tags?post=100791"}],"curies":[{"name":"wp","href":"https:\/\/api.w.org\/{rel}","templated":true}]}}