{"id":100789,"date":"2017-02-20T09:01:06","date_gmt":"2017-02-20T12:01:06","guid":{"rendered":"http:\/\/senoticias.com.br\/se\/?p=100789"},"modified":"2017-02-20T11:47:24","modified_gmt":"2017-02-20T14:47:24","slug":"fgts-caixa-economica-funcionara-em-quatro-sabados-ate-julho","status":"publish","type":"post","link":"https:\/\/senoticias.com.br\/se\/fgts-caixa-economica-funcionara-em-quatro-sabados-ate-julho\/","title":{"rendered":"FGTS: Caixa Econ\u00f4mica funcionar\u00e1 em quatro s\u00e1bados at\u00e9 julho"},"content":{"rendered":"<p style=\"text-align: justify;\">Depois de registrar 356 mil pessoas para tirar d\u00favidas sobre o saque de contas inativas do Fundo de Garantia do Tempo de Servi\u00e7o (FGTS) no s\u00e1bado (18) em todo o pa\u00eds, as ag\u00eancias da Caixa Econ\u00f4mica Federal voltam abrir suas portas novamente em um s\u00e1bado no dia 14 de mar\u00e7o. Conforme calend\u00e1rio, as ag\u00eancias do banco abrir\u00e3o em todo o pa\u00eds das 9h \u00e0s 15h durante quatro s\u00e1bados, sendo um por m\u00eas. Depois de dia 14 de mar\u00e7o, as pr\u00f3ximas datas ser\u00e3o 13 de maio, 17 de junho e 15 de julho.<\/p>\n<div id=\"attachment_100790\" style=\"width: 609px\" class=\"wp-caption aligncenter\"><img loading=\"lazy\" decoding=\"async\" aria-describedby=\"caption-attachment-100790\" class=\"size-full wp-image-100790\" src=\"http:\/\/senoticias.com.br\/se\/wp-content\/uploads\/2017\/02\/SENot\u00edcias-3.jpg\" alt=\"Foto: Divulga\u00e7\u00e3o \" width=\"599\" height=\"375\" srcset=\"https:\/\/senoticias.com.br\/se\/wp-content\/uploads\/2017\/02\/SENot\u00edcias-3.jpg 599w, https:\/\/senoticias.com.br\/se\/wp-content\/uploads\/2017\/02\/SENot\u00edcias-3-300x188.jpg 300w, https:\/\/senoticias.com.br\/se\/wp-content\/uploads\/2017\/02\/SENot\u00edcias-3-120x76.jpg 120w, https:\/\/senoticias.com.br\/se\/wp-content\/uploads\/2017\/02\/SENot\u00edcias-3-274x173.jpg 274w, https:\/\/senoticias.com.br\/se\/wp-content\/uploads\/2017\/02\/SENot\u00edcias-3-308x192.jpg 308w\" sizes=\"(max-width: 599px) 100vw, 599px\" \/><p id=\"caption-attachment-100790\" class=\"wp-caption-text\">Foto: Divulga\u00e7\u00e3o<\/p><\/div>\n<p style=\"text-align: justify;\">Desde a divulga\u00e7\u00e3o do calend\u00e1rio de pagamento, no \u00faltimo dia 14, 1,4 milh\u00e3o de trabalhadores interessados em obter informa\u00e7\u00f5es sobre o saque de contas inativas do FGTS foram atendidos nas ag\u00eancias, de acordo com a Caixa Econ\u00f4mica.<\/p>\n<p style=\"text-align: justify;\">Os trabalhadores tamb\u00e9m podem tirar d\u00favidas pelo telefone 0800 726 2017 e no site (<a href=\"http:\/\/www.caixa.gov.br\/contasinativas\"><strong>www.caixa.gov.br\/contasinativas<\/strong><\/a>) das contas inativas criado pela Caixa. Para ter acesso \u00e0s op\u00e7\u00f5es da p\u00e1gina, o trabalhador deve informar o n\u00famero de inscri\u00e7\u00e3o do PIS e o CPF \u2013 Cadastro de Pessoas F\u00edsicas.<\/p>\n<p style=\"text-align: justify;\">O governo anunciou a possibilidade do saque de contas inativas em dezembro do ano passado, em meio ao lan\u00e7amento de um pacote de medidas para estimular a economia. Pode efetuar o saque quem teve um contrato de trabalho finalizado at\u00e9 31 de dezembro de 2015 e tenha saldo na conta.<\/p>\n<p style=\"text-align: justify;\">O calend\u00e1rio de saques divulgado pela Caixa na semana passada leva em conta a data de anivers\u00e1rio do benefici\u00e1rio. Antes das novas regras, o trabalhador podia ter acesso aos recursos de contas inativas do FGTS em alguns casos, como a aposentadoria ou a compra de um im\u00f3vel.<\/p>\n<p><strong>Calend\u00e1rio para sacar o dinheiro<\/strong><\/p>\n<p style=\"text-align: justify;\">Benefici\u00e1rios nascidos em janeiro e fevereiro poder\u00e3o procurar as ag\u00eancias da Caixa entre 10 de mar\u00e7o e 9 de abril. Quem nasceu em mar\u00e7o, abril e maio vai sacar o dinheiro entre 10 de abril e 11 de maio.<\/p>\n<p style=\"text-align: justify;\">Trabalhadores nascidos nos meses de junho, julho e agosto v\u00e3o receber entre os dias 12 de maio e 15 de junho; nascidos em setembro, outubro e novembro, de 16 de junho a 13 de julho; e nascidos em dezembro, de 14 a 31 de julho.<\/p>\n<p style=\"text-align: justify;\">Os benefici\u00e1rios ter\u00e3o quatro op\u00e7\u00f5es para recebimento dos valores de contas inativas do Fundo de Garantia do Tempo de Servi\u00e7o: quem tem conta-corrente na Caixa poder\u00e1 pedir o recebimento do cr\u00e9dito em conta, por meio do site das contas inativas.<\/p>\n<p style=\"text-align: justify;\">O saque tamb\u00e9m pode ser feito em caixas eletr\u00f4nicos. Para valores de at\u00e9 R$ 1.500, \u00e9 poss\u00edvel sacar s\u00f3 com a senha do Cart\u00e3o do Cidad\u00e3o, mesmo que o benefici\u00e1rio tenha perdido o documento. Para valores de at\u00e9 R$ 3.000, o saque pode ser feito com Cart\u00e3o do Cidad\u00e3o e a respectiva senha.<\/p>\n<p style=\"text-align: justify;\">Os valores do FGTS inativo tamb\u00e9m podem ser retirados em ag\u00eancias lot\u00e9ricas e correspondentes Caixa Aqui. Neste caso, o benefici\u00e1rio vai precisar do Cart\u00e3o do Cidad\u00e3o, da senha e de um documento de identifica\u00e7\u00e3o.<\/p>\n<p style=\"text-align: justify;\">H\u00e1, ainda, a possibilidade de retirar o dinheiro diretamente nas ag\u00eancias banc\u00e1rias. Os documentos necess\u00e1rios s\u00e3o o n\u00famero de inscri\u00e7\u00e3o do PIS (Programa de Integra\u00e7\u00e3o Social) e o documento de identifica\u00e7\u00e3o do trabalhador.<\/p>\n<p style=\"text-align: justify;\">\u00c9 recomendado levar tamb\u00e9m o comprovante da extin\u00e7\u00e3o do v\u00ednculo (carteira de trabalho ou termo de rescis\u00e3o do contrato de trabalho).<\/p>\n<p style=\"text-align: justify;\"><strong>Acompanhe tamb\u00e9m o SE Not\u00edcias no <a href=\"https:\/\/twitter.com\/Senoticias\">Twitter<\/a>, <a href=\"https:\/\/www.facebook.com\/PortalSENoticias\/?ref=page_internal\">Facebook <\/a>e no <a href=\"https:\/\/www.instagram.com\/senoticias\/\">Instagram<\/a><\/strong><\/p>\n<p style=\"text-align: justify;\"><img loading=\"lazy\" decoding=\"async\" class=\"aligncenter size-full wp-image-100743\" src=\"http:\/\/senoticias.com.br\/se\/wp-content\/uploads\/2017\/02\/Logo-fone-1-2-1-2-4.jpg\" alt=\"Logo-fone-1-2-1-2-4\" width=\"599\" height=\"78\" srcset=\"https:\/\/senoticias.com.br\/se\/wp-content\/uploads\/2017\/02\/Logo-fone-1-2-1-2-4.jpg 599w, https:\/\/senoticias.com.br\/se\/wp-content\/uploads\/2017\/02\/Logo-fone-1-2-1-2-4-300x39.jpg 300w\" sizes=\"(max-width: 599px) 100vw, 599px\" \/><\/p>\n<p><em>Da Ag\u00eancia Brasil<\/em><\/p>\n","protected":false},"excerpt":{"rendered":"<p>Depois de registrar 356 mil pessoas para tirar d\u00favidas sobre o saque de contas inativas do Fundo de Garantia do Tempo de Servi\u00e7o (FGTS) no s\u00e1bado (18) em todo o pa\u00eds, as ag\u00eancias da Caixa Econ\u00f4mica Federal voltam abrir suas portas novamente em um s\u00e1bado no dia 14 de mar\u00e7o. Conforme calend\u00e1rio, as ag\u00eancias do [&hellip;]<\/p>\n","protected":false},"author":2,"featured_media":100790,"comment_status":"closed","ping_status":"closed","sticky":false,"template":"","format":"standard","meta":{"footnotes":""},"categories":[15],"tags":[],"class_list":{"0":"post-100789","1":"post","2":"type-post","3":"status-publish","4":"format-standard","5":"has-post-thumbnail","7":"category-destaques"},"_links":{"self":[{"href":"https:\/\/senoticias.com.br\/se\/wp-json\/wp\/v2\/posts\/100789"}],"collection":[{"href":"https:\/\/senoticias.com.br\/se\/wp-json\/wp\/v2\/posts"}],"about":[{"href":"https:\/\/senoticias.com.br\/se\/wp-json\/wp\/v2\/types\/post"}],"author":[{"embeddable":true,"href":"https:\/\/senoticias.com.br\/se\/wp-json\/wp\/v2\/users\/2"}],"replies":[{"embeddable":true,"href":"https:\/\/senoticias.com.br\/se\/wp-json\/wp\/v2\/comments?post=100789"}],"version-history":[{"count":0,"href":"https:\/\/senoticias.com.br\/se\/wp-json\/wp\/v2\/posts\/100789\/revisions"}],"wp:featuredmedia":[{"embeddable":true,"href":"https:\/\/senoticias.com.br\/se\/wp-json\/wp\/v2\/media\/100790"}],"wp:attachment":[{"href":"https:\/\/senoticias.com.br\/se\/wp-json\/wp\/v2\/media?parent=100789"}],"wp:term":[{"taxonomy":"category","embeddable":true,"href":"https:\/\/senoticias.com.br\/se\/wp-json\/wp\/v2\/categories?post=100789"},{"taxonomy":"post_tag","embeddable":true,"href":"https:\/\/senoticias.com.br\/se\/wp-json\/wp\/v2\/tags?post=100789"}],"curies":[{"name":"wp","href":"https:\/\/api.w.org\/{rel}","templated":true}]}}