{"id":100787,"date":"2017-02-20T08:40:16","date_gmt":"2017-02-20T11:40:16","guid":{"rendered":"http:\/\/senoticias.com.br\/se\/?p=100787"},"modified":"2017-02-20T08:40:16","modified_gmt":"2017-02-20T11:40:16","slug":"consumo-de-energia-eletrica-em-sergipe-caiu-13-em-2016","status":"publish","type":"post","link":"https:\/\/senoticias.com.br\/se\/consumo-de-energia-eletrica-em-sergipe-caiu-13-em-2016\/","title":{"rendered":"Consumo de energia el\u00e9trica em Sergipe caiu 1,3% em 2016"},"content":{"rendered":"<p style=\"text-align: justify;\">An\u00e1lise realizada pelo Boletim Sergipe Econ\u00f4mico, parceria do N\u00facleo de Informa\u00e7\u00f5es Econ\u00f4micas (NIE) da Federa\u00e7\u00e3o das Ind\u00fastrias do Estado de Sergipe (FIES) e do Departamento de Economia da UFS, com base nos dados da Energisa, (que gera e distribui energia para 63 munic\u00edpios sergipanos, alcan\u00e7ando 96% do territ\u00f3rio do estado), constatou que foram consumidos mais de 2.400 Gigawatts-hora (Gwh), ao longo do ano passado, representando recuo de 1,3%, em compara\u00e7\u00e3o com o consumo de 2015.<\/p>\n<div id=\"attachment_100788\" style=\"width: 609px\" class=\"wp-caption aligncenter\"><img loading=\"lazy\" decoding=\"async\" aria-describedby=\"caption-attachment-100788\" class=\"size-full wp-image-100788\" src=\"http:\/\/senoticias.com.br\/se\/wp-content\/uploads\/2017\/02\/SENot\u00edcias-Electric-Power-Grid-1560x950_c.jpg\" alt=\"(Foto: New Games Plus)\" width=\"599\" height=\"365\" srcset=\"https:\/\/senoticias.com.br\/se\/wp-content\/uploads\/2017\/02\/SENot\u00edcias-Electric-Power-Grid-1560x950_c.jpg 599w, https:\/\/senoticias.com.br\/se\/wp-content\/uploads\/2017\/02\/SENot\u00edcias-Electric-Power-Grid-1560x950_c-300x183.jpg 300w\" sizes=\"(max-width: 599px) 100vw, 599px\" \/><p id=\"caption-attachment-100788\" class=\"wp-caption-text\">(Foto: New Games Plus)<\/p><\/div>\n<p style=\"text-align: justify;\">Em janeiro de 2017, o consumo total de energia chegou a 207,2 (Gwh), ficando 0,6% maior do que o consumido em dezembro do ano que findou. Entretanto, em rela\u00e7\u00e3o ao mesmo m\u00eas do ano anterior (janeiro\/2016), houve queda de 0,6%.<\/p>\n<p style=\"text-align: justify;\"><strong>Consumo por setor em 2016<\/strong><\/p>\n<p style=\"text-align: justify;\">Ao longo de 2016, o consumo nas resid\u00eancias, da \u00e1rea atendida pela Energisa, chegou a 1.018,7 Gwh, registrando alta de 2%, em rela\u00e7\u00e3o a 2015. Na ind\u00fastria, o consumo (incluindo mercado cativo e livre) totalizou 833,1 Gwh, marcando retra\u00e7\u00e3o de 13,8%, quando comparado com 2016. Para o com\u00e9rcio, o consumo no mercado cativo ficou em 513 Gwh, recuando 4,1%, em rela\u00e7\u00e3o ao ano anterior. No campo foram consumidos 117,3 Gwh, ao longo do ano passado, assinalando alta de 0,3%. As outras classes, como poder p\u00fablico e outras consumiram 524,3 Gwh, registraram eleva\u00e7\u00e3o de 3,5%.<\/p>\n<p style=\"text-align: justify;\"><strong>Consumo por setor em janeiro\/2017<\/strong><\/p>\n<p style=\"text-align: justify;\">No primeiro m\u00eas de 2017, o consumo nas resid\u00eancias chegou a 88 Gwh, alta de 1,3%, em rela\u00e7\u00e3o a dezembro do ano passado. Por\u00e9m, em rela\u00e7\u00e3o a janeiro de 2016, houve leve retra\u00e7\u00e3o de 0,1%.<\/p>\n<p style=\"text-align: justify;\">Na ind\u00fastria, o consumo (incluindo mercado cativo e livre) totalizou 69,2 Gwh, com retra\u00e7\u00e3o de 1,8%, quando comparado ao consumo registrado em janeiro de 2016. No entanto, quando comparado com dezembro \u00faltimo, houve alta de 8,4%.<\/p>\n<p style=\"text-align: justify;\">Para o com\u00e9rcio, o consumo no mercado cativo ficou em 43,1 Gwh, recuando 4,6% em rela\u00e7\u00e3o ao mesmo m\u00eas do n\u00e3o passado. Assim como verificou-se queda de 1,1%, quando comparado com o m\u00eas imediatamente anterior (dezembro\/2016)<\/p>\n<p style=\"text-align: justify;\">No campo foram consumidos 13,2 Gwh, em janeiro deste ano, sendo 32% superior ao consumo do mesmo m\u00eas do ano passado. Tamb\u00e9m houve alta de 2%, quando comparado com dezembro do ano passado.<\/p>\n<p style=\"text-align: justify;\"><strong>Acompanhe tamb\u00e9m o SE Not\u00edcias no <a href=\"https:\/\/twitter.com\/Senoticias\">Twitter<\/a>, <a href=\"https:\/\/www.facebook.com\/PortalSENoticias\/?ref=page_internal\">Facebook <\/a>e no <a href=\"https:\/\/www.instagram.com\/senoticias\/\">Instagram<\/a><\/strong><\/p>\n<p style=\"text-align: justify;\"><img loading=\"lazy\" decoding=\"async\" class=\"aligncenter size-full wp-image-100743\" src=\"http:\/\/senoticias.com.br\/se\/wp-content\/uploads\/2017\/02\/Logo-fone-1-2-1-2-4.jpg\" alt=\"Logo-fone-1-2-1-2-4\" width=\"599\" height=\"78\" srcset=\"https:\/\/senoticias.com.br\/se\/wp-content\/uploads\/2017\/02\/Logo-fone-1-2-1-2-4.jpg 599w, https:\/\/senoticias.com.br\/se\/wp-content\/uploads\/2017\/02\/Logo-fone-1-2-1-2-4-300x39.jpg 300w\" sizes=\"(max-width: 599px) 100vw, 599px\" \/><\/p>\n<p style=\"text-align: justify;\"><em>Do Unicom\/Fies<\/em><\/p>\n","protected":false},"excerpt":{"rendered":"<p>An\u00e1lise realizada pelo Boletim Sergipe Econ\u00f4mico, parceria do N\u00facleo de Informa\u00e7\u00f5es Econ\u00f4micas (NIE) da Federa\u00e7\u00e3o das Ind\u00fastrias do Estado de Sergipe (FIES) e do Departamento de Economia da UFS, com base nos dados da Energisa, (que gera e distribui energia para 63 munic\u00edpios sergipanos, alcan\u00e7ando 96% do territ\u00f3rio do estado), constatou que foram consumidos mais [&hellip;]<\/p>\n","protected":false},"author":2,"featured_media":100788,"comment_status":"closed","ping_status":"closed","sticky":false,"template":"","format":"standard","meta":{"footnotes":""},"categories":[8],"tags":[],"class_list":{"0":"post-100787","1":"post","2":"type-post","3":"status-publish","4":"format-standard","5":"has-post-thumbnail","7":"category-esporte-e-cultura"},"_links":{"self":[{"href":"https:\/\/senoticias.com.br\/se\/wp-json\/wp\/v2\/posts\/100787"}],"collection":[{"href":"https:\/\/senoticias.com.br\/se\/wp-json\/wp\/v2\/posts"}],"about":[{"href":"https:\/\/senoticias.com.br\/se\/wp-json\/wp\/v2\/types\/post"}],"author":[{"embeddable":true,"href":"https:\/\/senoticias.com.br\/se\/wp-json\/wp\/v2\/users\/2"}],"replies":[{"embeddable":true,"href":"https:\/\/senoticias.com.br\/se\/wp-json\/wp\/v2\/comments?post=100787"}],"version-history":[{"count":0,"href":"https:\/\/senoticias.com.br\/se\/wp-json\/wp\/v2\/posts\/100787\/revisions"}],"wp:featuredmedia":[{"embeddable":true,"href":"https:\/\/senoticias.com.br\/se\/wp-json\/wp\/v2\/media\/100788"}],"wp:attachment":[{"href":"https:\/\/senoticias.com.br\/se\/wp-json\/wp\/v2\/media?parent=100787"}],"wp:term":[{"taxonomy":"category","embeddable":true,"href":"https:\/\/senoticias.com.br\/se\/wp-json\/wp\/v2\/categories?post=100787"},{"taxonomy":"post_tag","embeddable":true,"href":"https:\/\/senoticias.com.br\/se\/wp-json\/wp\/v2\/tags?post=100787"}],"curies":[{"name":"wp","href":"https:\/\/api.w.org\/{rel}","templated":true}]}}