{"id":100782,"date":"2017-02-20T08:13:31","date_gmt":"2017-02-20T11:13:31","guid":{"rendered":"http:\/\/senoticias.com.br\/se\/?p=100782"},"modified":"2017-02-20T08:13:31","modified_gmt":"2017-02-20T11:13:31","slug":"incendio-atinge-parque-nacional-da-serra-de-itabaiana","status":"publish","type":"post","link":"https:\/\/senoticias.com.br\/se\/incendio-atinge-parque-nacional-da-serra-de-itabaiana\/","title":{"rendered":"Inc\u00eandio atinge Parque Nacional da Serra de Itabaiana"},"content":{"rendered":"<p style=\"text-align: justify;\">O 1\u00ba Subgrupamento Independente de Bombeiro Militar localizado no munic\u00edpio de Itabaiana, no Agreste Central de Sergipe, foi chamado no In\u00e1cio da tarde deste domingo (19), para combater um inc\u00eandio no Parque Nacional da Serra de Itabaiana, que \u00e9 de responsabilidade do Instituto Chico Mendes (ICMBIO). No local tamb\u00e9m fica o Parque dos Falc\u00f5es, que \u00e9 muito visitado por turistas.<\/p>\n<div id=\"attachment_100783\" style=\"width: 609px\" class=\"wp-caption aligncenter\"><img loading=\"lazy\" decoding=\"async\" aria-describedby=\"caption-attachment-100783\" class=\"size-full wp-image-100783\" src=\"http:\/\/senoticias.com.br\/se\/wp-content\/uploads\/2017\/02\/serra_de_itabaiana.jpg\" alt=\"Chamas podem ser vistas a mais de 50km (Foto: Anderson Barbosa\/G1) \" width=\"599\" height=\"449\" srcset=\"https:\/\/senoticias.com.br\/se\/wp-content\/uploads\/2017\/02\/serra_de_itabaiana.jpg 599w, https:\/\/senoticias.com.br\/se\/wp-content\/uploads\/2017\/02\/serra_de_itabaiana-300x225.jpg 300w, https:\/\/senoticias.com.br\/se\/wp-content\/uploads\/2017\/02\/serra_de_itabaiana-45x35.jpg 45w\" sizes=\"(max-width: 599px) 100vw, 599px\" \/><p id=\"caption-attachment-100783\" class=\"wp-caption-text\">Chamas podem ser vistas a mais de 50km (Foto: Anderson Barbosa\/G1)<\/p><\/div>\n<p style=\"text-align: justify;\">\n<p style=\"text-align: justify;\">No in\u00edcio da noite as chamas podiam ser vistas da capital, que est\u00e1 a mais de 50 quil\u00f4metros das serra. Elas atingiram o topo da serra e segundo informa\u00e7\u00f5es passadas pela equipe do Grupamento T\u00e1tico A\u00e9reo (GTA), que esteve no local para ajudar na avalia\u00e7\u00e3o das propor\u00e7\u00f5es do inc\u00eandio, fica muito pr\u00f3ximo a \u00e1rea das antenas.<\/p>\n<p style=\"text-align: justify;\">Os brigadistas do Corpo de Bombeiros de Itabaiana est\u00e3o no local atuando no combate as chamas. \u201cO inc\u00eandio \u00e9 preocupante. Tivemos que retornar porque \u00e0 noite o combate nestas condi\u00e7\u00f5es \u00e9 de risco, mas ao raiar do sol, o helic\u00f3ptero retorna a regi\u00e3o com equipamentos, como um que \u00e9 uma esp\u00e9cie de bolsa que armazena \u00e1gua e lan\u00e7a no local do sinistro\u201d, explicou o comandante do GTA, Virg\u00edlio Dantas.<\/p>\n<p style=\"text-align: justify;\">Segundo a comunica\u00e7\u00e3o do GTA, o monitoramento vai ajudar ao \u201cCorpo de Bombeiros que tra\u00e7ar\u00e1 a melhor estrat\u00e9gia de combate e o helic\u00f3ptero do GTA pode ser utilizado para o transporte de militares e equipamentos at\u00e9 o local, que \u00e9 de dif\u00edcil acesso. Al\u00e9m disso, ainda poder\u00e1 contar com a utiliza\u00e7\u00e3o do &#8220;Bambi Bucket&#8221; (cesto para transporte de at\u00e9 540 litros de \u00e1gua), que torna poss\u00edvel o apoio no combate as chamas\u201d.<\/p>\n<div id=\"attachment_100784\" style=\"width: 630px\" class=\"wp-caption aligncenter\"><img loading=\"lazy\" decoding=\"async\" aria-describedby=\"caption-attachment-100784\" class=\"size-full wp-image-100784\" src=\"http:\/\/senoticias.com.br\/se\/wp-content\/uploads\/2017\/02\/gta_2.jpg\" alt=\"Cortina de fuma\u00e7a se espalha na Serra de Itabaiana. (Foto: GTA)\" width=\"620\" height=\"465\" srcset=\"https:\/\/senoticias.com.br\/se\/wp-content\/uploads\/2017\/02\/gta_2.jpg 620w, https:\/\/senoticias.com.br\/se\/wp-content\/uploads\/2017\/02\/gta_2-300x225.jpg 300w, https:\/\/senoticias.com.br\/se\/wp-content\/uploads\/2017\/02\/gta_2-45x35.jpg 45w\" sizes=\"(max-width: 620px) 100vw, 620px\" \/><p id=\"caption-attachment-100784\" class=\"wp-caption-text\">Cortina de fuma\u00e7a se espalha na Serra de Itabaiana. (Foto: GTA)<\/p><\/div>\n<p style=\"text-align: justify;\"><strong>\u00c1rea de Prote\u00e7\u00e3o<\/strong><\/p>\n<p style=\"text-align: justify;\">O Parque Nacional da Serra de Itabaiana possui uma \u00e1rea de 8.024,79 hectares de mata atl\u00e2ntica e a cria\u00e7\u00e3o ocorreu da \u00e1rea de prote\u00e7\u00e3o ocorreu em 15 de julho de 2005. No local, existem esp\u00e9cies amea\u00e7adas e protegida como o Lagartinho-de-abaet\u00e9 (Cnemidophorus abaetensis). O G1 n\u00e3o conseguiu contato com o Instituto Chico Mendes (ICMBIO).<\/p>\n<p style=\"text-align: justify;\"><strong>Acompanhe tamb\u00e9m o SE Not\u00edcias no <a href=\"https:\/\/twitter.com\/Senoticias\">Twitter<\/a>, <a href=\"https:\/\/www.facebook.com\/PortalSENoticias\/?ref=page_internal\">Facebook <\/a>e no <a href=\"https:\/\/www.instagram.com\/senoticias\/\">Instagram<\/a><\/strong><\/p>\n<p style=\"text-align: justify;\"><img loading=\"lazy\" decoding=\"async\" class=\"aligncenter size-full wp-image-100743\" src=\"http:\/\/senoticias.com.br\/se\/wp-content\/uploads\/2017\/02\/Logo-fone-1-2-1-2-4.jpg\" alt=\"Logo-fone-1-2-1-2-4\" width=\"599\" height=\"78\" srcset=\"https:\/\/senoticias.com.br\/se\/wp-content\/uploads\/2017\/02\/Logo-fone-1-2-1-2-4.jpg 599w, https:\/\/senoticias.com.br\/se\/wp-content\/uploads\/2017\/02\/Logo-fone-1-2-1-2-4-300x39.jpg 300w\" sizes=\"(max-width: 599px) 100vw, 599px\" \/><\/p>\n<p style=\"text-align: justify;\"><em>Por Anderson Barbosa, G1 Sergipe<\/em><\/p>\n","protected":false},"excerpt":{"rendered":"<p>O 1\u00ba Subgrupamento Independente de Bombeiro Militar localizado no munic\u00edpio de Itabaiana, no Agreste Central de Sergipe, foi chamado no In\u00e1cio da tarde deste domingo (19), para combater um inc\u00eandio no Parque Nacional da Serra de Itabaiana, que \u00e9 de responsabilidade do Instituto Chico Mendes (ICMBIO). No local tamb\u00e9m fica o Parque dos Falc\u00f5es, que [&hellip;]<\/p>\n","protected":false},"author":2,"featured_media":100783,"comment_status":"closed","ping_status":"closed","sticky":false,"template":"","format":"standard","meta":{"footnotes":""},"categories":[38],"tags":[],"class_list":{"0":"post-100782","1":"post","2":"type-post","3":"status-publish","4":"format-standard","5":"has-post-thumbnail","7":"category-municipios"},"_links":{"self":[{"href":"https:\/\/senoticias.com.br\/se\/wp-json\/wp\/v2\/posts\/100782"}],"collection":[{"href":"https:\/\/senoticias.com.br\/se\/wp-json\/wp\/v2\/posts"}],"about":[{"href":"https:\/\/senoticias.com.br\/se\/wp-json\/wp\/v2\/types\/post"}],"author":[{"embeddable":true,"href":"https:\/\/senoticias.com.br\/se\/wp-json\/wp\/v2\/users\/2"}],"replies":[{"embeddable":true,"href":"https:\/\/senoticias.com.br\/se\/wp-json\/wp\/v2\/comments?post=100782"}],"version-history":[{"count":0,"href":"https:\/\/senoticias.com.br\/se\/wp-json\/wp\/v2\/posts\/100782\/revisions"}],"wp:featuredmedia":[{"embeddable":true,"href":"https:\/\/senoticias.com.br\/se\/wp-json\/wp\/v2\/media\/100783"}],"wp:attachment":[{"href":"https:\/\/senoticias.com.br\/se\/wp-json\/wp\/v2\/media?parent=100782"}],"wp:term":[{"taxonomy":"category","embeddable":true,"href":"https:\/\/senoticias.com.br\/se\/wp-json\/wp\/v2\/categories?post=100782"},{"taxonomy":"post_tag","embeddable":true,"href":"https:\/\/senoticias.com.br\/se\/wp-json\/wp\/v2\/tags?post=100782"}],"curies":[{"name":"wp","href":"https:\/\/api.w.org\/{rel}","templated":true}]}}