{"id":100744,"date":"2017-02-17T21:26:25","date_gmt":"2017-02-18T00:26:25","guid":{"rendered":"http:\/\/senoticias.com.br\/se\/?p=100744"},"modified":"2017-02-17T21:26:25","modified_gmt":"2017-02-18T00:26:25","slug":"policia-civil-prende-homem-envolvido-em-roubo-a-fazenda-em-itaporanga","status":"publish","type":"post","link":"https:\/\/senoticias.com.br\/se\/policia-civil-prende-homem-envolvido-em-roubo-a-fazenda-em-itaporanga\/","title":{"rendered":"Policia Civil prende homem envolvido em roubo a fazenda em Itaporanga"},"content":{"rendered":"<p style=\"text-align: justify\">Na manh\u00e3 desta sexta-feira, 17, equipes da Delegacia de Itaporanga d&#8217;Ajuda realizaram a pris\u00e3o de um indiv\u00edduo acusado de participar de um assalto a uma fazenda do grupo Marat\u00e1,\u00a0no povoado Ipanema, em Itaporanga. Trata-se de\u00a0Carlos Vin\u00edcius Clemente Alves, 22 anos.<\/p>\n<p style=\"text-align: justify\"><a href=\"http:\/\/senoticias.com.br\/se\/wp-content\/uploads\/2017\/02\/Acusado-de-assalto-a-fazenda-em-itaporanga-SE-Noticias-e1487377512988.jpg\"><img loading=\"lazy\" decoding=\"async\" class=\"aligncenter size-full wp-image-100748\" src=\"http:\/\/senoticias.com.br\/se\/wp-content\/uploads\/2017\/02\/Acusado-de-assalto-a-fazenda-em-itaporanga-SE-Noticias-e1487377512988.jpg\" alt=\"Acusado de assalto a fazenda em itaporanga SE Noticias\" width=\"580\" height=\"497\" \/><\/a><br \/>\nSegundo o delegado\u00a0Jos\u00e9 Luiz Accioly Teixeira, respons\u00e1vel pela investiga\u00e7\u00e3o do caso, Carlos Vinicius \u00e9 integrante de uma\u00a0associa\u00e7\u00e3o criminosa composta por seis indiv\u00edduos,\u00a0que fizeram parte da execu\u00e7\u00e3o do roubo feito h\u00e1 cerca de um ano e dois meses \u00e0 referida\u00a0fazenda. &#8220;Durante as investiga\u00e7\u00f5es, conseguimos identificar os autores envolvidos no assalto, entre eles, o Carlos Vin\u00edcius.\u00a0Em dilig\u00eancias pelo Povoado Duro,\u00a0em Itaporanga, ele foi identificado e preso em cumprimento a mandado de pris\u00e3o expedido pela Justi\u00e7a&#8221;, explicou o delegado.<\/p>\n<p style=\"text-align: justify\">No momento da abordagem, os policiais encontraram com ele um rev\u00f3lver calibre 38 com numera\u00e7\u00e3o raspada, sendo tamb\u00e9m autuado em flagrante pelo crime de porte ilegal de arma de fogo. Ele foi encaminhado \u00e0 Delegacia de Itaporanga, onde est\u00e1 sob cust\u00f3dia, \u00e0 disposi\u00e7\u00e3o do Poder Judici\u00e1rio.<\/p>\n<p>Ainda de acordo com o delegado Jos\u00e9 Luiz Accioly, as investiga\u00e7\u00f5es continuam\u00a0no intuito de localizar\u00a0os outros cinco suspeitos que est\u00e3o foragidos.<\/p>\n<p><strong>Sobre o Caso<\/strong><\/p>\n<p>A Pol\u00edcia Militar de Sergipe, por meio da 1\u00aa Companhia do 1\u00ba Batalh\u00e3o de Pol\u00edcia Militar (1\u00aa Cia\/1\u00ba BPM), resgatou no dia 12 de Janeiro do ano passado, um ref\u00e9m e apreendeu oito armas de fogo ap\u00f3s a invas\u00e3o dos suspeitos numa fazenda em um povoado em Itaporanga D\u00b4Ajuda.<\/p>\n<p style=\"text-align: justify\">Duas guarni\u00e7\u00f5es foram acionadas ap\u00f3s a informa\u00e7\u00e3o de que uma fazenda havia sido invadida por seis homens armados. Imediatamente os policiais foram at\u00e9 o local para averiguar e,\u00a0ao chegarem na propriedade, visualizaram os suspeitos saindo num ve\u00edculo Saveiro de placa QKN-1091, com um ref\u00e9m na carroceria e tr\u00eas motocicletas.<\/p>\n<p style=\"text-align: justify\">Iniciou-se uma troca de tiros e os indiv\u00edduos conseguiram fugir. As equipes resgataram o ref\u00e9m sem graves ferimentos e recuperaram os ve\u00edculos, oito armas de fogo, celulares e outros objetos.<\/p>\n<p style=\"line-height: 14.25pt\"><strong><span style=\"font-size: 10.0pt;font-family: 'Georgia','serif';color: #333333\">Acompanhe tamb\u00e9m o SE Not\u00edcias no<\/span><\/strong><span class=\"apple-converted-space\"><b><span style=\"font-size: 10.0pt;font-family: 'Georgia','serif';color: #333333\">\u00a0<\/span><\/b><\/span><a href=\"https:\/\/twitter.com\/Senoticias\" target=\"_blank\"><b><span style=\"font-size: 10.0pt;font-family: 'Georgia','serif'\">Twitter<\/span><\/b><\/a><strong><span style=\"font-size: 10.0pt;font-family: 'Georgia','serif';color: #333333\">,<\/span><\/strong><span class=\"apple-converted-space\"><b><span style=\"font-size: 10.0pt;font-family: 'Georgia','serif';color: #333333\">\u00a0<\/span><\/b><\/span><a href=\"https:\/\/www.facebook.com\/senoticias1\" target=\"_blank\"><b><span style=\"font-size: 10.0pt;font-family: 'Georgia','serif'\">Facebook<\/span><\/b><span class=\"apple-converted-space\"><b><span style=\"font-size: 10.0pt;font-family: 'Georgia','serif';color: windowtext;text-decoration: none\">\u00a0<\/span><\/b><\/span><\/a><strong><span style=\"font-size: 10.0pt;font-family: 'Georgia','serif';color: #333333\">e no<\/span><\/strong><span class=\"apple-converted-space\"><b><span style=\"font-size: 10.0pt;font-family: 'Georgia','serif';color: #333333\">\u00a0<\/span><\/b><\/span><a href=\"https:\/\/www.instagram.com\/senoticias\/\" target=\"_blank\"><b><span style=\"font-size: 10.0pt;font-family: 'Georgia','serif'\">Instagram<\/span><\/b><\/a><strong><span style=\"font-size: 10.0pt;font-family: 'Georgia','serif';color: #333333\">.<\/span><\/strong><\/p>\n<p style=\"line-height: 14.25pt\"><a href=\"http:\/\/senoticias.com.br\/se\/wp-content\/uploads\/2017\/02\/Logo-fone-1-2-1-2-4.jpg\"><img loading=\"lazy\" decoding=\"async\" class=\"aligncenter size-full wp-image-100743\" src=\"http:\/\/senoticias.com.br\/se\/wp-content\/uploads\/2017\/02\/Logo-fone-1-2-1-2-4.jpg\" alt=\"Logo-fone-1-2-1-2-4\" width=\"599\" height=\"78\" srcset=\"https:\/\/senoticias.com.br\/se\/wp-content\/uploads\/2017\/02\/Logo-fone-1-2-1-2-4.jpg 599w, https:\/\/senoticias.com.br\/se\/wp-content\/uploads\/2017\/02\/Logo-fone-1-2-1-2-4-300x39.jpg 300w\" sizes=\"(max-width: 599px) 100vw, 599px\" \/><\/a><\/p>\n<p style=\"line-height: 14.25pt\">Com informa\u00e7\u00f5es da SSP\/SE<\/p>\n","protected":false},"excerpt":{"rendered":"<p>Na manh\u00e3 desta sexta-feira, 17, equipes da Delegacia de Itaporanga d&#8217;Ajuda realizaram a pris\u00e3o de um indiv\u00edduo acusado de participar de um assalto a uma fazenda do grupo Marat\u00e1,\u00a0no povoado Ipanema, em Itaporanga. Trata-se de\u00a0Carlos Vin\u00edcius Clemente Alves, 22 anos. Segundo o delegado\u00a0Jos\u00e9 Luiz Accioly Teixeira, respons\u00e1vel pela investiga\u00e7\u00e3o do caso, Carlos Vinicius \u00e9 integrante [&hellip;]<\/p>\n","protected":false},"author":5618,"featured_media":100748,"comment_status":"closed","ping_status":"closed","sticky":false,"template":"","format":"standard","meta":{"footnotes":""},"categories":[7],"tags":[2313],"class_list":{"0":"post-100744","1":"post","2":"type-post","3":"status-publish","4":"format-standard","5":"has-post-thumbnail","7":"category-policia","8":"tag-policia-civil-prende-homem-envolvido-em-roubo-a-fazenda-em-itaporanga"},"_links":{"self":[{"href":"https:\/\/senoticias.com.br\/se\/wp-json\/wp\/v2\/posts\/100744"}],"collection":[{"href":"https:\/\/senoticias.com.br\/se\/wp-json\/wp\/v2\/posts"}],"about":[{"href":"https:\/\/senoticias.com.br\/se\/wp-json\/wp\/v2\/types\/post"}],"author":[{"embeddable":true,"href":"https:\/\/senoticias.com.br\/se\/wp-json\/wp\/v2\/users\/5618"}],"replies":[{"embeddable":true,"href":"https:\/\/senoticias.com.br\/se\/wp-json\/wp\/v2\/comments?post=100744"}],"version-history":[{"count":0,"href":"https:\/\/senoticias.com.br\/se\/wp-json\/wp\/v2\/posts\/100744\/revisions"}],"wp:featuredmedia":[{"embeddable":true,"href":"https:\/\/senoticias.com.br\/se\/wp-json\/wp\/v2\/media\/100748"}],"wp:attachment":[{"href":"https:\/\/senoticias.com.br\/se\/wp-json\/wp\/v2\/media?parent=100744"}],"wp:term":[{"taxonomy":"category","embeddable":true,"href":"https:\/\/senoticias.com.br\/se\/wp-json\/wp\/v2\/categories?post=100744"},{"taxonomy":"post_tag","embeddable":true,"href":"https:\/\/senoticias.com.br\/se\/wp-json\/wp\/v2\/tags?post=100744"}],"curies":[{"name":"wp","href":"https:\/\/api.w.org\/{rel}","templated":true}]}}