{"id":100680,"date":"2017-02-16T13:04:09","date_gmt":"2017-02-16T16:04:09","guid":{"rendered":"http:\/\/senoticias.com.br\/se\/?p=100680"},"modified":"2017-02-16T13:04:09","modified_gmt":"2017-02-16T16:04:09","slug":"temer-sanciona-lei-que-estabelece-a-reforma-do-ensino-medio","status":"publish","type":"post","link":"https:\/\/senoticias.com.br\/se\/temer-sanciona-lei-que-estabelece-a-reforma-do-ensino-medio\/","title":{"rendered":"Temer sanciona lei que estabelece a reforma do ensino m\u00e9dio"},"content":{"rendered":"<p style=\"text-align: justify;\">O presidente Michel Temer sancionou hoje (16), em cerim\u00f4nia no Pal\u00e1cio do Planalto, a reforma do ensino m\u00e9dio. Durante o evento, o presidente disse que, a exemplo das outras reformas, a reformula\u00e7\u00e3o do ensino m\u00e9dio s\u00f3 foi poss\u00edvel gra\u00e7as \u00e0 ousadia do governo, de encarar a pol\u00eamica que cerca os temas relevantes para o pa\u00eds.<\/p>\n<div id=\"attachment_100681\" style=\"width: 609px\" class=\"wp-caption aligncenter\"><img loading=\"lazy\" decoding=\"async\" aria-describedby=\"caption-attachment-100681\" class=\"size-full wp-image-100681\" src=\"http:\/\/senoticias.com.br\/se\/wp-content\/uploads\/2017\/02\/SENot\u00edcias-naom_588e2c5cd3247-e1486130638846.jpg\" alt=\"Michel Temer sanciona a  reforma do ensino m\u00e9dio (Foto: Divulga\u00e7\u00e3o) \" width=\"599\" height=\"354\" srcset=\"https:\/\/senoticias.com.br\/se\/wp-content\/uploads\/2017\/02\/SENot\u00edcias-naom_588e2c5cd3247-e1486130638846.jpg 599w, https:\/\/senoticias.com.br\/se\/wp-content\/uploads\/2017\/02\/SENot\u00edcias-naom_588e2c5cd3247-e1486130638846-300x177.jpg 300w\" sizes=\"(max-width: 599px) 100vw, 599px\" \/><p id=\"caption-attachment-100681\" class=\"wp-caption-text\">Michel Temer sanciona a reforma do ensino m\u00e9dio (Foto: Divulga\u00e7\u00e3o)<\/p><\/div>\n<p style=\"text-align: justify;\">Segundo o presidente, a san\u00e7\u00e3o da medida provis\u00f3ria (MP) da reforma do ensino m\u00e9dio representa um \u201cmomento revelador&#8221; de seu governo, &#8220;com ousadias respons\u00e1veis e necess\u00e1rias para que o pa\u00eds possa crescer e prosperar\u201d.<\/p>\n<p style=\"text-align: justify;\">Temer acrescentou que as discuss\u00f5es em torno da mat\u00e9ria acabaram por aperfei\u00e7o\u00e1-la. \u201cTemos enviado propostas que geram saud\u00e1vel pol\u00eamica. A pol\u00eamica, cr\u00edtica portanto, gera aperfei\u00e7oamento. Certa e seguramente, algumas modifica\u00e7\u00f5es feitas pelo Congresso Nacional foram feitas pela sociedade. Acabou, ent\u00e3o, saindo uma coisa consensual.\u201d<\/p>\n<p style=\"text-align: justify;\">\u201cEstamos ousando. Quem ousaria fazer um teto para os gastos p\u00fablicos? Seria muito f\u00e1cil o presidente chegar e gastar \u00e0 vontade sem se preocupar com as reformas fundamentais, ou seja com o pa\u00eds no futuro. N\u00e3o estamos fazendo isso. Propor o teto foi uma ousadia muito bem-sucedida. Agora, a do ensino m\u00e9dio\u201d, acrescentou.<\/p>\n<p style=\"text-align: justify;\">Em seu discurso, o ministro da Educa\u00e7\u00e3o, Mendon\u00e7a Filho, disse que a MP representa \u201ca mais estrutural mudan\u00e7a na educa\u00e7\u00e3o p\u00fablica do Brasil\u201d, que demorou mais de 20 anos para ser implementada. \u201cDebate houve [ao longo desse per\u00edodo]. O que n\u00e3o existia na pr\u00e1tica era vontade e decis\u00e3o pol\u00edtica de fazer avan\u00e7ar\u201d, disse Mendon\u00e7a, ao lembrar que h\u00e1 no pa\u00eds 2 milh\u00f5es de jovens exclu\u00eddos da educa\u00e7\u00e3o, em um total de 8 milh\u00f5es. &#8220;\u00c9 consensual, no meio, a necessidade de mudan\u00e7as.&#8221;<\/p>\n<p style=\"text-align: justify;\">\u201cA escola do ensino m\u00e9dio era est\u00e1tica, com 13 disciplinas obrigat\u00f3rias. [O aluno] tem de assimilar aquele conte\u00fado de forma similar e igual para todos, como que cada um tivesse um perfil igual ao outro\u201d, acrescentou o ministro.<\/p>\n<p style=\"text-align: justify;\"><strong>Mudan\u00e7as<\/strong><\/p>\n<p style=\"text-align: justify;\">Aprovada na \u00faltima semana pelo Senado, a nova legisla\u00e7\u00e3o prev\u00ea que o curr\u00edculo seja 60% preenchido pela Base Nacional Comum Curricular (BNCC) e que os 40% restantes sejam destinados aos chamados itiner\u00e1rios formativos, em que o estudante poder\u00e1 escolher entre cinco \u00e1reas de estudo: linguagens, matem\u00e1tica, ci\u00eancias da natureza, ci\u00eancias humanas e forma\u00e7\u00e3o t\u00e9cnica e profissional. O projeto prev\u00ea ainda que os alunos escolham a \u00e1rea na qual v\u00e3o se aprofundar j\u00e1 no in\u00edcio do ensino m\u00e9dio.<\/p>\n<p style=\"text-align: justify;\">As escolas n\u00e3o s\u00e3o obrigadas a oferecer aos alunos todas as cinco \u00e1reas, mas devem oferecer ao menos um dos itiner\u00e1rios formativos. Durante a tramita\u00e7\u00e3o na C\u00e2mara, o projeto retomou a obrigatoriedade das disciplinas de educa\u00e7\u00e3o f\u00edsica, arte, sociologia e filosofia na Base Nacional Comum Curricular, at\u00e9 ent\u00e3o fora do texto original.<\/p>\n<p style=\"text-align: justify;\">A proposta apresenta tamb\u00e9m uma meta de amplia\u00e7\u00e3o da carga hor\u00e1ria para pelo menos mil horas anuais e, posteriormente, chegar a 1.400 horas para as escolas do ensino m\u00e9dio. Elas devem ampliar a carga hor\u00e1ria para cinco horas di\u00e1rias \u2013 atualmente s\u00e3o obrigat\u00f3rias quatro horas por dia. A inten\u00e7\u00e3o \u00e9 que progressivamente amplie-se a carga hor\u00e1ria para sete horas di\u00e1rias, para ofertar educa\u00e7\u00e3o em tempo integral. Para viabilizar essa amplia\u00e7\u00e3o, ser\u00e1 disponibilizado apoio financeiro do governo federal.<\/p>\n<p style=\"text-align: justify;\">Outra mudan\u00e7a importante foi a permiss\u00e3o para que profissionais com not\u00f3rio saber, mas sem forma\u00e7\u00e3o acad\u00eamica espec\u00edfica, possam dar aulas no ensino t\u00e9cnico e profissional. Com isso, um engenheiro, por exemplo, poder\u00e1 dar aulas de matem\u00e1tica ou f\u00edsica.<\/p>\n<p style=\"text-align: justify;\">Sancionada a MP, o pr\u00f3ximo passo a ser dado \u00e9 implantar a Base Nacional Comum Curricular que, atualmente, est\u00e1 sendo elaborada por um comit\u00ea presidido pelo Minist\u00e9rio da Educa\u00e7\u00e3o.<\/p>\n<p style=\"text-align: justify;\">O presidente do Conselho Nacional de Secret\u00e1rios de Educa\u00e7\u00e3o (Consed), Fred Am\u00e2ncio, destacou o fato de a reforma ajudar a tornar a escola mais atrativa aos estudantes brasileiros. Segundo Am\u00e2ncio, a flexibilidade do ensino m\u00e9dio est\u00e1 alinhada tamb\u00e9m com o Plano Nacional de Educa\u00e7\u00e3o, que apresenta metas para a melhoria do sistema educacional brasileiro.<\/p>\n<p style=\"text-align: justify;\"><strong>Acompanhe tamb\u00e9m o SE Not\u00edcias no <a href=\"https:\/\/twitter.com\/Senoticias\">Twitter<\/a>, <a href=\"https:\/\/www.facebook.com\/PortalSENoticias\/?ref=page_internal\">Facebook <\/a>e no <a href=\"https:\/\/www.instagram.com\/senoticias\/\">Instagram<\/a><\/strong><\/p>\n<p style=\"text-align: justify;\"><img loading=\"lazy\" decoding=\"async\" class=\"aligncenter size-full wp-image-100543\" src=\"http:\/\/senoticias.com.br\/se\/wp-content\/uploads\/2017\/02\/Logo-fone-1-2-1-2-3.jpg\" alt=\"SENOTICIAS\" width=\"599\" height=\"78\" srcset=\"https:\/\/senoticias.com.br\/se\/wp-content\/uploads\/2017\/02\/Logo-fone-1-2-1-2-3.jpg 599w, https:\/\/senoticias.com.br\/se\/wp-content\/uploads\/2017\/02\/Logo-fone-1-2-1-2-3-300x39.jpg 300w\" sizes=\"(max-width: 599px) 100vw, 599px\" \/><\/p>\n<p style=\"text-align: justify;\"><em>Da Ag\u00eancia Brasil<\/em><\/p>\n","protected":false},"excerpt":{"rendered":"<p>O presidente Michel Temer sancionou hoje (16), em cerim\u00f4nia no Pal\u00e1cio do Planalto, a reforma do ensino m\u00e9dio. Durante o evento, o presidente disse que, a exemplo das outras reformas, a reformula\u00e7\u00e3o do ensino m\u00e9dio s\u00f3 foi poss\u00edvel gra\u00e7as \u00e0 ousadia do governo, de encarar a pol\u00eamica que cerca os temas relevantes para o pa\u00eds. [&hellip;]<\/p>\n","protected":false},"author":2,"featured_media":100681,"comment_status":"closed","ping_status":"closed","sticky":false,"template":"","format":"standard","meta":{"footnotes":""},"categories":[6],"tags":[],"class_list":{"0":"post-100680","1":"post","2":"type-post","3":"status-publish","4":"format-standard","5":"has-post-thumbnail","7":"category-politica"},"_links":{"self":[{"href":"https:\/\/senoticias.com.br\/se\/wp-json\/wp\/v2\/posts\/100680"}],"collection":[{"href":"https:\/\/senoticias.com.br\/se\/wp-json\/wp\/v2\/posts"}],"about":[{"href":"https:\/\/senoticias.com.br\/se\/wp-json\/wp\/v2\/types\/post"}],"author":[{"embeddable":true,"href":"https:\/\/senoticias.com.br\/se\/wp-json\/wp\/v2\/users\/2"}],"replies":[{"embeddable":true,"href":"https:\/\/senoticias.com.br\/se\/wp-json\/wp\/v2\/comments?post=100680"}],"version-history":[{"count":0,"href":"https:\/\/senoticias.com.br\/se\/wp-json\/wp\/v2\/posts\/100680\/revisions"}],"wp:featuredmedia":[{"embeddable":true,"href":"https:\/\/senoticias.com.br\/se\/wp-json\/wp\/v2\/media\/100681"}],"wp:attachment":[{"href":"https:\/\/senoticias.com.br\/se\/wp-json\/wp\/v2\/media?parent=100680"}],"wp:term":[{"taxonomy":"category","embeddable":true,"href":"https:\/\/senoticias.com.br\/se\/wp-json\/wp\/v2\/categories?post=100680"},{"taxonomy":"post_tag","embeddable":true,"href":"https:\/\/senoticias.com.br\/se\/wp-json\/wp\/v2\/tags?post=100680"}],"curies":[{"name":"wp","href":"https:\/\/api.w.org\/{rel}","templated":true}]}}