{"id":100675,"date":"2017-02-16T07:58:24","date_gmt":"2017-02-16T10:58:24","guid":{"rendered":"http:\/\/senoticias.com.br\/se\/?p=100675"},"modified":"2017-02-16T16:06:43","modified_gmt":"2017-02-16T19:06:43","slug":"camara-de-vereadores-de-sao-cristovao-hoje-aos-trabalhos","status":"publish","type":"post","link":"https:\/\/senoticias.com.br\/se\/camara-de-vereadores-de-sao-cristovao-hoje-aos-trabalhos\/","title":{"rendered":"C\u00e2mara de Vereadores de S\u00e3o Crist\u00f3v\u00e3o retorna hoje aos trabalhos"},"content":{"rendered":"<p style=\"text-align: justify;\">A C\u00e2mara Municipal de S\u00e3o Crist\u00f3v\u00e3o\u00a0realiza nesta quinta-feira (16) a primeira Sess\u00e3o Legislativa Ordin\u00e1ria do Bi\u00eanio \u00a02017\/2019. A sess\u00e3o ordin\u00e1ria come\u00e7a \u00e0s 19h30, na Rua Ivo do Prado, n\u00ba 40 &#8211; Sede do munic\u00edpio.<\/p>\n<div id=\"attachment_100676\" style=\"width: 609px\" class=\"wp-caption aligncenter\"><img loading=\"lazy\" decoding=\"async\" aria-describedby=\"caption-attachment-100676\" class=\"size-full wp-image-100676\" src=\"http:\/\/senoticias.com.br\/se\/wp-content\/uploads\/2017\/02\/IMG_1315-e1487242355135.jpg\" alt=\"A C\u00e2mara Municipal de Witmarsum, realizou na noite desta ter\u00e7a-feira (07), a primeira Sess\u00e3o ordin\u00e1ria da Legislatura 2017-2020\" width=\"599\" height=\"399\" \/><p id=\"caption-attachment-100676\" class=\"wp-caption-text\">A C\u00e2mara Municipal de S\u00e3o Crist\u00f3v\u00e3o, realiza na noite desta ter\u00e7a-feira (16), a primeira Sess\u00e3o ordin\u00e1ria da Legislatura 2017-2020. (Foto: arquivo\/SE Not\u00edcias)<\/p><\/div>\n<p style=\"text-align: justify;\">Por ser a primeira sess\u00e3o da Legislatura, n\u00e3o h\u00e1 previs\u00e3o de Ordem do Dia, uma vez que n\u00e3o h\u00e1 projetos tramitando. Isso porque, conforme manda o Regimento Interno da Casa, ao final de cada Legislatura, todos os projetos n\u00e3o aprovados devem ser arquivados. Com isso, as novas proposi\u00e7\u00f5es come\u00e7am a ser lidas a partir desta primeira sess\u00e3o. Vale lembrar que qualquer mat\u00e9ria pode ser inclu\u00edda na Ordem do Dia, com dispensa dos pareceres das Comiss\u00f5es Permanentes, por requerimento de, no m\u00ednimo, maioria absoluta dos parlamentares.<\/p>\n<p style=\"text-align: justify;\">O prefeito Marcos Santana\u00a0tamb\u00e9m j\u00e1 confirmou presen\u00e7a na abertura dos trabalhos de plen\u00e1rio do Legislativo. Na oportunidade, Marcos Santana\u00a0far\u00e1 a leitura da mensagem do Poder Executivo.<\/p>\n<p style=\"text-align: justify;\">Os eleitos foram diplomados pela Justi\u00e7a Eleitoral em 15 de dezembro. A Legislatura 2017\/2020 ser\u00e1 composta pelos vereadores:<\/p>\n<p>Paulo J\u00fanior (PSL) \u2013 3,92% (1.658 votos)<br \/>\nDiego Prado (PSDB) \u2013 2,31% (976 votos)<br \/>\nTony da Academia (PSC) \u2013 2,27% (958 votos)<br \/>\nLeandro da Renova\u00e7\u00e3o (SD) \u2013 2,12 % ( 896 votos)<br \/>\nRege do Rosa Maria (PSDB) \u2013 2,04 % (861 votos)<br \/>\nIrm\u00e3o Gibson (PSC) \u2013 2,02 % (856 votos)<br \/>\nMago (PSD) \u2013 2,00 % (845 votos)<br \/>\nDjalma Santana (PRP) \u2013 1,80 % (763 votos)<br \/>\nPereira do Mercadinho (SD) \u2013 1,78 % (753 votos)<br \/>\nVanderlan Correia (PMDB) \u2013 1,65 % ( 698 votos)<br \/>\nVanderlan Nego (PRP) \u2013 1,44 % (608 votos)<br \/>\nRafael da Colina (PT) \u2013 1,39 % (587 votos)<br \/>\nMorgan Prado (PPS) \u2013 1,19 % (505 votos)<br \/>\nAdailton Lopes (Dito\/PMDB) \u2013 (443 votos)<br \/>\nIrm\u00e3o Lilo Aben\u00e7oado (DEM) \u2013 0,89 % (378 votos)<\/p>\n<p style=\"text-align: justify;\">Sete vereadores que cumprem mandato foram reeleitos: Paulo J\u00fanior (PSL), Diego Prado (PSDB), Tony da Academia (PSC), Rege do Rosa Maria (PSDB), Irm\u00e3o Gibson (PSC), Vanderlan Correia (PMDB) e Morgan Prado (PPS).<\/p>\n<p style=\"text-align: justify;\">A C\u00e2mara Municipal recebe 8 novos vereadores: Leandro da Renova\u00e7\u00e3o (SD), Mago (PSD), Djalma Santana (PRP), Pereira do Mercadinho (SD), Vanderlan Nego (PRP), Rafael da Colina (PT), Adailton Lopes (PMDB) e Irm\u00e3o Lilo Aben\u00e7oado (DEM).<\/p>\n<p style=\"text-align: justify;\"><img loading=\"lazy\" decoding=\"async\" class=\"aligncenter size-full wp-image-100543\" src=\"http:\/\/senoticias.com.br\/se\/wp-content\/uploads\/2017\/02\/Logo-fone-1-2-1-2-3.jpg\" alt=\"SENOTICIAS\" width=\"599\" height=\"78\" srcset=\"https:\/\/senoticias.com.br\/se\/wp-content\/uploads\/2017\/02\/Logo-fone-1-2-1-2-3.jpg 599w, https:\/\/senoticias.com.br\/se\/wp-content\/uploads\/2017\/02\/Logo-fone-1-2-1-2-3-300x39.jpg 300w\" sizes=\"(max-width: 599px) 100vw, 599px\" \/><\/p>\n<p style=\"text-align: justify;\"><strong>Acompanhe tamb\u00e9m o SE Not\u00edcias no<\/strong><strong>\u00a0<\/strong><strong><a href=\"https:\/\/twitter.com\/Senoticias\">Twitter<\/a>,<\/strong><strong>\u00a0<\/strong><strong><a href=\"https:\/\/www.facebook.com\/senoticias1\">Facebook<\/a><\/strong><strong>\u00a0<\/strong><strong>e no<\/strong><a href=\"https:\/\/www.instagram.com\/senoticias\/\"><strong>\u00a0<\/strong><strong>Instagram<\/strong><\/a><\/p>\n<p style=\"text-align: justify;\"><strong><em>Reda\u00e7\u00e3o SE Not\u00edcias<\/em><\/strong><\/p>\n","protected":false},"excerpt":{"rendered":"<p>A C\u00e2mara Municipal de S\u00e3o Crist\u00f3v\u00e3o\u00a0realiza nesta quinta-feira (16) a primeira Sess\u00e3o Legislativa Ordin\u00e1ria do Bi\u00eanio \u00a02017\/2019. A sess\u00e3o ordin\u00e1ria come\u00e7a \u00e0s 19h30, na Rua Ivo do Prado, n\u00ba 40 &#8211; Sede do munic\u00edpio. Por ser a primeira sess\u00e3o da Legislatura, n\u00e3o h\u00e1 previs\u00e3o de Ordem do Dia, uma vez que n\u00e3o h\u00e1 projetos tramitando. [&hellip;]<\/p>\n","protected":false},"author":2,"featured_media":100676,"comment_status":"closed","ping_status":"closed","sticky":false,"template":"","format":"standard","meta":{"footnotes":""},"categories":[38,6],"tags":[],"class_list":{"0":"post-100675","1":"post","2":"type-post","3":"status-publish","4":"format-standard","5":"has-post-thumbnail","7":"category-municipios","8":"category-politica"},"_links":{"self":[{"href":"https:\/\/senoticias.com.br\/se\/wp-json\/wp\/v2\/posts\/100675"}],"collection":[{"href":"https:\/\/senoticias.com.br\/se\/wp-json\/wp\/v2\/posts"}],"about":[{"href":"https:\/\/senoticias.com.br\/se\/wp-json\/wp\/v2\/types\/post"}],"author":[{"embeddable":true,"href":"https:\/\/senoticias.com.br\/se\/wp-json\/wp\/v2\/users\/2"}],"replies":[{"embeddable":true,"href":"https:\/\/senoticias.com.br\/se\/wp-json\/wp\/v2\/comments?post=100675"}],"version-history":[{"count":0,"href":"https:\/\/senoticias.com.br\/se\/wp-json\/wp\/v2\/posts\/100675\/revisions"}],"wp:featuredmedia":[{"embeddable":true,"href":"https:\/\/senoticias.com.br\/se\/wp-json\/wp\/v2\/media\/100676"}],"wp:attachment":[{"href":"https:\/\/senoticias.com.br\/se\/wp-json\/wp\/v2\/media?parent=100675"}],"wp:term":[{"taxonomy":"category","embeddable":true,"href":"https:\/\/senoticias.com.br\/se\/wp-json\/wp\/v2\/categories?post=100675"},{"taxonomy":"post_tag","embeddable":true,"href":"https:\/\/senoticias.com.br\/se\/wp-json\/wp\/v2\/tags?post=100675"}],"curies":[{"name":"wp","href":"https:\/\/api.w.org\/{rel}","templated":true}]}}