{"id":100673,"date":"2017-02-16T07:13:27","date_gmt":"2017-02-16T10:13:27","guid":{"rendered":"http:\/\/senoticias.com.br\/se\/?p=100673"},"modified":"2017-02-16T07:14:34","modified_gmt":"2017-02-16T10:14:34","slug":"jackson-barreto-apela-pela-unidade-em-favor-do-bem-de-sergipe","status":"publish","type":"post","link":"https:\/\/senoticias.com.br\/se\/jackson-barreto-apela-pela-unidade-em-favor-do-bem-de-sergipe\/","title":{"rendered":"Jackson Barreto apela pela unidade em favor do bem de Sergipe"},"content":{"rendered":"<div style=\"text-align: justify;\">\n<p>Nesta quarta-feira, 15, ao cumprir o dever constitucional de abrir os trabalhos da Assembleia Legislativa e fazer a leitura da mensagem governamental no parlamento, o governador Jackson Barreto pediu unidade e soma\u00e7\u00e3o de esfor\u00e7os da bancada federal em prol do desenvolvimento de Sergipe. Para o governador, em um momento de crise econ\u00f4mica e h\u00eddrica que afeta o estado, a prioridade tem que ser sempre o bem estar da popula\u00e7\u00e3o.<\/p>\n<div id=\"attachment_100674\" style=\"width: 609px\" class=\"wp-caption aligncenter\"><img loading=\"lazy\" decoding=\"async\" aria-describedby=\"caption-attachment-100674\" class=\"size-full wp-image-100674\" src=\"http:\/\/senoticias.com.br\/se\/wp-content\/uploads\/2017\/02\/Governador-na-Alese-SE-Noticias-e1487239930222.jpg\" alt=\"Jackson Barreto compareceu \u00e0 Assembleia Legislativa de Sergipe para abertura dos trabalhos legislativos, ocasi\u00e3o em que cumpriu o dever constitucional de prestar contas do seu primeiro ano de governo aos deputados estaduais. (Foto: Jorge Henrique)\" width=\"599\" height=\"400\" \/><p id=\"caption-attachment-100674\" class=\"wp-caption-text\">Jackson Barreto compareceu \u00e0 Assembleia Legislativa de Sergipe para abertura dos trabalhos legislativos, ocasi\u00e3o em que cumpriu o dever constitucional de prestar contas do seu primeiro ano de governo aos deputados estaduais. (Foto: Jorge Henrique)<\/p><\/div>\n<\/div>\n<div style=\"text-align: justify;\">\u201cA essa altura da minha vida, n\u00e3o tenho o direito de cultivar egocentrismos ou vaidades pessoais, muito menos, de alimentar ilus\u00f5es sobre o poder. Tenho, contudo, um sentimento forte e inarred\u00e1vel do dever e da responsabilidade de governar, de produzir resultados para Sergipe. Isso me faz ultrapassar animosidades, e at\u00e9 esquecer ofensas. \u00a0Diante dos integrantes desta \u00a0Casa, \u00a0diante dos que \u00a0ocupam \u00a0essas \u00a0galerias, fa\u00e7o um apelo pela unidade da nossa bancada em Bras\u00edlia, pela soma\u00e7\u00e3o dos esfor\u00e7os de todos os representantes, \u00a0no Senado e na C\u00e2mara , n\u00e3o para ajudar um governo, ou um eventual governante, mas, exclusivamente, em favor de Sergipe e do nosso povo\u201d.<\/div>\n<div><\/div>\n<div style=\"text-align: justify;\">Jackson lembrou que, no \u00faltimo dia 06, assinou juntamente com o presidente Temer, e o Ministro dos Transportes, Maur\u00edcio Quintela, os conv\u00eanios para o rein\u00edcio das obras de duplica\u00e7\u00e3o da BR-101, e de complementa\u00e7\u00e3o da pista de pouso e decolagem do aeroporto de Aracaju e que solenidade os senadores e deputados federais estiveram presentes. \u201cTalvez, essa seja uma sinaliza\u00e7\u00e3o bastante positiva, de que todos estariam unidos em favor de Sergipe, sem a contamina\u00e7\u00e3o das animosidades, ou dos interesses apenas eleitorais\u201d.<\/div>\n<div style=\"text-align: justify;\"><\/div>\n<div style=\"text-align: justify;\">O presidente da Casa, Luciano Bispo, enfatizou o que foi dito por Jackson e acrescentou que a postura demonstrada pelo governador \u00e9 essencial para que as pol\u00edticas governamentais avancem. \u201cO governador Jackson Barreto faz pol\u00edtica com muita integridade e com respeito ao povo sergipano. Dificuldades e cobran\u00e7as sempre ir\u00e3o existir, o importante \u00e9 que ele n\u00e3o se cansa de trabalhar por Sergipe. N\u00e3o \u00e9 um homem pessimista. Mesmo com dificuldades financeiras, tem uma s\u00e9rie de obras no estado para gerar empregos e renda\u201d.<\/div>\n<div><\/div>\n<div style=\"text-align: justify;\">O l\u00edder do Governo na Alese, deputado estadual Francisco Gualberto, refor\u00e7ou a import\u00e2ncia dessa coer\u00eancia administrativa para que Sergipe possa superar as dificuldades. \u201cSem d\u00favida nenhuma, eu diria que o governo que tem uma bancada comprometida como o governo Jackson Barreto tem, tem tamb\u00e9m a convic\u00e7\u00e3o de que o estado produzir\u00e1 pol\u00edticas a favor da popula\u00e7\u00e3o com mais facilidade. Apesar das dificuldades naturais que n\u00f3s enfrentamos e que n\u00e3o depende do governo, nem da Assembleia, no estado de Sergipe. Tanto o Executivo como o Legislativo, h\u00e1 mais de uma d\u00e9cada, vem com muita consci\u00eancia, com muito equil\u00edbrio, com muita firmeza defendendo os interesses do povo do estado de Sergipe. Um governo que enfrenta a crise que o pa\u00eds inteiro enfrenta e que consegue fazer com que tudo funcione no estado e, al\u00e9m disso, realiza um monte de obras, buscando sempre alternativas demonstra que \u00e9 um governo muito preparado e consciente da sua responsabilidade\u201d.<\/div>\n<div style=\"text-align: justify;\"><strong>Balan\u00e7o<br \/>\n<\/strong><br \/>\nO governador iniciou a presta\u00e7\u00e3o de contas falando sobre a crise h\u00eddrica que o estado enfrenta e que, na tentativa de dirimir os problemas enfrentados, o Governo do Estado montou, em dezembro de 2015, uma for\u00e7a-tarefa para propor projetos e fortalecer a\u00e7\u00f5es, n\u00e3o s\u00f3 no abastecimento do semi\u00e1rido, como tamb\u00e9m em outros locais nunca antes afetados pela aus\u00eancia de chuvas, como \u00e9 o caso de Malhador, cujas fontes de abastecimento secaram completamente. Jackson explica que a for\u00e7a-tarefa, al\u00e9m de lidar com situa\u00e7\u00f5es de urg\u00eancia, tem dedicado muito tempo a elaborar um modelo de pol\u00edticas p\u00fablicas para o semi\u00e1rido, com vistas a criar uma base h\u00eddrica e econ\u00f4mica menos vulner\u00e1vel aos efeitos da seca.<\/div>\n<div style=\"text-align: justify;\"><\/div>\n<div style=\"text-align: justify;\">\u201cForam perfurados, emergencialmente, mais de 150 po\u00e7os artesianos enquanto busc\u00e1vamos recursos, quase desesperadamente em Bras\u00edlia, para a constru\u00e7\u00e3o, em car\u00e1ter de urg\u00eancia, de um canal que assegurasse o abastecimento de \u00e1gua para Aracaju, diante da redu\u00e7\u00e3o continuada das \u00e1guas do S\u00e3o Francisco, deixando em seco as bombas do sistema de capta\u00e7\u00e3o. A Defesa Civil, com a participa\u00e7\u00e3o destacada do Ex\u00e9rcito Brasileiro, vem atuando mais intensamente em \u00e1reas criticas, levando \u00e1gua, n\u00e3o s\u00f3 para a popula\u00e7\u00e3o, como tamb\u00e9m para garantir a sobreviv\u00eancia dos rebanhos. Ao mesmo tempo, projetamos a recupera\u00e7\u00e3o de barragens e constru\u00e7\u00e3o de novos reservat\u00f3rios, o que j\u00e1 esta sendo iniciado, ou se iniciar\u00e1 nos pr\u00f3ximos meses, na medida em que ocorram aportes de recursos federais que nos foram assegurados, ap\u00f3s contatos repetidos que temos mantido com o presidente Temer e os seus ministros, que, devo acentuar, t\u00eam sido, em parte, sens\u00edveis ao clamor das nossas ang\u00fastias. Nessa emerg\u00eancia, a equipe de governo destacada para o enfrentamento direto da crise, tem diuturnamente agido, quer percorrendo munic\u00edpios, comandando a\u00e7\u00f5es emergenciais, frequentando gabinetes brasilienses, e procurando acelerar o andamento de medidas invariavelmente, seguindo um ritual burocr\u00e1tico que n\u00e3o \u00e9 simples\u201d, esclareceu o governador.<\/div>\n<div><\/div>\n<div style=\"text-align: justify;\">Na \u00e1rea de seguran\u00e7a, o gestor ressaltou os concursos realizados para as pol\u00edcias Civil e Militar, os quais convocaram 200 e 1.300 pessoas, respectivamente. \u201cQuebramos um ciclo nefasto de falta de concursos para as for\u00e7as policiais que permitiram o esvaziamento dos efetivos. Fizemos concursos para as policias militar e civil. J\u00e1 s\u00e3o mais de 1300 policiais militares chamados de um concurso que inicialmente foi feito para 600 vagas, e chamamos quase 200 policiais civis de um concurso cujo edital previa 100 vagas, al\u00e9m de termos feito o primeiro concurso para peritos da historia de Sergipe. Vamos desenvolver, ao longo deste ano, campanhas pela paz, pela integra\u00e7\u00e3o de todos ao esfor\u00e7o coletivo em prol da seguran\u00e7a. Vamos dialogar mais amplamente com os diversos setores da sociedade, ouvir sugest\u00f5es, formar redes de apoio e participa\u00e7\u00e3o social. Vamos estabelecer com os prefeitos, mecanismos para ampliar a coopera\u00e7\u00e3o, na preven\u00e7\u00e3o do crime, no combate aos bandidos, orient\u00e1-los e apoi\u00e1-los para a cria\u00e7\u00e3o ou amplia\u00e7\u00e3o de Guardas Municipais, que desempenhariam algumas das tarefas relacionadas \u00e0 seguran\u00e7a p\u00fablica. O conv\u00eanio que firmamos em Aracaju com o Governo Federal, atrav\u00e9s do Minist\u00e9rio da Justi\u00e7a, quando aqui esteve o seu titular, e futuro ministro do STF, Alexandre Moraes, tornou Sergipe o primeiro estado da Federa\u00e7\u00e3o a associar-se ao projeto federal, que tem caracter\u00edsticas positivas de inova\u00e7\u00f5es no enfrentamento com o crime organizado. Com um sistema integrado de intelig\u00eancia, e coordena\u00e7\u00e3o de a\u00e7\u00f5es, teremos melhores resultados operacionais\u201d.<\/div>\n<div><\/div>\n<div><strong>Sistema prisional<\/strong><\/div>\n<div style=\"text-align: justify;\">\u201cConstru\u00edmos dois pres\u00eddios, um em Est\u00e2ncia, j\u00e1 inaugurado, outro em Areia Branca, a ser entregue no pr\u00f3ximo m\u00eas de mar\u00e7o; garantimos recursos para mais duas unidades penitenci\u00e1rias, inclusive uma de regime semiaberto. Continuamos a corrigir mazelas, v\u00edcios arraigados no sistema prisional, que facilitam a liga\u00e7\u00e3o do presidi\u00e1rio com o mundo exterior, inclusive comandando a\u00e7\u00f5es criminosas. Essa tarefa espinhosa foi agora entregue ao delegado Cristiano Barreto, que assumiu a Pasta da Justi\u00e7a. Em Socorro, est\u00e1 sendo conclu\u00edda uma unidade socioeducativa \u00a0para a interna\u00e7\u00e3o de adolescentes e menores infratores. Nela, ser\u00e1 posto em pr\u00e1tica um moderno sistema psicopedag\u00f3gico voltado para a ressocializa\u00e7\u00e3o dos internos. Ser\u00e3o atendidos 84 \u00a0jovens do sexo masculino\u201d.<\/div>\n<div><\/div>\n<div><strong>Hospital do C\u00e2ncer<\/strong><\/div>\n<div style=\"text-align: justify;\">Ao pontuar os investimentos na \u00e1rea da sa\u00fade, o governador informou que assinar\u00e1 Ordem de Servi\u00e7o para o in\u00edcio da constru\u00e7\u00e3o do pr\u00e9dio do Hospital do C\u00e2ncer Governador Marcelo D\u00e9da amanh\u00e3, quinta-feira, dia 16.<\/div>\n<div style=\"text-align: justify;\">\u201cAmanh\u00e3 ser\u00e1 um dia hist\u00f3rico para Sergipe. Iremos, finalmente, dar a Ordem de Servi\u00e7o para o in\u00edcio da constru\u00e7\u00e3o do pr\u00e9dio do Hospital do C\u00e2ncer Governador Marcelo D\u00e9da em nosso estado. Foram muitas barreiras que encontramos ao longo desses anos para que cheg\u00e1ssemos nesse dia. Barreiras de ordem burocr\u00e1ticas que foram vencidas uma a uma com trabalho, compet\u00eancias das equipes do governo e muita paci\u00eancia, mas agora iremos iniciar esse grande sonho que vem desde o governador Marcelo D\u00e9da, e que foi herdado por n\u00f3s, na certeza de que um dia viraria realidade. \u00a0Estamos realizando a obra do Centro de Refer\u00eancia para o Tratamento de Pessoas com Todos os tipos de Defici\u00eancia. O CER-4, al\u00ed ao lado do Huse, em frente as obras do Hospital do C\u00e2ncer. Esse centro de refer\u00eancia t\u00e3o importante para as pessoas que possuem defici\u00eancia, serviu de refer\u00eancia para o Minist\u00e9rio da Sa\u00fade replicar em todo pa\u00eds, est\u00e1 com mais de 60% das suas obras prontas e vai custar R$ 16 milh\u00f5es com recursos provenientes de uma emenda parlamentar de quando era deputado\u201d.<\/p>\n<\/div>\n<div><strong>Educa\u00e7\u00e3o<\/p>\n<p><\/strong><\/div>\n<div style=\"text-align: justify;\">A rede estadual de educa\u00e7\u00e3o tamb\u00e9m foi destaque com a expans\u00e3o do ensino profissionalizante, ensino integral e qualifica\u00e7\u00e3o do corpo docente. \u201cNa \u00e1rea da educa\u00e7\u00e3o p\u00fablica tenho a tranquilidade de afirmar que Sergipe come\u00e7a a vencer uma corrida contra o tempo. Vencer essa corrida significa retirar de todas as escolas da rede p\u00fablica estadual aquele carimbo desprimoroso que revela inefici\u00eancia, quando se constatam os n\u00fameros de reprova\u00e7\u00f5es, da evas\u00e3o, dos insucessos nos vestibulares. Por isso, o governo, atrav\u00e9s do Secret\u00e1rio Jorge Carvalho, e da sua valorosa equipe, dialoga, ouve, recebe sugest\u00f5es, para que possamos aderir de forma consensual ao programa da escola funcionando desde a manh\u00e3 at\u00e9 o fim da tarde, mantendo o aluno em suas depend\u00eancias, dotadas de uma capacidade m\u00ednima para oferecer tudo o que se fizer necess\u00e1rio, para que esse tempo seja plenamente ocupado, com ensino, esporte, arte, leitura, conhecimento abrangente. S\u00e3o 37 escolas que este ano ir\u00e3o funcionar nesse sistema. Hoje, s\u00e3o apenas 4, mas os resultados do tempo integral j\u00e1 se revelaram com as cifras das aprova\u00e7\u00f5es nos vestibulares, desafiando a desoladora constata\u00e7\u00e3o de que a escola p\u00fablica n\u00e3o conseguia fazer o transito do aluno, desde o curso m\u00e9dio \u00a0ao superior. Este ano, foram aprovados 1464 estudantes da rede estadual no ensino superior, deste total, 816 ingressaram atrav\u00e9s do SISU, 104 pelo Prouni, 17 no Instituto Federal de Sergipe, 418 em universidades particulares, 41 no Campus do Sert\u00e3o e 68 na modalidade ensino a dist\u00e2ncia da UFS. Entre esses aprovados, muitos nos primeiros lugares, houve um primeiro lugar conquistado pela aluna Giulia Prado, na USP.<\/p>\n<p>O Governo j\u00e1 convocou e integrou \u00e0 rede p\u00fablica mais novecentos professores concursados. Em seis escolas est\u00e1 em funcionamento o Di\u00e1rio de Classe Eletr\u00f4nico, que controla a frequ\u00eancia dos alunos, o desempenho de cada um, podendo essa trajet\u00f3ria ser seguida pelos pais. Trata-se de um projeto piloto que dever\u00e1 ser consideravelmente ampliado. N\u00e3o mais se registram filas nas escolas, naquele mart\u00edrio anual da disputa por uma vaga. Existem vagas suficientes, e as matr\u00edculas podem ser feitas pela Internet. Investimos, na constru\u00e7\u00e3o, reforma ou readapta\u00e7\u00e3o de 108 escolas, R$ 90 milh\u00f5es. Em 2016, houve um avan\u00e7o consider\u00e1vel na multiplica\u00e7\u00e3o das escolas profissionalizantes, com a conclus\u00e3o das obras \u00a0da Seixas D\u00f3ria e Ulisses Guimar\u00e3es em Socorro, a Senador Gilvan Rocha \u00a0 em Umba\u00faba e a Berila Alves \u00a0de Almeida \u00a0em Nossa Senhora das Dores\u201d.<\/p><\/div>\n<div><\/div>\n<div>\n<p><strong>Investimentos<\/strong><\/p>\n<p>&nbsp;<\/p>\n<\/div>\n<div style=\"text-align: justify;\">Acompanhado do vice-governador, Belivaldo Chagas, e de secret\u00e1rios de Estado, o governador real\u00e7ou a capta\u00e7\u00e3o de recursos para obras de infraestrutura na capital e interior. S\u00e3o investimentos nas \u00e1reas de estradas, agricultura, pesca, turismo. \u00a0A exemplo do Terminal Pesqueiro, um aporte de R$ 14 milh\u00f5es que beneficiar\u00e1 diretamente mais de 12 mil pescadores de 27 col\u00f4nias sergipanas e a popula\u00e7\u00e3o consumidora dos pescados no estado.<\/div>\n<div style=\"text-align: justify;\"><\/div>\n<div style=\"text-align: justify;\">Entre os investimentos citados, Jackson tratou do Proinveste e Prodetur. \u00a0\u201cAos recursos do Proinveste, somam-se aqueles do Prodetur, e outros de menor monta, como os do Fida. Temos escolhido, estrategicamente, projetos que tenham influ\u00eancia direta na dinamiza\u00e7\u00e3o da economia, e multipliquem nossa capacidade de gerar empregos. Muito se fala, inclusive nesta Casa, senhoras e senhores deputados, sobre as obras do Proinveste. Pois bem, vamos agora falar sobre esse assunto que suscita tantas discuss\u00f5es. Em primeiro lugar, \u00e9 preciso dizer que os recursos do Proinveste n\u00e3o foram liberados todo de uma vez. Dos R$ 428 milh\u00f5es previstos inicialmente no projeto, nesta primeira etapa j\u00e1 foram liberados R$ 257 milh\u00f5es, e desses, foram utilizados R$ 167 milh\u00f5es. Existem ainda duas cotas a serem liberadas posteriormente, uma de R$ 130 milh\u00f5es e outra final de R$ 42 milh\u00f5es. A previs\u00e3o \u00e9 de que at\u00e9 janeiro de 2019 esses recursos sejam totalmente aplicados nos diversos projetos.<\/p>\n<\/div>\n<div style=\"text-align: justify;\">Com a parte dos recursos que j\u00e1 chegaram, o Governo do Estado fez a terraplanagem do Hospital do C\u00e2ncer, o desmonte do Morro da Pi\u00e7arreira, pr\u00f3ximo ao aeroporto, que possibilitou a constru\u00e7\u00e3o de uma nova pista de pouso e decolagem bem maior que a atual, urbaniza\u00e7\u00e3o da Avenida Euclides Figueiredo e do Residencial Santa Tereza e adjac\u00eancias. Investimos na drenagem e esgotamento sanit\u00e1rio do corredor Vi\u00e1rio da Avenida Tancredo Campos, tamb\u00e9m localizado no Residencial Santa Tereza. \u00a0Fizemos a rodovia do Arroz, uma estrada entre os povoados Santa Cruz e S\u00e3o Miguel em Propri\u00e1, na regi\u00e3o do Baixo S\u00e3o Francisco; o anel vi\u00e1rio de Itabaianinha, a Orla do S\u00e3o Braz e o cal\u00e7amento da estrada que leva ao Calumbi, ambos em Nossa Senhora do Socorro, constru\u00edmos a escola Profissionalizante Governador Seixas D\u00f3ria tamb\u00e9m em Socorro e o mercado de Lagarto. Obras de grande porte est\u00e3o em andamento, a exemplo das rodovias que ligam Itaporanga D\u2019Ajuda a Itabaiana e o trecho da SE-100 entre Pirambu e Pacatuba, outra obras que enfrentou uma infinidade de barreiras burocr\u00e1ticas que estamos vencendo. Outra obra que est\u00e1 sendo executada \u00e9 o Centro Administrativo Governador Augusto Franco\u201d.<\/div>\n<div><strong>Turismo<\/strong><\/div>\n<div><\/div>\n<div style=\"text-align: justify;\">\u201cTeremos de remover o gargalo que dificulta a formata\u00e7\u00e3o de uma pol\u00edtica de turismo mais agressiva, representado tanto pelas limita\u00e7\u00f5es do nosso aeroporto, como tamb\u00e9m o desest\u00edmulo causado pela interrup\u00e7\u00e3o das obras de amplia\u00e7\u00e3o e reforma do nosso Centro de Conven\u00e7\u00f5es. Essas obras agora j\u00e1 foram reiniciadas. \u00a0Com quatro audit\u00f3rios e capacidade para 2.300 pessoas, a previs\u00e3o dos t\u00e9cnicos \u00e9 que a inaugura\u00e7\u00e3o do Centro ocorra em dezembro deste ano. Iniciamos tamb\u00e9m a obra da reforma do Centro de Turismo\u201d.<\/p>\n<\/div>\n<div style=\"text-align: justify;\"><strong>Saneamento b\u00e1sico<\/p>\n<p><\/strong><\/div>\n<div style=\"text-align: justify;\">Pensando na qualidade de vida e do valor agregado \u00e0 sa\u00fade quando se investe em saneamento, o Governo do Estado ir\u00e1, ainda neste semestre, inaugurar o sistema de esgotamento sanit\u00e1rio dos bairros Coroa do Meio, Atalaia, Farol\u00e2ndia, Grageru e Jardins, em Aracaju. \u00a0A inten\u00e7\u00e3o \u00e9, tamb\u00e9m, diminuir a polui\u00e7\u00e3o dos rios Sergipe e Poxim, e reduzir o desconforto causado pelo cheiro dos dejetos em v\u00e1rios bairros da capital.<\/p>\n<\/div>\n<div style=\"text-align: justify;\">\u201cPara reduzir ainda mais a polui\u00e7\u00e3o, o governo pretende submeter \u00e0 aprecia\u00e7\u00e3o do prefeito de Aracaju, Edvaldo Nogueira, um plano conjunto para a despolui\u00e7\u00e3o dos rios Poxim, Sergipe, do c\u00f3rrego Tramanday, e de outros que cortam a cidade, uma a\u00e7\u00e3o que contemplar\u00e1, tamb\u00e9m, a localiza\u00e7\u00e3o e interdi\u00e7\u00e3o de esgotos clandestinos. Ao final da nossa gest\u00e3o, Aracaju ostentar\u00e1 a marca de ter se transformado na segunda capital com maior cobertura em esgotamento sanit\u00e1rio do pa\u00eds\u201d, explicou Jackson.<\/p>\n<\/div>\n<div style=\"text-align: justify;\">As a\u00e7\u00f5es dessa \u00e1rea chegam tamb\u00e9m ao interior do estado. \u201cEm Itabaiana, uma cidade que se tornou um polo de desenvolvimento, da mesma forma que em Lagarto, outro din\u00e2mico polo econ\u00f4mico, estamos ampliando e modernizando s sistema de esgotamento sanit\u00e1rio para atender \u00e0 crescente expans\u00e3o urbana. Em obras com essas caracter\u00edsticas a Deso completar\u00e1, este ano, investimentos que totalizam R$ 1 bilh\u00e3o\u201d.<\/div>\n<div style=\"text-align: justify;\"><\/div>\n<div style=\"text-align: justify;\"><img loading=\"lazy\" decoding=\"async\" class=\"aligncenter size-full wp-image-100543\" src=\"http:\/\/senoticias.com.br\/se\/wp-content\/uploads\/2017\/02\/Logo-fone-1-2-1-2-3.jpg\" alt=\"SENOTICIAS\" width=\"599\" height=\"78\" srcset=\"https:\/\/senoticias.com.br\/se\/wp-content\/uploads\/2017\/02\/Logo-fone-1-2-1-2-3.jpg 599w, https:\/\/senoticias.com.br\/se\/wp-content\/uploads\/2017\/02\/Logo-fone-1-2-1-2-3-300x39.jpg 300w\" sizes=\"(max-width: 599px) 100vw, 599px\" \/><\/div>\n<div>Confira <a href=\"http:\/\/agencia.se.gov.br\/uploads\/ckeditor\/attachments\/29\/Mensagem_de_JB___Assembleia_2017.pdf\" target=\"_blank\" data-saferedirecturl=\"https:\/\/www.google.com\/url?hl=pt-BR&amp;q=http:\/\/agencia.se.gov.br\/uploads\/ckeditor\/attachments\/29\/Mensagem_de_JB___Assembleia_2017.pdf&amp;source=gmail&amp;ust=1487284144635000&amp;usg=AFQjCNEbcIwh0PG7wqAbZH2uqQMhADlETA\">aqui<\/a> o discurso do governador na \u00edntegra.<\/div>\n<div><\/div>\n<div><em><strong>Acompanhe tamb\u00e9m o SE Not\u00edcias no <a href=\"https:\/\/twitter.com\/Senoticias\">Twitter<\/a>, <a href=\"https:\/\/www.facebook.com\/PortalSENoticias\/\">Facebook <\/a>e no <a href=\"https:\/\/www.instagram.com\/senoticias\/\">Instagram<\/a><\/strong><\/em><\/div>\n","protected":false},"excerpt":{"rendered":"<p>Nesta quarta-feira, 15, ao cumprir o dever constitucional de abrir os trabalhos da Assembleia Legislativa e fazer a leitura da mensagem governamental no parlamento, o governador Jackson Barreto pediu unidade e soma\u00e7\u00e3o de esfor\u00e7os da bancada federal em prol do desenvolvimento de Sergipe. Para o governador, em um momento de crise econ\u00f4mica e h\u00eddrica que [&hellip;]<\/p>\n","protected":false},"author":2,"featured_media":100674,"comment_status":"closed","ping_status":"closed","sticky":false,"template":"","format":"standard","meta":{"footnotes":""},"categories":[15,6],"tags":[],"class_list":{"0":"post-100673","1":"post","2":"type-post","3":"status-publish","4":"format-standard","5":"has-post-thumbnail","7":"category-destaques","8":"category-politica"},"_links":{"self":[{"href":"https:\/\/senoticias.com.br\/se\/wp-json\/wp\/v2\/posts\/100673"}],"collection":[{"href":"https:\/\/senoticias.com.br\/se\/wp-json\/wp\/v2\/posts"}],"about":[{"href":"https:\/\/senoticias.com.br\/se\/wp-json\/wp\/v2\/types\/post"}],"author":[{"embeddable":true,"href":"https:\/\/senoticias.com.br\/se\/wp-json\/wp\/v2\/users\/2"}],"replies":[{"embeddable":true,"href":"https:\/\/senoticias.com.br\/se\/wp-json\/wp\/v2\/comments?post=100673"}],"version-history":[{"count":0,"href":"https:\/\/senoticias.com.br\/se\/wp-json\/wp\/v2\/posts\/100673\/revisions"}],"wp:featuredmedia":[{"embeddable":true,"href":"https:\/\/senoticias.com.br\/se\/wp-json\/wp\/v2\/media\/100674"}],"wp:attachment":[{"href":"https:\/\/senoticias.com.br\/se\/wp-json\/wp\/v2\/media?parent=100673"}],"wp:term":[{"taxonomy":"category","embeddable":true,"href":"https:\/\/senoticias.com.br\/se\/wp-json\/wp\/v2\/categories?post=100673"},{"taxonomy":"post_tag","embeddable":true,"href":"https:\/\/senoticias.com.br\/se\/wp-json\/wp\/v2\/tags?post=100673"}],"curies":[{"name":"wp","href":"https:\/\/api.w.org\/{rel}","templated":true}]}}