{"id":100671,"date":"2017-02-16T06:57:15","date_gmt":"2017-02-16T09:57:15","guid":{"rendered":"http:\/\/senoticias.com.br\/se\/?p=100671"},"modified":"2017-02-16T06:57:15","modified_gmt":"2017-02-16T09:57:15","slug":"prefeito-de-laranjeiras-participou-de-reuniao-produtiva-com-o-sintese","status":"publish","type":"post","link":"https:\/\/senoticias.com.br\/se\/prefeito-de-laranjeiras-participou-de-reuniao-produtiva-com-o-sintese\/","title":{"rendered":"Prefeito de Laranjeiras participou de reuni\u00e3o produtiva com o Sintese"},"content":{"rendered":"<p style=\"text-align: justify;\">Nesta quarta-feira (15), o prefeito de Laranjeiras, Paul\u00e3o de Varzinhas, recebeu a Comiss\u00e3o do Sintese para discutir as reivindica\u00e7\u00f5es da categoria. Na pauta, o assunto principal foi o pagamento do piso salarial dos professores.<\/p>\n<div id=\"attachment_100672\" style=\"width: 609px\" class=\"wp-caption aligncenter\"><img loading=\"lazy\" decoding=\"async\" aria-describedby=\"caption-attachment-100672\" class=\"size-full wp-image-100672\" src=\"http:\/\/senoticias.com.br\/se\/wp-content\/uploads\/2017\/02\/prefeito-de-Laranjeiras-com-o-Sintese-SE-noticias-e1487238807278.jpg\" alt=\"Paul\u00e3o de Varzinhas, recebeu a Comiss\u00e3o do Sintese para discutir as reivindica\u00e7\u00f5es da categori\" width=\"599\" height=\"337\" \/><p id=\"caption-attachment-100672\" class=\"wp-caption-text\">Paul\u00e3o de Varzinhas, recebeu a Comiss\u00e3o do Sintese para discutir as reivindica\u00e7\u00f5es da categori<\/p><\/div>\n<p style=\"text-align: justify;\">O prefeito assegurou \u00e0 comiss\u00e3o que pagar\u00e1 o piso neste m\u00eas, sem falta. Al\u00e9m do piso, tamb\u00e9m conversaram sobre a merenda escolar, condi\u00e7\u00f5es das escolas, transporte escolar, carreira no magist\u00e9rio, entre outras propostas. Foi um encontro produtivo e esclarecedor para ambas as partes, e \u00e9 um desejo do prefeito trabalhar junto ao Sintese, construindo uma parceria de confian\u00e7a com o magist\u00e9rio. A reuni\u00e3o tamb\u00e9m contou com a presen\u00e7a da vice-prefeita e secret\u00e1ria da Educa\u00e7\u00e3o, Suely da Escolinha, e da secret\u00e1ria adjunta de Educa\u00e7\u00e3o, Solange Bezerra.<img loading=\"lazy\" decoding=\"async\" class=\"aligncenter size-full wp-image-100543\" src=\"http:\/\/senoticias.com.br\/se\/wp-content\/uploads\/2017\/02\/Logo-fone-1-2-1-2-3.jpg\" alt=\"SENOTICIAS\" width=\"599\" height=\"78\" srcset=\"https:\/\/senoticias.com.br\/se\/wp-content\/uploads\/2017\/02\/Logo-fone-1-2-1-2-3.jpg 599w, https:\/\/senoticias.com.br\/se\/wp-content\/uploads\/2017\/02\/Logo-fone-1-2-1-2-3-300x39.jpg 300w\" sizes=\"(max-width: 599px) 100vw, 599px\" \/><\/p>\n<p style=\"text-align: justify;\"><em><strong>Acompanhe tamb\u00e9m o SE Not\u00edcias no <a href=\"https:\/\/twitter.com\/Senoticias\">Twitter<\/a>, <a href=\"https:\/\/www.facebook.com\/PortalSENoticias\/\">Facebook <\/a>e no <a href=\"https:\/\/www.instagram.com\/senoticias\/\">Instagram<\/a><\/strong><\/em><\/p>\n<p style=\"text-align: justify;\"><em>Mat\u00e9ria enviada pela Assessoria de Comunica\u00e7\u00e3o da Prefeitura de Laranjeiras<\/em><\/p>\n","protected":false},"excerpt":{"rendered":"<p>Nesta quarta-feira (15), o prefeito de Laranjeiras, Paul\u00e3o de Varzinhas, recebeu a Comiss\u00e3o do Sintese para discutir as reivindica\u00e7\u00f5es da categoria. Na pauta, o assunto principal foi o pagamento do piso salarial dos professores. O prefeito assegurou \u00e0 comiss\u00e3o que pagar\u00e1 o piso neste m\u00eas, sem falta. Al\u00e9m do piso, tamb\u00e9m conversaram sobre a merenda [&hellip;]<\/p>\n","protected":false},"author":2,"featured_media":100672,"comment_status":"closed","ping_status":"closed","sticky":false,"template":"","format":"standard","meta":{"footnotes":""},"categories":[38],"tags":[],"class_list":{"0":"post-100671","1":"post","2":"type-post","3":"status-publish","4":"format-standard","5":"has-post-thumbnail","7":"category-municipios"},"_links":{"self":[{"href":"https:\/\/senoticias.com.br\/se\/wp-json\/wp\/v2\/posts\/100671"}],"collection":[{"href":"https:\/\/senoticias.com.br\/se\/wp-json\/wp\/v2\/posts"}],"about":[{"href":"https:\/\/senoticias.com.br\/se\/wp-json\/wp\/v2\/types\/post"}],"author":[{"embeddable":true,"href":"https:\/\/senoticias.com.br\/se\/wp-json\/wp\/v2\/users\/2"}],"replies":[{"embeddable":true,"href":"https:\/\/senoticias.com.br\/se\/wp-json\/wp\/v2\/comments?post=100671"}],"version-history":[{"count":0,"href":"https:\/\/senoticias.com.br\/se\/wp-json\/wp\/v2\/posts\/100671\/revisions"}],"wp:featuredmedia":[{"embeddable":true,"href":"https:\/\/senoticias.com.br\/se\/wp-json\/wp\/v2\/media\/100672"}],"wp:attachment":[{"href":"https:\/\/senoticias.com.br\/se\/wp-json\/wp\/v2\/media?parent=100671"}],"wp:term":[{"taxonomy":"category","embeddable":true,"href":"https:\/\/senoticias.com.br\/se\/wp-json\/wp\/v2\/categories?post=100671"},{"taxonomy":"post_tag","embeddable":true,"href":"https:\/\/senoticias.com.br\/se\/wp-json\/wp\/v2\/tags?post=100671"}],"curies":[{"name":"wp","href":"https:\/\/api.w.org\/{rel}","templated":true}]}}