{"id":100669,"date":"2017-02-15T20:11:59","date_gmt":"2017-02-15T23:11:59","guid":{"rendered":"http:\/\/senoticias.com.br\/se\/?p=100669"},"modified":"2017-02-15T20:11:59","modified_gmt":"2017-02-15T23:11:59","slug":"governador-destaca-a-tarefa-espinhosa-de-cristiano-barreto-na-sejuc","status":"publish","type":"post","link":"https:\/\/senoticias.com.br\/se\/governador-destaca-a-tarefa-espinhosa-de-cristiano-barreto-na-sejuc\/","title":{"rendered":"Governador destaca &#8220;a tarefa espinhosa&#8221; de Cristiano Barreto na Sejuc"},"content":{"rendered":"<div style=\"text-align: justify;\">O governador de Sergipe, Jackson Barreto, destacou hoje, 15, na reabertura dos trabalhos na \u00a0Assembleia Legislativa (Alese), os avan\u00e7os que vem ocorrendo no sistema prisional sergipano e a \u201ctarefa espinhosa\u201d que vem sendo desenvolvida pelo secret\u00e1rio, Cristiano Barreto. Cumprindo um dever constitucional, \u00a0Jackson discursou na Alese, quando prestou contas de diversas a\u00e7\u00f5es da sua administra\u00e7\u00e3o.<\/p>\n<div id=\"attachment_100670\" style=\"width: 609px\" class=\"wp-caption aligncenter\"><img loading=\"lazy\" decoding=\"async\" aria-describedby=\"caption-attachment-100670\" class=\"size-full wp-image-100670\" src=\"http:\/\/senoticias.com.br\/se\/wp-content\/uploads\/2017\/02\/Governador-elogia-Cristano-Barreto-na-Sejuc-SE-Noticias-e1487200215757.jpg\" alt=\"Governador destaca \\&quot;a tarefa espinhosa\\&quot; de Cristiano Barreto na Sejuc\" width=\"599\" height=\"399\" \/><p id=\"caption-attachment-100670\" class=\"wp-caption-text\">Governador destaca &#8220;a tarefa espinhosa&#8221; de Cristiano Barreto na Sejuc. (Foto: Ascom\/Sejuc)<\/p><\/div>\n<\/div>\n<div style=\"text-align: justify;\"><\/div>\n<div style=\"text-align: justify;\">Especificamente sobre a Secretaria de Justi\u00e7a e Defesa do Consumidor (Sejuc), o governador lembrou da constru\u00e7\u00e3o do pres\u00eddio de Est\u00e2ncia, inaugurado em novembro do ano passado, e voltou a anunciar, para mar\u00e7o, a inaugura\u00e7\u00e3o da unidade de Areia Branca. \u201cGarantimos \u00a0recursos para mais duas unidades \u00a0penitenci\u00e1rias, inclusive uma no regime semiaberto\u201d, frisou.<\/div>\n<div style=\"text-align: justify;\"><\/div>\n<div style=\"text-align: justify;\">\u201cContinuamos a corrigir mazelas, v\u00edcios arraigados no sistema prisional, que facilitam a liga\u00e7\u00e3o do presidi\u00e1rio com o mundo exterior, inclusive comandando a\u00e7\u00f5es criminosas. Essa tarefa espinhosa foi agora entregue ao delegado Cristiano Barreto, que assumiu a pasta da Justi\u00e7a\u201d, disse o governador.<\/div>\n<div style=\"text-align: justify;\"><\/div>\n<div style=\"text-align: justify;\">O secret\u00e1rio Cristiano Barreto, o adjunto, coronel PM Reinaldo Chaves, e o corregedor da Sejuc, o policial federal Roberto Freitas, foram at\u00e9 a Alese acompanhar a abertura dos trabalhos legislativos.<\/p>\n<\/div>\n<div style=\"text-align: justify;\">Hoje, tamb\u00e9m, ocorreu a posse na mesa diretora da Alese, para o bi\u00eanio 2017\/2018., cuja elei\u00e7\u00e3o antecipada ocorreu em julho do ano passado. \u00a0Permanecem na mesa, \u00a0Luciano Bispo (presidente), Garibalde Mendon\u00e7a (vice-presidente), Jeferson Andrade (1\u00ba secret\u00e1rio), Gorete Reis (2\u00aa secret\u00e1ria), Ven\u00e2ncio Fonseca (3\u00ba secret\u00e1rio) e Luiz Mitidiere (3\u00ba secret\u00e1rio).<img loading=\"lazy\" decoding=\"async\" class=\"aligncenter size-full wp-image-100543\" src=\"http:\/\/senoticias.com.br\/se\/wp-content\/uploads\/2017\/02\/Logo-fone-1-2-1-2-3.jpg\" alt=\"SENOTICIAS\" width=\"599\" height=\"78\" srcset=\"https:\/\/senoticias.com.br\/se\/wp-content\/uploads\/2017\/02\/Logo-fone-1-2-1-2-3.jpg 599w, https:\/\/senoticias.com.br\/se\/wp-content\/uploads\/2017\/02\/Logo-fone-1-2-1-2-3-300x39.jpg 300w\" sizes=\"(max-width: 599px) 100vw, 599px\" \/><\/div>\n<div style=\"text-align: justify;\"><\/div>\n<div style=\"text-align: justify;\"><strong>Acompanhe tamb\u00e9m o SE Not\u00edcias no <a href=\"https:\/\/twitter.com\/Senoticias\">Twitter<\/a>, <a href=\"https:\/\/www.facebook.com\/PortalSENoticias\/\">Facebook <\/a>e no <a href=\"https:\/\/www.instagram.com\/senoticias\/\">Instagram<\/a><\/strong><\/div>\n<div style=\"text-align: justify;\"><\/div>\n<div style=\"text-align: justify;\"><em>Mat\u00e9ria extra\u00edda do site da Sejuc<\/em><\/div>\n<div style=\"text-align: justify;\"><\/div>\n","protected":false},"excerpt":{"rendered":"<p>O governador de Sergipe, Jackson Barreto, destacou hoje, 15, na reabertura dos trabalhos na \u00a0Assembleia Legislativa (Alese), os avan\u00e7os que vem ocorrendo no sistema prisional sergipano e a \u201ctarefa espinhosa\u201d que vem sendo desenvolvida pelo secret\u00e1rio, Cristiano Barreto. Cumprindo um dever constitucional, \u00a0Jackson discursou na Alese, quando prestou contas de diversas a\u00e7\u00f5es da sua administra\u00e7\u00e3o. [&hellip;]<\/p>\n","protected":false},"author":2,"featured_media":100670,"comment_status":"closed","ping_status":"closed","sticky":false,"template":"","format":"standard","meta":{"footnotes":""},"categories":[15,7],"tags":[],"class_list":{"0":"post-100669","1":"post","2":"type-post","3":"status-publish","4":"format-standard","5":"has-post-thumbnail","7":"category-destaques","8":"category-policia"},"_links":{"self":[{"href":"https:\/\/senoticias.com.br\/se\/wp-json\/wp\/v2\/posts\/100669"}],"collection":[{"href":"https:\/\/senoticias.com.br\/se\/wp-json\/wp\/v2\/posts"}],"about":[{"href":"https:\/\/senoticias.com.br\/se\/wp-json\/wp\/v2\/types\/post"}],"author":[{"embeddable":true,"href":"https:\/\/senoticias.com.br\/se\/wp-json\/wp\/v2\/users\/2"}],"replies":[{"embeddable":true,"href":"https:\/\/senoticias.com.br\/se\/wp-json\/wp\/v2\/comments?post=100669"}],"version-history":[{"count":0,"href":"https:\/\/senoticias.com.br\/se\/wp-json\/wp\/v2\/posts\/100669\/revisions"}],"wp:featuredmedia":[{"embeddable":true,"href":"https:\/\/senoticias.com.br\/se\/wp-json\/wp\/v2\/media\/100670"}],"wp:attachment":[{"href":"https:\/\/senoticias.com.br\/se\/wp-json\/wp\/v2\/media?parent=100669"}],"wp:term":[{"taxonomy":"category","embeddable":true,"href":"https:\/\/senoticias.com.br\/se\/wp-json\/wp\/v2\/categories?post=100669"},{"taxonomy":"post_tag","embeddable":true,"href":"https:\/\/senoticias.com.br\/se\/wp-json\/wp\/v2\/tags?post=100669"}],"curies":[{"name":"wp","href":"https:\/\/api.w.org\/{rel}","templated":true}]}}