{"id":100666,"date":"2017-02-15T19:39:33","date_gmt":"2017-02-15T22:39:33","guid":{"rendered":"http:\/\/senoticias.com.br\/se\/?p=100666"},"modified":"2017-02-15T19:55:11","modified_gmt":"2017-02-15T22:55:11","slug":"valadares-critica-privatizacao-da-deso-que-vai-gerar-aumento-de-tarifas-desemprego-e-uso-eleitoral-dos-recursos","status":"publish","type":"post","link":"https:\/\/senoticias.com.br\/se\/valadares-critica-privatizacao-da-deso-que-vai-gerar-aumento-de-tarifas-desemprego-e-uso-eleitoral-dos-recursos\/","title":{"rendered":"Valadares critica privatiza\u00e7\u00e3o da DESO que vai gerar aumento de tarifas, desemprego e uso eleitoral dos recursos"},"content":{"rendered":"<p style=\"text-align: justify;\">O senador Antonio Carlos Valadares (PSB-SE) subiu hoje a tribuna do Senado Federal para falar sobre a privatiza\u00e7\u00e3o da Companhia de Saneamento de Sergipe, a DESO. Valadares criticou a ideia do governador Jackson Barreto afirmando que a venda da estatal vai gerar aumento de tarifas, desemprego, al\u00e9m do uso eleitoral dos recursos.<\/p>\n<div id=\"attachment_100667\" style=\"width: 609px\" class=\"wp-caption aligncenter\"><img loading=\"lazy\" decoding=\"async\" aria-describedby=\"caption-attachment-100667\" class=\"size-full wp-image-100667\" src=\"http:\/\/senoticias.com.br\/se\/wp-content\/uploads\/2017\/02\/Senador-Valadares-SE-Noticias-e1487199289530.jpg\" alt=\"Valadares critica privatiza\u00e7\u00e3o da DESO. (Foto: ascom)\" width=\"599\" height=\"400\" \/><p id=\"caption-attachment-100667\" class=\"wp-caption-text\">Valadares critica privatiza\u00e7\u00e3o da DESO. (Foto: ascom)<\/p><\/div>\n<p style=\"text-align: justify;\">\u201cEm meio \u00e0 crise, a privatiza\u00e7\u00e3o de empresas estatais tem sido apresentada, por alguns governos estaduais, com a solu\u00e7\u00e3o para a melhoria da situa\u00e7\u00e3o fiscal. Em Sergipe, por\u00e9m, \u00e9 inadmiss\u00edvel que a privatiza\u00e7\u00e3o da DESO seja a estrat\u00e9gia escolhida pelo governo para fazer o ajuste das contas p\u00fablicas\u201d, defendeu.<\/p>\n<p style=\"text-align: justify;\">Para Valadares, uma gest\u00e3o s\u00e9ria optaria, antes, pela redu\u00e7\u00e3o no n\u00famero de secretarias, de cargos comissionados, promoveria o uso mais eficiente dos recursos p\u00fablicos, antes de vender suas empresas. \u201cN\u00e3o \u00e9 \u00e0 toa que a d\u00edvida de Sergipe j\u00e1 superou os R$ 6 bilh\u00f5es. O Governo do Estado age sem responsabilidade. Os recursos que quer obter com a venda da DESO servir\u00e3o, apenas, para cobrir o rombo que ele est\u00e1 criando nas contas p\u00fablicas\u201d, disse.<\/p>\n<p style=\"text-align: justify;\">O senador lembrou que das condi\u00e7\u00f5es da estatal. \u201cA DESO vem sendo sucateada. Entre 2007 e 2014, a d\u00edvida da companhia cresceu mais de 2.000%\u201d, disse. Para o senador o Governo de Sergipe deveria investir em uma melhor gest\u00e3o da empresa. \u201cN\u00e3o \u00e9 conceb\u00edvel, por exemplo, que a empresa perca 50% da sua \u00e1gua tratada com vazamentos nas suas esta\u00e7\u00f5es, por falta de manuten\u00e7\u00e3o preventiva. Hoje, a empresa tem um faturamento de R$ 47 milh\u00f5es, mas esse valor podia chegar a R$ 60 milh\u00f5es se trabalhar para evitar o desperd\u00edcio\u201d, destacou.<\/p>\n<p style=\"text-align: justify;\">Entre os riscos do processo de privatiza\u00e7\u00e3o, Valadares destacou a demiss\u00e3o dos mais 1.600 trabalhadores, o fim da tarifa social para milhares de pessoas e o aumento da tarifa que deve triplicar. O senador salientou que esse aumento nas tarifas vai prejudicar diretamente a industrializa\u00e7\u00e3o no interior, j\u00e1 que a empresa atende mais de 50 pequenas e m\u00e9dias f\u00e1bricas de derivados de leite que, somados, processam mais de 500 mil litros de leite por dia. \u201cPara cada litro de leite processado, s\u00e3o necess\u00e1rios 3 litros de \u00e1gua tratada. Dessa forma, a produ\u00e7\u00e3o ser\u00e1 inviabilizada, gerando desemprego, inclusive, para o pequeno produtor de leite, que j\u00e1 n\u00e3o ter\u00e1 a ind\u00fastria para comprar sua produ\u00e7\u00e3o\u201d, disse.<\/p>\n<p style=\"text-align: justify;\">Valadares lembrou que os sergipanos tiveram uma experi\u00eancia nefasta com a venda da Empresa Energ\u00e9tica de Sergipe (Energipe), que n\u00e3o trouxe nenhum benef\u00edcio pra Sergipe \u201cA privatiza\u00e7\u00e3o gerou um aumento em mais de 200% e n\u00e3o trouxe nenhum benef\u00edcio para os consumidores\u201d, afirmou.<\/p>\n<p style=\"text-align: justify;\">O senador conclui afirmando que a situa\u00e7\u00e3o \u00e9 muito grave. \u201cN\u00e3o vou deixar que o patrim\u00f4nio dos sergipanos seja usado eleitoralmente, prejudicando a vida j\u00e1 t\u00e3o dif\u00edcil do nosso povo\u201d, afirmou.<img loading=\"lazy\" decoding=\"async\" class=\"aligncenter size-full wp-image-100543\" src=\"http:\/\/senoticias.com.br\/se\/wp-content\/uploads\/2017\/02\/Logo-fone-1-2-1-2-3.jpg\" alt=\"SENOTICIAS\" width=\"599\" height=\"78\" srcset=\"https:\/\/senoticias.com.br\/se\/wp-content\/uploads\/2017\/02\/Logo-fone-1-2-1-2-3.jpg 599w, https:\/\/senoticias.com.br\/se\/wp-content\/uploads\/2017\/02\/Logo-fone-1-2-1-2-3-300x39.jpg 300w\" sizes=\"(max-width: 599px) 100vw, 599px\" \/><\/p>\n<p style=\"text-align: justify;\"><em><strong>Acompanhe tamb\u00e9m o SE Not\u00edcias no <a href=\"https:\/\/twitter.com\/Senoticias\">Twitter<\/a>, <a href=\"https:\/\/www.facebook.com\/PortalSENoticias\/\">Facebook <\/a>e no <a href=\"https:\/\/www.instagram.com\/senoticias\/\">Instagram<\/a><\/strong><\/em><\/p>\n<p>Por Assessoria de Imprensa (Bras\u00edlia-DF)<\/p>\n","protected":false},"excerpt":{"rendered":"<p>O senador Antonio Carlos Valadares (PSB-SE) subiu hoje a tribuna do Senado Federal para falar sobre a privatiza\u00e7\u00e3o da Companhia de Saneamento de Sergipe, a DESO. Valadares criticou a ideia do governador Jackson Barreto afirmando que a venda da estatal vai gerar aumento de tarifas, desemprego, al\u00e9m do uso eleitoral dos recursos. \u201cEm meio \u00e0 [&hellip;]<\/p>\n","protected":false},"author":2,"featured_media":100667,"comment_status":"closed","ping_status":"closed","sticky":false,"template":"","format":"standard","meta":{"footnotes":""},"categories":[15],"tags":[],"class_list":{"0":"post-100666","1":"post","2":"type-post","3":"status-publish","4":"format-standard","5":"has-post-thumbnail","7":"category-destaques"},"_links":{"self":[{"href":"https:\/\/senoticias.com.br\/se\/wp-json\/wp\/v2\/posts\/100666"}],"collection":[{"href":"https:\/\/senoticias.com.br\/se\/wp-json\/wp\/v2\/posts"}],"about":[{"href":"https:\/\/senoticias.com.br\/se\/wp-json\/wp\/v2\/types\/post"}],"author":[{"embeddable":true,"href":"https:\/\/senoticias.com.br\/se\/wp-json\/wp\/v2\/users\/2"}],"replies":[{"embeddable":true,"href":"https:\/\/senoticias.com.br\/se\/wp-json\/wp\/v2\/comments?post=100666"}],"version-history":[{"count":0,"href":"https:\/\/senoticias.com.br\/se\/wp-json\/wp\/v2\/posts\/100666\/revisions"}],"wp:featuredmedia":[{"embeddable":true,"href":"https:\/\/senoticias.com.br\/se\/wp-json\/wp\/v2\/media\/100667"}],"wp:attachment":[{"href":"https:\/\/senoticias.com.br\/se\/wp-json\/wp\/v2\/media?parent=100666"}],"wp:term":[{"taxonomy":"category","embeddable":true,"href":"https:\/\/senoticias.com.br\/se\/wp-json\/wp\/v2\/categories?post=100666"},{"taxonomy":"post_tag","embeddable":true,"href":"https:\/\/senoticias.com.br\/se\/wp-json\/wp\/v2\/tags?post=100666"}],"curies":[{"name":"wp","href":"https:\/\/api.w.org\/{rel}","templated":true}]}}