{"id":100664,"date":"2017-02-15T15:50:26","date_gmt":"2017-02-15T18:50:26","guid":{"rendered":"http:\/\/senoticias.com.br\/se\/?p=100664"},"modified":"2017-02-15T15:52:02","modified_gmt":"2017-02-15T18:52:02","slug":"empressa-de-contabilidade-publica-promove-o-i-encontro-de-legislativos-municipais","status":"publish","type":"post","link":"https:\/\/senoticias.com.br\/se\/empressa-de-contabilidade-publica-promove-o-i-encontro-de-legislativos-municipais\/","title":{"rendered":"Empressa de Contabilidade P\u00fablica promove o I Encontro de Legislativos Municipais"},"content":{"rendered":"<p>&nbsp;<\/p>\n<p style=\"text-align: justify;\">A Empresa de Consultoria e Assessoria T\u00e9cnica em Contabilidade (CAT), promove nesta quinta-feira (16), no Agu\u00e1rios Praia Hotel, em Aracaju, o I Encontro de Legislativos Municipais de capacita\u00e7\u00e3o para vereadores e assessores do poder legislativo.<\/p>\n<div id=\"attachment_100665\" style=\"width: 607px\" class=\"wp-caption aligncenter\"><img loading=\"lazy\" decoding=\"async\" aria-describedby=\"caption-attachment-100665\" class=\"size-full wp-image-100665\" src=\"http:\/\/senoticias.com.br\/se\/wp-content\/uploads\/2017\/02\/Curso-CAT-SENOTICIAS.jpeg\" alt=\"O curso ser\u00e1 ministrado por profissionais da pela empresa CAT. \" width=\"597\" height=\"709\" srcset=\"https:\/\/senoticias.com.br\/se\/wp-content\/uploads\/2017\/02\/Curso-CAT-SENOTICIAS.jpeg 597w, https:\/\/senoticias.com.br\/se\/wp-content\/uploads\/2017\/02\/Curso-CAT-SENOTICIAS-253x300.jpeg 253w\" sizes=\"(max-width: 597px) 100vw, 597px\" \/><p id=\"caption-attachment-100665\" class=\"wp-caption-text\">O curso ser\u00e1 ministrado por profissionais da empresa CAT.<\/p><\/div>\n<p style=\"text-align: justify;\">O curso tem como objetivo principal de orientar, preparar e capacitar os parlamentares e os profissionais que comp\u00f5e o legislativo dos munic\u00edpios.<\/p>\n<p style=\"text-align: justify;\">O curso ser\u00e1 ministrado pelo servidor da empresa de Consultoria, Assessoria e Contabilidade P\u00fablica (CAT), Jos\u00e9 Valmir dos Passos e pelo advogado Jo\u00e3o Bosco Freitas Lima.<\/p>\n<p style=\"text-align: justify;\"><img loading=\"lazy\" decoding=\"async\" class=\"aligncenter size-full wp-image-100543\" src=\"http:\/\/senoticias.com.br\/se\/wp-content\/uploads\/2017\/02\/Logo-fone-1-2-1-2-3.jpg\" alt=\"SENOTICIAS\" width=\"599\" height=\"78\" srcset=\"https:\/\/senoticias.com.br\/se\/wp-content\/uploads\/2017\/02\/Logo-fone-1-2-1-2-3.jpg 599w, https:\/\/senoticias.com.br\/se\/wp-content\/uploads\/2017\/02\/Logo-fone-1-2-1-2-3-300x39.jpg 300w\" sizes=\"(max-width: 599px) 100vw, 599px\" \/><\/p>\n<p style=\"text-align: justify;\"><strong>Acompanhe tamb\u00e9m o SE Not\u00edcias no<\/strong><strong>\u00a0<\/strong><strong><a href=\"https:\/\/twitter.com\/Senoticias\">Twitter<\/a>,<\/strong><strong>\u00a0<\/strong><strong><a href=\"https:\/\/www.facebook.com\/senoticias1\">Facebook<\/a><\/strong><strong>\u00a0<\/strong><strong>e no<\/strong><a href=\"https:\/\/www.instagram.com\/senoticias\/\"><strong>\u00a0<\/strong><strong>Instagram<\/strong><\/a><\/p>\n","protected":false},"excerpt":{"rendered":"<p>&nbsp; A Empresa de Consultoria e Assessoria T\u00e9cnica em Contabilidade (CAT), promove nesta quinta-feira (16), no Agu\u00e1rios Praia Hotel, em Aracaju, o I Encontro de Legislativos Municipais de capacita\u00e7\u00e3o para vereadores e assessores do poder legislativo. O curso tem como objetivo principal de orientar, preparar e capacitar os parlamentares e os profissionais que comp\u00f5e o [&hellip;]<\/p>\n","protected":false},"author":2,"featured_media":100665,"comment_status":"closed","ping_status":"closed","sticky":false,"template":"","format":"standard","meta":{"footnotes":""},"categories":[45],"tags":[],"class_list":{"0":"post-100664","1":"post","2":"type-post","3":"status-publish","4":"format-standard","5":"has-post-thumbnail","7":"category-tecnologia"},"_links":{"self":[{"href":"https:\/\/senoticias.com.br\/se\/wp-json\/wp\/v2\/posts\/100664"}],"collection":[{"href":"https:\/\/senoticias.com.br\/se\/wp-json\/wp\/v2\/posts"}],"about":[{"href":"https:\/\/senoticias.com.br\/se\/wp-json\/wp\/v2\/types\/post"}],"author":[{"embeddable":true,"href":"https:\/\/senoticias.com.br\/se\/wp-json\/wp\/v2\/users\/2"}],"replies":[{"embeddable":true,"href":"https:\/\/senoticias.com.br\/se\/wp-json\/wp\/v2\/comments?post=100664"}],"version-history":[{"count":0,"href":"https:\/\/senoticias.com.br\/se\/wp-json\/wp\/v2\/posts\/100664\/revisions"}],"wp:featuredmedia":[{"embeddable":true,"href":"https:\/\/senoticias.com.br\/se\/wp-json\/wp\/v2\/media\/100665"}],"wp:attachment":[{"href":"https:\/\/senoticias.com.br\/se\/wp-json\/wp\/v2\/media?parent=100664"}],"wp:term":[{"taxonomy":"category","embeddable":true,"href":"https:\/\/senoticias.com.br\/se\/wp-json\/wp\/v2\/categories?post=100664"},{"taxonomy":"post_tag","embeddable":true,"href":"https:\/\/senoticias.com.br\/se\/wp-json\/wp\/v2\/tags?post=100664"}],"curies":[{"name":"wp","href":"https:\/\/api.w.org\/{rel}","templated":true}]}}