{"id":100662,"date":"2017-02-15T15:10:42","date_gmt":"2017-02-15T18:10:42","guid":{"rendered":"http:\/\/senoticias.com.br\/se\/?p=100662"},"modified":"2017-02-15T15:10:42","modified_gmt":"2017-02-15T18:10:42","slug":"derof-divulga-video-com-acao-de-assaltantes-em-hospital-da-capital","status":"publish","type":"post","link":"https:\/\/senoticias.com.br\/se\/derof-divulga-video-com-acao-de-assaltantes-em-hospital-da-capital\/","title":{"rendered":"Derof divulga v\u00eddeo com a\u00e7\u00e3o de assaltantes em hospital da capital"},"content":{"rendered":"<p style=\"text-align: justify;\">A Delegacia de Roubos e Furtos da Pol\u00edcia Civil (Derof) divulga na manh\u00e3 desta quarta-feira, 15, imagens de dois homens que roubaram pertences de funcion\u00e1rios de um hospital particular localizado no bairro S\u00e3o Jos\u00e9, em Aracaju. O crime ocorreu na noite da \u00faltima sexta-feira, 10.<\/p>\n<p style=\"text-align: justify;\">\n<p style=\"text-align: justify;\">O v\u00eddeo mostra o momento em que um dos indiv\u00edduos entra no referido hospital aproveitando uma falha da seguran\u00e7a. Em\u00a0posse de uma arma de fogo\u00a0o suspeito rende funcion\u00e1rios, subtraindo pertences, a exemplo de aparelhos de telefone celular. J\u00e1 o outro v\u00eddeo, respons\u00e1vel por registrar imagens da parte externa do hospital,\u00a0mostra a atua\u00e7\u00e3o do segundo envolvido, respons\u00e1vel por dar fuga. Ele aguarda a sa\u00edda do comparsa para, em seguida, empreender fuga utilizando uma motocicleta.<\/p>\n<p>&nbsp;<\/p>\n<p style=\"text-align: justify;\">O caso est\u00e1 sendo investigado pela Delegacia de Roubos e Furtos (Derof), por meio da delegada Juliana Alcoforado.<\/p>\n<div id=\"attachment_100663\" style=\"width: 609px\" class=\"wp-caption aligncenter\"><img loading=\"lazy\" decoding=\"async\" aria-describedby=\"caption-attachment-100663\" class=\"size-full wp-image-100663\" src=\"http:\/\/senoticias.com.br\/se\/wp-content\/uploads\/2017\/02\/Suspeitos-de-assaltos-na-capital-SE-Noticias-e1487182153218.jpg\" alt=\"Crime ocorreu na noite da \u00faltima sexta-feira, 10, no S\u00e3o Lucas. (Foto: SSP\/SE)\" width=\"599\" height=\"365\" \/><p id=\"caption-attachment-100663\" class=\"wp-caption-text\">Crime ocorreu na noite da \u00faltima sexta-feira, 10, no S\u00e3o Lucas. (Foto: SSP\/SE)<\/p><\/div>\n<p style=\"text-align: justify;\">Atualmente \u00a0<a href=\"http:\/\/www.ssp.se.gov.br\/ver_video.php?id_video=33&amp;chave=be1319de444710f17f13e5b5843d1848\">as imagens do crime podem ser vistas na \u00e1rea denominada \u201cIdentifique e Denuncie criminosos\u201d, <\/a><strong><strong><a href=\"http:\/\/www.ssp.se.gov.br\/ver_video.php?id_video=33&amp;chave=be1319de444710f17f13e5b5843d1848\">com o t\u00edtulo Roubo a hospital da capital&#8221;\u00a0<\/a>.<\/strong><\/strong> A \u00e1rea \u00e9 reservada no site da SSP (<a href=\"http:\/\/www.ssp.se.gov.br\/\">www.ssp.se.gov.br<\/a>) para divulgar registros fotogr\u00e1ficos e sequ\u00eancia de imagens de c\u00e2meras de seguran\u00e7a de estabelecimentos comerciais que exibam os autores de cometimento de delitos, sejam eles furto, roubo, homic\u00eddio, latroc\u00ednio ou qualquer outra tipifica\u00e7\u00e3o criminal. L\u00e1, a popula\u00e7\u00e3o poder\u00e1 visualizar os v\u00eddeos e ajudar o trabalho da pol\u00edcia.<\/p>\n<p style=\"text-align: justify;\">\n<p style=\"text-align: justify;\">Para divulga\u00e7\u00e3o dos v\u00eddeos, basta o servidor respons\u00e1vel procurar a Assessoria de Comunica\u00e7\u00e3o Social da SSP. Qualquer den\u00fancia pode ser feita pelo Disque-Den\u00fancia 181 ou pelo Aplicativo Disque-Den\u00fancia SE.<\/p>\n<p style=\"text-align: justify;\"><img loading=\"lazy\" decoding=\"async\" class=\"aligncenter size-full wp-image-100543\" src=\"http:\/\/senoticias.com.br\/se\/wp-content\/uploads\/2017\/02\/Logo-fone-1-2-1-2-3.jpg\" alt=\"SENOTICIAS\" width=\"599\" height=\"78\" srcset=\"https:\/\/senoticias.com.br\/se\/wp-content\/uploads\/2017\/02\/Logo-fone-1-2-1-2-3.jpg 599w, https:\/\/senoticias.com.br\/se\/wp-content\/uploads\/2017\/02\/Logo-fone-1-2-1-2-3-300x39.jpg 300w\" sizes=\"(max-width: 599px) 100vw, 599px\" \/><\/p>\n<p style=\"text-align: justify;\"><strong>Acompanhe tamb\u00e9m o SE Not\u00edcias no <a href=\"https:\/\/twitter.com\/Senoticias\">Twitter<\/a>, <a href=\"https:\/\/www.facebook.com\/PortalSENoticias\/\">Facebook <\/a>e no <a href=\"https:\/\/www.instagram.com\/senoticias\/\">Instagram<\/a><\/strong><\/p>\n<p style=\"text-align: justify;\"><em>Ascom\/SSP\/SE<\/em><\/p>\n","protected":false},"excerpt":{"rendered":"<p>A Delegacia de Roubos e Furtos da Pol\u00edcia Civil (Derof) divulga na manh\u00e3 desta quarta-feira, 15, imagens de dois homens que roubaram pertences de funcion\u00e1rios de um hospital particular localizado no bairro S\u00e3o Jos\u00e9, em Aracaju. O crime ocorreu na noite da \u00faltima sexta-feira, 10. O v\u00eddeo mostra o momento em que um dos indiv\u00edduos [&hellip;]<\/p>\n","protected":false},"author":2,"featured_media":100663,"comment_status":"closed","ping_status":"closed","sticky":false,"template":"","format":"standard","meta":{"footnotes":""},"categories":[15],"tags":[],"class_list":{"0":"post-100662","1":"post","2":"type-post","3":"status-publish","4":"format-standard","5":"has-post-thumbnail","7":"category-destaques"},"_links":{"self":[{"href":"https:\/\/senoticias.com.br\/se\/wp-json\/wp\/v2\/posts\/100662"}],"collection":[{"href":"https:\/\/senoticias.com.br\/se\/wp-json\/wp\/v2\/posts"}],"about":[{"href":"https:\/\/senoticias.com.br\/se\/wp-json\/wp\/v2\/types\/post"}],"author":[{"embeddable":true,"href":"https:\/\/senoticias.com.br\/se\/wp-json\/wp\/v2\/users\/2"}],"replies":[{"embeddable":true,"href":"https:\/\/senoticias.com.br\/se\/wp-json\/wp\/v2\/comments?post=100662"}],"version-history":[{"count":0,"href":"https:\/\/senoticias.com.br\/se\/wp-json\/wp\/v2\/posts\/100662\/revisions"}],"wp:featuredmedia":[{"embeddable":true,"href":"https:\/\/senoticias.com.br\/se\/wp-json\/wp\/v2\/media\/100663"}],"wp:attachment":[{"href":"https:\/\/senoticias.com.br\/se\/wp-json\/wp\/v2\/media?parent=100662"}],"wp:term":[{"taxonomy":"category","embeddable":true,"href":"https:\/\/senoticias.com.br\/se\/wp-json\/wp\/v2\/categories?post=100662"},{"taxonomy":"post_tag","embeddable":true,"href":"https:\/\/senoticias.com.br\/se\/wp-json\/wp\/v2\/tags?post=100662"}],"curies":[{"name":"wp","href":"https:\/\/api.w.org\/{rel}","templated":true}]}}