{"id":100659,"date":"2017-02-15T14:48:25","date_gmt":"2017-02-15T17:48:25","guid":{"rendered":"http:\/\/senoticias.com.br\/se\/?p=100659"},"modified":"2017-02-15T14:48:25","modified_gmt":"2017-02-15T17:48:25","slug":"um-morto-e-tres-presos-durante-operacao-da-policia-civil-em-itabaiana","status":"publish","type":"post","link":"https:\/\/senoticias.com.br\/se\/um-morto-e-tres-presos-durante-operacao-da-policia-civil-em-itabaiana\/","title":{"rendered":"Um morto e tr\u00eas presos durante opera\u00e7\u00e3o da Pol\u00edcia Civil em Itabaiana"},"content":{"rendered":"<p style=\"text-align: justify;\">Na madrugada desta quarta-feira, 15, a pol\u00edcia civil deflagrou na cidade de Itabaiana uma opera\u00e7\u00e3o com finalidade de coibir o tr\u00e1fico de drogas.<\/p>\n<div id=\"attachment_100660\" style=\"width: 609px\" class=\"wp-caption aligncenter\"><img loading=\"lazy\" decoding=\"async\" aria-describedby=\"caption-attachment-100660\" class=\"size-full wp-image-100660\" src=\"http:\/\/senoticias.com.br\/se\/wp-content\/uploads\/2017\/02\/TRES-PRESOS-EM-ITABAIANA-SENOTICIAS-e1487180794317.jpg\" alt=\"A opera\u00e7\u00e3o intitulada Anti-mest\u00e1stase resultou na morte  de um suspeito e na pris\u00e3o de tr\u00eas. (Foto: SSP\/SE) \" width=\"599\" height=\"337\" \/><p id=\"caption-attachment-100660\" class=\"wp-caption-text\">A opera\u00e7\u00e3o intitulada Anti-mest\u00e1stase resultou na morte de um suspeito e na pris\u00e3o de tr\u00eas. (Foto: SSP\/SE)<\/p><\/div>\n<p style=\"text-align: justify;\">Na opera\u00e7\u00e3o intitulada &#8220;Anti-mest\u00e1stase&#8221; ocorreram tr\u00eas pris\u00f5es:\u00a0Karolyne Aparecida Melo Oliveira, 23 anos, nas imedia\u00e7\u00f5es da Rua Nova; e Cristiano dos Santos, 29, no povoado Rio das Pedras, sendo que nestas duas primeiras foi apreendida uma quantidade significativa de maconha e crack. Em seguida, os agentes foram cumprir o mandado de busca e apreens\u00e3o na resid\u00eancia de Alessandro dos Santos Maciel\u00a0no bairro S\u00e3o Crist\u00f3v\u00e3o, onde conseguiram apreender 36 papelotes de maconha, cerca de R$ 64,00, um rev\u00f3lver calibre .38 e 16 muni\u00e7\u00f5es.<\/p>\n<p style=\"text-align: justify;\">Durante a a\u00e7\u00e3o policial, Alessandro que j\u00e1 tinha passado pelo sistema prisional por trafico de drogas, efetuou disparos contra os policiais o que ocasionou um confronto que resultou na morte do suspeito. Alessandro ainda chegou a ser encaminhado ao Hospital Regional da cidade de Itabaiana mas n\u00e3o resistiu, o homem tinha 30 anos e era natural de Aracaju.<\/p>\n<p style=\"text-align: justify;\">A Anti-met\u00e1stase&#8221; foi coordenada pelos delegados F\u00e1bio Santana, Cledson Ferreira e Lauana Guedes com aux\u00edlio de cerca de oito policiais civis lotados na Delegacia Regional de Itabaiana.<\/p>\n<p style=\"text-align: justify;\"><img loading=\"lazy\" decoding=\"async\" class=\"aligncenter size-full wp-image-100543\" src=\"http:\/\/senoticias.com.br\/se\/wp-content\/uploads\/2017\/02\/Logo-fone-1-2-1-2-3.jpg\" alt=\"SENOTICIAS\" width=\"599\" height=\"78\" srcset=\"https:\/\/senoticias.com.br\/se\/wp-content\/uploads\/2017\/02\/Logo-fone-1-2-1-2-3.jpg 599w, https:\/\/senoticias.com.br\/se\/wp-content\/uploads\/2017\/02\/Logo-fone-1-2-1-2-3-300x39.jpg 300w\" sizes=\"(max-width: 599px) 100vw, 599px\" \/><\/p>\n<p style=\"text-align: justify;\">\n<p style=\"text-align: justify;\"><strong>Acompanhe tamb\u00e9m o SE Not\u00edcias no <a href=\"https:\/\/twitter.com\/Senoticias\">Twitter<\/a>, <a href=\"https:\/\/www.facebook.com\/PortalSENoticias\/\">Facebook <\/a>e no <a href=\"https:\/\/www.instagram.com\/senoticias\/\">Instagram<\/a><\/strong><\/p>\n<p style=\"text-align: justify;\"><em>Da ascom\/SSP\/SE<\/em><\/p>\n","protected":false},"excerpt":{"rendered":"<p>Na madrugada desta quarta-feira, 15, a pol\u00edcia civil deflagrou na cidade de Itabaiana uma opera\u00e7\u00e3o com finalidade de coibir o tr\u00e1fico de drogas. Na opera\u00e7\u00e3o intitulada &#8220;Anti-mest\u00e1stase&#8221; ocorreram tr\u00eas pris\u00f5es:\u00a0Karolyne Aparecida Melo Oliveira, 23 anos, nas imedia\u00e7\u00f5es da Rua Nova; e Cristiano dos Santos, 29, no povoado Rio das Pedras, sendo que nestas duas primeiras [&hellip;]<\/p>\n","protected":false},"author":2,"featured_media":100660,"comment_status":"closed","ping_status":"closed","sticky":false,"template":"","format":"standard","meta":{"footnotes":""},"categories":[15,7],"tags":[],"class_list":{"0":"post-100659","1":"post","2":"type-post","3":"status-publish","4":"format-standard","5":"has-post-thumbnail","7":"category-destaques","8":"category-policia"},"_links":{"self":[{"href":"https:\/\/senoticias.com.br\/se\/wp-json\/wp\/v2\/posts\/100659"}],"collection":[{"href":"https:\/\/senoticias.com.br\/se\/wp-json\/wp\/v2\/posts"}],"about":[{"href":"https:\/\/senoticias.com.br\/se\/wp-json\/wp\/v2\/types\/post"}],"author":[{"embeddable":true,"href":"https:\/\/senoticias.com.br\/se\/wp-json\/wp\/v2\/users\/2"}],"replies":[{"embeddable":true,"href":"https:\/\/senoticias.com.br\/se\/wp-json\/wp\/v2\/comments?post=100659"}],"version-history":[{"count":0,"href":"https:\/\/senoticias.com.br\/se\/wp-json\/wp\/v2\/posts\/100659\/revisions"}],"wp:featuredmedia":[{"embeddable":true,"href":"https:\/\/senoticias.com.br\/se\/wp-json\/wp\/v2\/media\/100660"}],"wp:attachment":[{"href":"https:\/\/senoticias.com.br\/se\/wp-json\/wp\/v2\/media?parent=100659"}],"wp:term":[{"taxonomy":"category","embeddable":true,"href":"https:\/\/senoticias.com.br\/se\/wp-json\/wp\/v2\/categories?post=100659"},{"taxonomy":"post_tag","embeddable":true,"href":"https:\/\/senoticias.com.br\/se\/wp-json\/wp\/v2\/tags?post=100659"}],"curies":[{"name":"wp","href":"https:\/\/api.w.org\/{rel}","templated":true}]}}