{"id":100657,"date":"2017-02-15T14:33:37","date_gmt":"2017-02-15T17:33:37","guid":{"rendered":"http:\/\/senoticias.com.br\/se\/?p=100657"},"modified":"2017-02-15T14:33:37","modified_gmt":"2017-02-15T17:33:37","slug":"edvaldo-camara-de-vereadores-sera-aliada-fundamental-na-reconstrucao-de-aracaju","status":"publish","type":"post","link":"https:\/\/senoticias.com.br\/se\/edvaldo-camara-de-vereadores-sera-aliada-fundamental-na-reconstrucao-de-aracaju\/","title":{"rendered":"Edvaldo: C\u00e2mara de Vereadores ser\u00e1 aliada fundamental na reconstru\u00e7\u00e3o de Aracaju"},"content":{"rendered":"<p style=\"text-align: justify;\">Uma mensagem baseada na uni\u00e3o, na converg\u00eancia de interesses pelo bem da cidade e no di\u00e1logo construtivo entre os poderes Executivo e Legislativo. Foi desta forma que o prefeito Edvaldo Nogueira compareceu, nesta quarta-feira (15), \u00e0 sess\u00e3o de abertura dos trabalhos da C\u00e2mara de Vereadores de Aracaju. Em seu discurso, ele fez um balan\u00e7o dos primeiros 45 dias de seu mandato e estabeleceu as perspectivas para o primeiro ano do seu governo.<\/p>\n<div id=\"attachment_100658\" style=\"width: 609px\" class=\"wp-caption aligncenter\"><img loading=\"lazy\" decoding=\"async\" aria-describedby=\"caption-attachment-100658\" class=\"size-full wp-image-100658\" src=\"http:\/\/senoticias.com.br\/se\/wp-content\/uploads\/2017\/02\/Edvaldo-Nogueira-SE-Noticias-e1487179919939.jpg\" alt=\"C\u00e2mara de Vereadores ser\u00e1 aliada fundamental na reconstru\u00e7\u00e3o de Aracaju. (Foto: Jana\u00edna Santos)\" width=\"599\" height=\"427\" \/><p id=\"caption-attachment-100658\" class=\"wp-caption-text\">C\u00e2mara de Vereadores ser\u00e1 aliada fundamental na reconstru\u00e7\u00e3o de Aracaju. (Foto: Jana\u00edna Santos)<\/p><\/div>\n<p style=\"text-align: justify;\">\n<p>Acompanhado da vice-prefeita Eliane Aquino e dos secret\u00e1rios municipais, o chefe do Executivo Municipal se colocou \u00e0 disposi\u00e7\u00e3o da C\u00e2mara e pediu a colabora\u00e7\u00e3o dos vereadores na reconstru\u00e7\u00e3o da cidade. \u201cEm todos os meus anos como prefeito, sempre tive nesta C\u00e2mara de Vereadores uma aliada fundamental para o sucesso da minha administra\u00e7\u00e3o. Sei do compromisso de cada um dos senhores e das senhoras com a reconstru\u00e7\u00e3o da cidade que amamos. Por isso estou confiante. A colabora\u00e7\u00e3o da C\u00e2mara ser\u00e1 imprescind\u00edvel e inestim\u00e1vel\u201d, afirmou o prefeito.<\/p>\n<p>Ele refor\u00e7ou os valores que nortear\u00e3o o relacionamento da prefeitura com os parlamentares. \u201cNesses 45 dias, mostramos que podemos governar com consenso, de maneira democr\u00e1tica, respeitosa, a partir do momento em que sabemos o que queremos fazer e como fazer. Sei que, gra\u00e7as a Deus, eu n\u00e3o estou sozinho. E n\u00e3o me refiro apenas \u00e0 minha vice, companheira de esfor\u00e7o e de trabalho Eliane Aquino, nem ao secretariado que divide comigo as inquieta\u00e7\u00f5es e a disposi\u00e7\u00e3o para o trabalho. Sei que posso contar com a C\u00e2mara. \u00c9 nisso que eu acredito. Na uni\u00e3o de todos. Na converg\u00eancia dos melhores interesses pelo bem da cidade. No di\u00e1logo construtivo que, da vis\u00e3o plural e diversa com que uma cidade se faz, edifica algo novo, que nos faz avan\u00e7ar e ser melhor, sempre melhor\u201d, afirmou.<\/p>\n<p>O l\u00edder do governo municipal na C\u00e2mara, vereador Antonio Bittencourt, refor\u00e7ou a disposi\u00e7\u00e3o para o di\u00e1logo e a constru\u00e7\u00e3o de parcerias. \u201cVamos trabalhar na perspectiva de resolu\u00e7\u00e3o dos problemas da cidade e na constru\u00e7\u00e3o do consenso, baseados no sentimento de valoriza\u00e7\u00e3o da democracia e no fortalecimento da interlocu\u00e7\u00e3o entre os poderes e a sociedade\u201d, disse. O l\u00edder da oposi\u00e7\u00e3o, vereador Elber Batalha Filho, tamb\u00e9m defendeu a harmonia. \u201cN\u00e3o faremos a pol\u00edtica do \u2018quanto pior, melhor\u2019. A oposi\u00e7\u00e3o n\u00e3o precisa discordar de tudo. Podemos trabalhar com harmonia\u201d, refor\u00e7ou.<\/p>\n<p><b>Em 45 dias, solu\u00e7\u00f5es de muitos problemas<\/b><\/p>\n<p>Ao fazer um balan\u00e7o do in\u00edcio da sua administra\u00e7\u00e3o, Edvaldo Nogueira lembrou a situa\u00e7\u00e3o ca\u00f3tica em que encontrou a prefeitura da capital. \u201cNingu\u00e9m jamais teria o direito de dizer que n\u00e3o sabia que a Prefeitura de Aracaju, antes um modelo de gest\u00e3o e de compromisso social, estava numa situa\u00e7\u00e3o muito dif\u00edcil. Mas o que n\u00e3o sab\u00edamos \u00e9 que a situa\u00e7\u00e3o era ainda pior do que imagin\u00e1vamos. N\u00e3o se trata apenas da d\u00edvida astron\u00f4mica de R$ 540 milh\u00f5es, uma d\u00edvida acumulada sem que o povo aracajuano pudesse ver qualquer resultado positivo, mas o quadro encontrado foi de caos administrativo, de descontrole absoluto jamais visto. Servi\u00e7os essenciais foram interrompidos; pr\u00e9dios e equipamentos foram sucateados. O desrespeito ao servidor chegou a n\u00edveis alarmantes. Aracaju desceu a um patamar que nunca tinha vivido em toda a sua hist\u00f3ria\u201d, apontou.<\/p>\n<p>Mesmo diante desta situa\u00e7\u00e3o, afirmou o prefeito, a sua gest\u00e3o j\u00e1 conseguiu apresentar resultados \u201cque justificam a f\u00e9 do eleitor aracajuano\u201d. \u201cTodo o trabalho que realizamos ao longo dessas semanas pode ser resumido em uma frase simples: agora, Aracaju sabe que voltou a ter prefeito. Em pouco menos de um m\u00eas a cidade voltou a ser cuidada, e as pessoas entendem que a m\u00e1quina administrativa voltou a funcionar\u201d, destacou.<\/p>\n<p>Entre as a\u00e7\u00f5es positivas da nova administra\u00e7\u00e3o elencadas por Edvaldo Nogueira na sua mensagem aos vereadores est\u00e3o a regulariza\u00e7\u00e3o dos sal\u00e1rios dos servidores, o programa de limpeza p\u00fablica, a retomada de obras e interven\u00e7\u00f5es na cidade. \u201cCom um esfor\u00e7o sobre-humano, n\u00f3s estamos pagamos o 13\u00ba sal\u00e1rio e encontramos uma solu\u00e7\u00e3o, sem gerar preju\u00edzo ao servidor, para pagamento dos sal\u00e1rios de dezembro, que foram deixados pela gest\u00e3o anterior\u201d, frisou.<\/p>\n<p>Al\u00e9m disso, salientou o prefeito, ele pagou em dia os sal\u00e1rios de janeiro (o primeiro do seu governo) e tamb\u00e9m pagar\u00e1 os vencimentos de fevereiro dentro do calend\u00e1rio regular. \u201cIsso significa que estaremos pagando em dois meses quatro folhas salariais; e n\u00e3o \u00e9 demais lembrar que, h\u00e1 apenas dois meses, a Prefeitura de Aracaju n\u00e3o conseguia pagar, sequer, uma \u00fanica folha salarial. Conseguimos isso em tempo recorde, num per\u00edodo em que, acredito, nenhum outro prefeito em todo o pa\u00eds conseguiu\u201d, ressaltou Edvaldo, lembrando que, como prova do seu compromisso com o servidor, todo o recurso arrecado com o IPTU neste m\u00eas de fevereiro, ser\u00e1 destinado justamente para a folha de pagamento dos servidores.<\/p>\n<p>Sobre o IPTU, Edvaldo reafirmou seu compromisso em revogar o aumento anual de 30% estabelecido pelo governo anterior, que seria aplicado at\u00e9 2022. \u201cO aumento do IPTU, que impunha aos aracajuanos reajustes anuais progressivos de 30%, j\u00e1 n\u00e3o foi aplicado neste ano. Al\u00e9m disso, conforme me comprometi com os aracajuanos, instalei no primeiro m\u00eas do meu governo, uma comiss\u00e3o para avaliar este aumento extorsivo e para dar fim a essa verdadeira extors\u00e3o dos contribuintes. Iremos revogar o reajuste anual de 30%, que seria aplicado at\u00e9 2022. Espero contar com o apoio desta Casa no sentido de fazer com que o IPTU volte aos n\u00edveis da normalidade e do respeito ao bolso do cidad\u00e3o aracajuano\u201d, disse.<\/p>\n<p>Em rela\u00e7\u00e3o \u00e0 limpeza p\u00fablica, o prefeito destacou o trabalho realizado pelo programa \u201cAgora Aracaju Vai Ficar Limpa\u201d, que j\u00e1 recolheu quase 800 toneladas de lixo que estavam acumuladas h\u00e1 meses na cidade. Neste mesmo tema, Edvaldo lamentou a descontinuidade da coleta dom\u00e9stica do lixo, provocada por uma crise entre a empresa respons\u00e1vel pelo servi\u00e7o e seus funcion\u00e1rios. \u201c\u00c9 inadmiss\u00edvel que a popula\u00e7\u00e3o passe por esta situa\u00e7\u00e3o, que n\u00e3o foi provocada pelo nosso governo. Ao contr\u00e1rio disso, n\u00e3o estamos poupando esfor\u00e7os para resolver. Inclusive, antecipamos pagamentos \u00e0 empresa respons\u00e1vel pelo servi\u00e7o e a notificamos e multamos por ter deixado o problema se repetir. Felizmente, nesta quarta-feira, o servi\u00e7o voltou a ocorrer normalmente, ap\u00f3s a prefeitura ter feito mais um pagamento de quase R$ 1 milh\u00e3o \u00e0 empresa respons\u00e1vel pela coleta\u201d, informou.<\/p>\n<p>O gestor municipal tamb\u00e9m destacou as a\u00e7\u00f5es emergenciais realizadas nestes primeiros 45 dias. \u201cA Emurb tem se mostrado mais efetiva. Mesmo com um contingente reduzido, e em menos de um m\u00eas j\u00e1 foram registrados cerca de 10% a mais de pedidos que em todo o ano passado, como servi\u00e7os de desobstru\u00e7\u00e3o na rede de drenagem, limpeza de fossa e trabalho na malha vi\u00e1ria, al\u00e9m de reposi\u00e7\u00e3o de tampa de concreto, terraplenagem, recupera\u00e7\u00e3o de tubula\u00e7\u00e3o danificada e reconstru\u00e7\u00e3o de cal\u00e7adas, realizando servi\u00e7os em v\u00e1rios bairros. Tudo isso realizado de acordo com crit\u00e9rios t\u00e9cnicos, buscando sempre atender aos casos mais urgentes. Como foi a recupera\u00e7\u00e3o da avenida Euclides Figueiredo, em que, em menos de uma semana, corrigimos a canaliza\u00e7\u00e3o das \u00e1guas pluviais, limpamos a rede de drenagem e recompomos a base de um trecho de cerca de 500 metros da pista, com novo piso asf\u00e1ltico na avenida, melhorando sensivelmente o fluxo na regi\u00e3o e reduzindo os engarrafamentos\u201d, afirmou.<\/p>\n<p><b>Boas perspectivas<br \/>\n<\/b><br \/>\nEdvaldo Nogueira apontou para novas a\u00e7\u00f5es do seu governo. Uma delas \u00e9 o programa de seguran\u00e7a dos terminais de \u00f4nibus, desenvolvido pela Guarda Municipal. \u201cNesta semana, a Guarda deu in\u00edcio \u00e0 opera\u00e7\u00e3o Terminal Seguro, refor\u00e7ando o patrulhamento preventivo nos terminais de \u00f4nibus da cidade e em seus arredores nos hor\u00e1rios de maior fluxo. Al\u00e9m disso, guardi\u00f5es dos grupamentos da Ronda da Capital, da Ronda dos Mercados, do Grupo T\u00e1tico Operacional e do Grupamento Especializado de Motopatrulhamento se revezar\u00e3o nas rondas de combate aos assaltos e ao tr\u00e1fico de drogas em hor\u00e1rios espec\u00edficos, escolhidos ap\u00f3s levantamento de dados do setor de estat\u00edsticas da GMA, Setransp e Pol\u00edcia Civil\u201d, detalhou.<\/p>\n<p>Ele tamb\u00e9m citou a melhora dos servi\u00e7os nas unidades b\u00e1sicas de sa\u00fade, com a regulariza\u00e7\u00e3o do fornecimento de rem\u00e9dios, materiais e equipamento, e destacou as a\u00e7\u00f5es da pasta da Assist\u00eancia Social, comandada pela vice-prefeita Eliane Aquino, que regularizou o pagamento do aux\u00edlio-moradia e retomou o di\u00e1logo da prefeitura com os movimentos sociais. O prefeito ainda anunciou que trabalhar\u00e1 ao longo deste ano para a implanta\u00e7\u00e3o do Plano de Mobilidade Urbana e para a licita\u00e7\u00e3o do lixo.<\/p>\n<p>Estiveram presentes na sess\u00e3o os secret\u00e1rios Carlos Cau\u00ea, Augusto F\u00e1bio, Luciano Correia, Silvio Santos, Jorge Ara\u00fajo Filho, Net\u00f4nio Machado, Alexandre Figueiredo, Arist\u00f3teles Fernandes, S\u00e9rgio Ferrari, Augusto C\u00e9sar Viana, Luiz Roberto, Fernando Mendon\u00e7a e Mendon\u00e7a Prado.<\/p>\n<p style=\"text-align: justify;\"><img loading=\"lazy\" decoding=\"async\" class=\"aligncenter size-full wp-image-100543\" src=\"http:\/\/senoticias.com.br\/se\/wp-content\/uploads\/2017\/02\/Logo-fone-1-2-1-2-3.jpg\" alt=\"SENOTICIAS\" width=\"599\" height=\"78\" srcset=\"https:\/\/senoticias.com.br\/se\/wp-content\/uploads\/2017\/02\/Logo-fone-1-2-1-2-3.jpg 599w, https:\/\/senoticias.com.br\/se\/wp-content\/uploads\/2017\/02\/Logo-fone-1-2-1-2-3-300x39.jpg 300w\" sizes=\"(max-width: 599px) 100vw, 599px\" \/><\/p>\n<p style=\"text-align: justify;\"><strong>Acompanhe tamb\u00e9m o SE Not\u00edcias no <a href=\"https:\/\/twitter.com\/Senoticias\">Twitter<\/a>, <a href=\"https:\/\/www.facebook.com\/PortalSENoticias\/\">Facebook <\/a>e no <a href=\"https:\/\/www.instagram.com\/senoticias\/\">Instagram<\/a><\/strong><\/p>\n<p style=\"text-align: justify;\"><em>Ascom\/Edvaldo Nogueira<\/em><\/p>\n","protected":false},"excerpt":{"rendered":"<p>Uma mensagem baseada na uni\u00e3o, na converg\u00eancia de interesses pelo bem da cidade e no di\u00e1logo construtivo entre os poderes Executivo e Legislativo. Foi desta forma que o prefeito Edvaldo Nogueira compareceu, nesta quarta-feira (15), \u00e0 sess\u00e3o de abertura dos trabalhos da C\u00e2mara de Vereadores de Aracaju. Em seu discurso, ele fez um balan\u00e7o dos [&hellip;]<\/p>\n","protected":false},"author":2,"featured_media":100658,"comment_status":"closed","ping_status":"closed","sticky":false,"template":"","format":"standard","meta":{"footnotes":""},"categories":[6],"tags":[],"class_list":{"0":"post-100657","1":"post","2":"type-post","3":"status-publish","4":"format-standard","5":"has-post-thumbnail","7":"category-politica"},"_links":{"self":[{"href":"https:\/\/senoticias.com.br\/se\/wp-json\/wp\/v2\/posts\/100657"}],"collection":[{"href":"https:\/\/senoticias.com.br\/se\/wp-json\/wp\/v2\/posts"}],"about":[{"href":"https:\/\/senoticias.com.br\/se\/wp-json\/wp\/v2\/types\/post"}],"author":[{"embeddable":true,"href":"https:\/\/senoticias.com.br\/se\/wp-json\/wp\/v2\/users\/2"}],"replies":[{"embeddable":true,"href":"https:\/\/senoticias.com.br\/se\/wp-json\/wp\/v2\/comments?post=100657"}],"version-history":[{"count":0,"href":"https:\/\/senoticias.com.br\/se\/wp-json\/wp\/v2\/posts\/100657\/revisions"}],"wp:featuredmedia":[{"embeddable":true,"href":"https:\/\/senoticias.com.br\/se\/wp-json\/wp\/v2\/media\/100658"}],"wp:attachment":[{"href":"https:\/\/senoticias.com.br\/se\/wp-json\/wp\/v2\/media?parent=100657"}],"wp:term":[{"taxonomy":"category","embeddable":true,"href":"https:\/\/senoticias.com.br\/se\/wp-json\/wp\/v2\/categories?post=100657"},{"taxonomy":"post_tag","embeddable":true,"href":"https:\/\/senoticias.com.br\/se\/wp-json\/wp\/v2\/tags?post=100657"}],"curies":[{"name":"wp","href":"https:\/\/api.w.org\/{rel}","templated":true}]}}