{"id":100654,"date":"2017-02-15T14:22:46","date_gmt":"2017-02-15T17:22:46","guid":{"rendered":"http:\/\/senoticias.com.br\/se\/?p=100654"},"modified":"2017-02-15T14:22:46","modified_gmt":"2017-02-15T17:22:46","slug":"governador-autoriza-inicio-das-obras-do-hospital-do-cancer","status":"publish","type":"post","link":"https:\/\/senoticias.com.br\/se\/governador-autoriza-inicio-das-obras-do-hospital-do-cancer\/","title":{"rendered":"Governador autoriza in\u00edcio das obras do Hospital do C\u00e2ncer"},"content":{"rendered":"<div style=\"text-align: justify;\">O tratamento oncol\u00f3gico de Sergipe recebe nesta quinta-feira, dia 16, um investimento de R$ 59.699.504,74 para melhor atender a popula\u00e7\u00e3o. O governador Jackson Barreto assina ordem de servi\u00e7o autorizando o in\u00edcio das obras de constru\u00e7\u00e3o das instala\u00e7\u00f5es f\u00edsicas do Hospital Especializado em C\u00e2ncer Governador Marcelo D\u00e9da Chagas. No total, s\u00e3o mais de R$ 129 milh\u00f5es investidos no projeto, terraplanagem, pr\u00e9dio e equipamentos. A solenidade ocorre \u00e0s 08 horas, no terreno onde ser\u00e1 a unidade, localizado atr\u00e1s do Hospital de Urg\u00eancia de Sergipe e do Hemose, no Centro Administrativo.<\/p>\n<div id=\"attachment_100655\" style=\"width: 609px\" class=\"wp-caption aligncenter\"><img loading=\"lazy\" decoding=\"async\" aria-describedby=\"caption-attachment-100655\" class=\"size-full wp-image-100655\" src=\"http:\/\/senoticias.com.br\/se\/wp-content\/uploads\/2017\/02\/Gvernador-Jackson-Barreto-SE-Noticias-e1487179227378.jpg\" alt=\"S\u00e3o mais de R$ 129 milh\u00f5es investidos no projeto, terraplanagem, pr\u00e9dio e equipamentos, informa o governador. (Foto: Marcelle Cristinne\/ASN)\" width=\"599\" height=\"413\" \/><p id=\"caption-attachment-100655\" class=\"wp-caption-text\">S\u00e3o mais de R$ 129 milh\u00f5es investidos no projeto, terraplanagem, pr\u00e9dio e equipamentos, informa o governador. (Foto: Marcelle Cristinne\/ASN)<\/p><\/div>\n<\/div>\n<div><\/div>\n<div style=\"text-align: justify;\">Este \u00e9 o segundo passo para concretizar a implanta\u00e7\u00e3o do Hospital do C\u00e2ncer. O primeiro teve in\u00edcio em 2014, com a realiza\u00e7\u00e3o das obras de terraplenagem do terreno onde se instalar\u00e1 a unidade. Os servi\u00e7os foram conclu\u00eddos e corresponderam a um investimento total de R$ 14.532.861,24, oriundos do Proinveste. A primeira fase da licita\u00e7\u00e3o, que envolve lan\u00e7amento do edital e an\u00e1lise da documenta\u00e7\u00e3o apresentada pelas empresas concorrentes, ocorreu em\u00a0<a href=\"http:\/\/www.agencia.se.gov.br\/noticias\/governo\/governador-anuncia-licitacao-do-hospital-do-cancer-de-sergipe\" target=\"_blank\" data-saferedirecturl=\"https:\/\/www.google.com\/url?hl=pt-BR&amp;q=http:\/\/www.agencia.se.gov.br\/noticias\/governo\/governador-anuncia-licitacao-do-hospital-do-cancer-de-sergipe&amp;source=gmail&amp;ust=1487265101223000&amp;usg=AFQjCNEo1pV6BG8uD4aczx2-bFQdoyuQMQ\">junho<\/a>\u00a0do ano passado.<\/div>\n<div><\/div>\n<div style=\"text-align: justify;\">A unidade hospitalar ir\u00e1 possibilitar uma melhoria significativa para os pacientes oncol\u00f3gicos em Sergipe, ampliando o n\u00famero de leitos e a capacidade de atendimento, hoje sob a responsabilidade do Centro de Oncologia do Hospital de Urg\u00eancia (Huse).<\/div>\n<div style=\"text-align: justify;\"><\/div>\n<div style=\"text-align: justify;\">O Hospital Especializado em C\u00e2ncer contar\u00e1 com 26 mil m\u00b2 de \u00e1rea constru\u00edda e cinco pavimentos. No espa\u00e7o, ser\u00e3o disponibilizados 170 leitos, sendo 120 leitos adultos, 30 infantis e mais 20 de UTI (10 adultos e 10 pedi\u00e1tricos). S\u00e3o tr\u00eas andares destinados a internamento, dois para adultos e um para crian\u00e7as (com espa\u00e7os l\u00fadicos e brinquedotecas). Al\u00e9m disso, a unidade contar\u00e1 com seis centros cir\u00fargicos. Para quimioterapia, ser\u00e3o 25 poltronas para os adultos e 14 para as crian\u00e7as.<\/div>\n<div style=\"text-align: justify;\"><\/div>\n<div style=\"text-align: justify;\">O Hospital do C\u00e2ncer ter\u00e1, ainda, unidades de emerg\u00eancia, de fisioterapia, ambulatorial e laboratorial, centro de tecnologia para transplante de medula, dois aceleradores lineares, dois bunkers e radioterapia, braquiterapia, resson\u00e2ncia magn\u00e9tica, unidades de cintilografia e mamografia, tom\u00f3grafo e radiografia.<\/div>\n<div style=\"text-align: justify;\"><\/div>\n<div style=\"text-align: justify;\"><strong>Estrutura<\/strong><\/div>\n<div style=\"text-align: justify;\">O acesso \u00e0 unidade ser\u00e1 pavimentado e o estacionamento contar\u00e1 com 560 vagas para carros, 120 vagas para motos, 15 vagas para pessoas com defici\u00eancia e cinco vagas para t\u00e1xis. O pr\u00e9dio ter\u00e1, tamb\u00e9m, um audit\u00f3rio com capacidade para 110 pessoas, unidade de ensino e pesquisa, cozinha industrial e refeit\u00f3rio com capacidade para 130 pessoas, almoxarifado e central de abastecimento farmac\u00eautico.<\/div>\n<div><\/div>\n<div style=\"text-align: justify;\">Para suprir o hospital da infraestrutura necess\u00e1ria para seu funcionamento, ser\u00e1 implantada uma rede de distribui\u00e7\u00e3o de \u00e1gua com dois reservat\u00f3rios com capacidade total para 700.000 litros. Ser\u00e1 instalada uma subesta\u00e7\u00e3o de energia, al\u00e9m de sistemas de Prote\u00e7\u00e3o contra Descargas Atmosf\u00e9ricas (SPDA), sistema de preven\u00e7\u00e3o e combate a inc\u00eandio e circuito fechado de televis\u00e3o.<\/p>\n<\/div>\n<div style=\"text-align: justify;\">Ao fim da constru\u00e7\u00e3o das instala\u00e7\u00f5es f\u00edsicas, o Governo do Estado efetuar\u00e1 a aquisi\u00e7\u00e3o dos equipamentos. A Secretaria da Sa\u00fade estima que ser\u00e1 necess\u00e1rio um investimento de R$ 51.237.122,00 e j\u00e1 come\u00e7a viabilizar os recursos para equipamentos e custeio, que poder\u00e3o vir atrav\u00e9s do Proredes ou de outra de forma de capta\u00e7\u00e3o junto ao Minist\u00e9rio da Sa\u00fade.<\/p>\n<p>Ao final, computando-se projeto (R$ 1.157.870,82), terraplanagem, constru\u00e7\u00e3o e equipamentos, o Hospital Especializado em C\u00e2ncer Governador Marcelo D\u00e9da Chagas corresponder\u00e1 a um investimento de R$ 129.925.856,52.<\/p><\/div>\n<div><\/div>\n<div style=\"text-align: justify;\"><strong>Outras a\u00e7\u00f5es<\/p>\n<p><\/strong><\/div>\n<div style=\"text-align: justify;\">Paralelo \u00e0 constru\u00e7\u00e3o do Hospital Especializado em C\u00e2ncer, a gest\u00e3o estadual j\u00e1 atua para oferecer tratamento oncol\u00f3gico \u00e0 popula\u00e7\u00e3o, a exemplo da constru\u00e7\u00e3o da nova unidade de radioterapia no Hospital de Urg\u00eancias de Sergipe. O novo bunker abrigar\u00e1 o segundo acelerador linear do Centro Oncol\u00f3gico Oswaldo Leite e segue dentro do cronograma determinado pelo Minist\u00e9rio da Sa\u00fade, \u00f3rg\u00e3o federal respons\u00e1vel pela obra e aquisi\u00e7\u00e3o do equipamento do Plano Nacional de Expans\u00e3o da Radioterapia. O investimento \u00e9 de R$ 2.129.997,03.<\/div>\n<div style=\"text-align: justify;\"><\/div>\n<div style=\"text-align: justify;\">Em 2016, segundo dados da Secretaria de Estado de Sa\u00fade, foram realizadas no Huse, por meio do Sistema \u00danico de Sa\u00fade, 31.393 consultas oncol\u00f3gicas, 11.230 sess\u00f5es de radioterapia, 253 sess\u00f5es de braquiterapia, 534 cirurgias oncol\u00f3gicas e 12.438 sess\u00f5es de quimioterapia em adultos e 1.611 em crian\u00e7as.<\/p>\n<p><strong>Servi\u00e7o<\/strong><\/p>\n<p><strong>O qu\u00ea &#8211;<\/strong>\u00a0Assinatura de Ordem de Servi\u00e7o para constru\u00e7\u00e3o das instala\u00e7\u00f5es f\u00edsicas do Hospital Especializado em C\u00e2ncer Governador Marcelo D\u00e9da Chagas;<\/div>\n<div style=\"text-align: justify;\"><strong>Quando-<\/strong>\u00a0Quinta-feira, dia 16, \u00e0s 08 horas;<\/div>\n<div style=\"text-align: justify;\"><strong>Onde-<\/strong>\u00a0Centro Administrativo Governador Augusto Franco \u2013 terreno localizado ao fundo do Huse e do Hemose.<\/div>\n<div style=\"text-align: justify;\"><\/div>\n<div style=\"text-align: justify;\"><img loading=\"lazy\" decoding=\"async\" class=\"aligncenter size-full wp-image-100372\" src=\"http:\/\/senoticias.com.br\/se\/wp-content\/uploads\/2017\/02\/Logo-fone-1-2-1-2-2.jpg\" alt=\"Logo-fone-1-2-1-2\" width=\"599\" height=\"78\" srcset=\"https:\/\/senoticias.com.br\/se\/wp-content\/uploads\/2017\/02\/Logo-fone-1-2-1-2-2.jpg 599w, https:\/\/senoticias.com.br\/se\/wp-content\/uploads\/2017\/02\/Logo-fone-1-2-1-2-2-300x39.jpg 300w\" sizes=\"(max-width: 599px) 100vw, 599px\" \/><\/div>\n<div style=\"text-align: justify;\"><strong>Acompanhe tamb\u00e9m o SE Not\u00edcias no <a href=\"https:\/\/twitter.com\/Senoticias\">Twitter<\/a>, <a href=\"https:\/\/www.facebook.com\/PortalSENoticias\/\">Facebook <\/a>e no <a href=\"https:\/\/www.instagram.com\/senoticias\/\">Instagram<\/a><\/strong><\/div>\n<div style=\"text-align: justify;\"><em>Ag\u00eancia Sergipe de Not\u00edcias<\/em><\/div>\n","protected":false},"excerpt":{"rendered":"<p>O tratamento oncol\u00f3gico de Sergipe recebe nesta quinta-feira, dia 16, um investimento de R$ 59.699.504,74 para melhor atender a popula\u00e7\u00e3o. O governador Jackson Barreto assina ordem de servi\u00e7o autorizando o in\u00edcio das obras de constru\u00e7\u00e3o das instala\u00e7\u00f5es f\u00edsicas do Hospital Especializado em C\u00e2ncer Governador Marcelo D\u00e9da Chagas. No total, s\u00e3o mais de R$ 129 milh\u00f5es [&hellip;]<\/p>\n","protected":false},"author":2,"featured_media":100655,"comment_status":"closed","ping_status":"closed","sticky":false,"template":"","format":"standard","meta":{"footnotes":""},"categories":[15,6],"tags":[],"class_list":{"0":"post-100654","1":"post","2":"type-post","3":"status-publish","4":"format-standard","5":"has-post-thumbnail","7":"category-destaques","8":"category-politica"},"_links":{"self":[{"href":"https:\/\/senoticias.com.br\/se\/wp-json\/wp\/v2\/posts\/100654"}],"collection":[{"href":"https:\/\/senoticias.com.br\/se\/wp-json\/wp\/v2\/posts"}],"about":[{"href":"https:\/\/senoticias.com.br\/se\/wp-json\/wp\/v2\/types\/post"}],"author":[{"embeddable":true,"href":"https:\/\/senoticias.com.br\/se\/wp-json\/wp\/v2\/users\/2"}],"replies":[{"embeddable":true,"href":"https:\/\/senoticias.com.br\/se\/wp-json\/wp\/v2\/comments?post=100654"}],"version-history":[{"count":0,"href":"https:\/\/senoticias.com.br\/se\/wp-json\/wp\/v2\/posts\/100654\/revisions"}],"wp:featuredmedia":[{"embeddable":true,"href":"https:\/\/senoticias.com.br\/se\/wp-json\/wp\/v2\/media\/100655"}],"wp:attachment":[{"href":"https:\/\/senoticias.com.br\/se\/wp-json\/wp\/v2\/media?parent=100654"}],"wp:term":[{"taxonomy":"category","embeddable":true,"href":"https:\/\/senoticias.com.br\/se\/wp-json\/wp\/v2\/categories?post=100654"},{"taxonomy":"post_tag","embeddable":true,"href":"https:\/\/senoticias.com.br\/se\/wp-json\/wp\/v2\/tags?post=100654"}],"curies":[{"name":"wp","href":"https:\/\/api.w.org\/{rel}","templated":true}]}}