{"id":100653,"date":"2017-02-15T10:23:08","date_gmt":"2017-02-15T13:23:08","guid":{"rendered":"http:\/\/senoticias.com.br\/se\/?p=100653"},"modified":"2017-02-15T10:23:08","modified_gmt":"2017-02-15T13:23:08","slug":"em-janeiro-repasse-do-fpe-para-sergipe-aumentou-19","status":"publish","type":"post","link":"https:\/\/senoticias.com.br\/se\/em-janeiro-repasse-do-fpe-para-sergipe-aumentou-19\/","title":{"rendered":"Em janeiro, repasse do FPE para Sergipe aumentou 1,9%"},"content":{"rendered":"<p style=\"text-align: justify;\">An\u00e1lise realizada pelo Boletim Sergipe Econ\u00f4mico, parceria do N\u00facleo de Informa\u00e7\u00f5es Econ\u00f4micas (NIE) da Federa\u00e7\u00e3o das Ind\u00fastrias do Estado de Sergipe (FIES) e do Departamento de Economia da UFS, com base nos dados da Secretaria do Tesouro Nacional (STN), indicou que o repasse do Fundo de Participa\u00e7\u00e3o dos Estados (FPE) para o estado de Sergipe, no primeiro m\u00eas do ano, apresentou alta de 1,9% em termos reais (descontando a infla\u00e7\u00e3o), em compara\u00e7\u00e3o com o m\u00eas de janeiro de 2016. O valor repassado no m\u00eas analisado ficou em mais de R$ 241,9 milh\u00f5es.<\/p>\n<div id=\"attachment_84934\" style=\"width: 609px\" class=\"wp-caption aligncenter\"><img loading=\"lazy\" decoding=\"async\" aria-describedby=\"caption-attachment-84934\" class=\"size-full wp-image-84934\" src=\"http:\/\/senoticias.com.br\/se\/wp-content\/uploads\/2015\/10\/dinheiro_calculadora-e1475264323506.png\" alt=\"O valor repassado no m\u00eas analisado ficou em mais de R$ 241,9 milh\u00f5es (Foto: Divulga\u00e7\u00e3o) \" width=\"599\" height=\"399\" \/><p id=\"caption-attachment-84934\" class=\"wp-caption-text\">O valor repassado no m\u00eas analisado ficou em mais de R$ 241,9 milh\u00f5es (Foto: Divulga\u00e7\u00e3o)<\/p><\/div>\n<p style=\"text-align: justify;\">\n<p><strong>Repasse do FPM em Janeiro\/2017<\/strong><\/p>\n<p style=\"text-align: justify;\">O repasse a todos os munic\u00edpios sergipanos, atrav\u00e9s do Fundo de Participa\u00e7\u00e3o dos Munic\u00edpios (FPM), atingiu R$ 88,8 milh\u00f5es, no m\u00eas analisado, registrando eleva\u00e7\u00e3o de 2,1% quando comparado com janeiro do ano passado.<\/p>\n<p><strong>Repasse do Fundeb em Janeiro\/2017<\/strong><\/p>\n<p style=\"text-align: justify;\">Para o FUNDEB, Fundo de Manuten\u00e7\u00e3o e Desenvolvimento da Educa\u00e7\u00e3o B\u00e1sica e de Valoriza\u00e7\u00e3o dos Profissionais da Educa\u00e7\u00e3o, as transfer\u00eancias ultrapassaram os R$ 61,4 milh\u00f5es, no m\u00eas analisado. Na compara\u00e7\u00e3o anual, em rela\u00e7\u00e3o a janeiro de 2016, verificou-se alta real de 24,4%.<\/p>\n<p style=\"text-align: justify;\">\n<strong>Acompanhe tamb\u00e9m o SE Not\u00edcias no <a href=\"https:\/\/twitter.com\/Senoticias\">Twitter<\/a>, <a href=\"https:\/\/www.facebook.com\/PortalSENoticias\/\">Facebook <\/a>e no <a href=\"https:\/\/www.instagram.com\/senoticias\/\">Instagram<\/a><\/strong><\/p>\n<p style=\"text-align: justify;\"><img loading=\"lazy\" decoding=\"async\" class=\"aligncenter size-full wp-image-100543\" src=\"http:\/\/senoticias.com.br\/se\/wp-content\/uploads\/2017\/02\/Logo-fone-1-2-1-2-3.jpg\" alt=\"SENOTICIAS\" width=\"599\" height=\"78\" srcset=\"https:\/\/senoticias.com.br\/se\/wp-content\/uploads\/2017\/02\/Logo-fone-1-2-1-2-3.jpg 599w, https:\/\/senoticias.com.br\/se\/wp-content\/uploads\/2017\/02\/Logo-fone-1-2-1-2-3-300x39.jpg 300w\" sizes=\"(max-width: 599px) 100vw, 599px\" \/><\/p>\n<p style=\"text-align: justify;\">\n<em>Do Unicom\/Fies<\/em><\/p>\n","protected":false},"excerpt":{"rendered":"<p>An\u00e1lise realizada pelo Boletim Sergipe Econ\u00f4mico, parceria do N\u00facleo de Informa\u00e7\u00f5es Econ\u00f4micas (NIE) da Federa\u00e7\u00e3o das Ind\u00fastrias do Estado de Sergipe (FIES) e do Departamento de Economia da UFS, com base nos dados da Secretaria do Tesouro Nacional (STN), indicou que o repasse do Fundo de Participa\u00e7\u00e3o dos Estados (FPE) para o estado de Sergipe, [&hellip;]<\/p>\n","protected":false},"author":2,"featured_media":84934,"comment_status":"closed","ping_status":"closed","sticky":false,"template":"","format":"standard","meta":{"footnotes":""},"categories":[6],"tags":[],"class_list":{"0":"post-100653","1":"post","2":"type-post","3":"status-publish","4":"format-standard","5":"has-post-thumbnail","7":"category-politica"},"_links":{"self":[{"href":"https:\/\/senoticias.com.br\/se\/wp-json\/wp\/v2\/posts\/100653"}],"collection":[{"href":"https:\/\/senoticias.com.br\/se\/wp-json\/wp\/v2\/posts"}],"about":[{"href":"https:\/\/senoticias.com.br\/se\/wp-json\/wp\/v2\/types\/post"}],"author":[{"embeddable":true,"href":"https:\/\/senoticias.com.br\/se\/wp-json\/wp\/v2\/users\/2"}],"replies":[{"embeddable":true,"href":"https:\/\/senoticias.com.br\/se\/wp-json\/wp\/v2\/comments?post=100653"}],"version-history":[{"count":0,"href":"https:\/\/senoticias.com.br\/se\/wp-json\/wp\/v2\/posts\/100653\/revisions"}],"wp:featuredmedia":[{"embeddable":true,"href":"https:\/\/senoticias.com.br\/se\/wp-json\/wp\/v2\/media\/84934"}],"wp:attachment":[{"href":"https:\/\/senoticias.com.br\/se\/wp-json\/wp\/v2\/media?parent=100653"}],"wp:term":[{"taxonomy":"category","embeddable":true,"href":"https:\/\/senoticias.com.br\/se\/wp-json\/wp\/v2\/categories?post=100653"},{"taxonomy":"post_tag","embeddable":true,"href":"https:\/\/senoticias.com.br\/se\/wp-json\/wp\/v2\/tags?post=100653"}],"curies":[{"name":"wp","href":"https:\/\/api.w.org\/{rel}","templated":true}]}}