{"id":100652,"date":"2017-02-15T10:11:38","date_gmt":"2017-02-15T13:11:38","guid":{"rendered":"http:\/\/senoticias.com.br\/se\/?p=100652"},"modified":"2017-02-15T10:11:38","modified_gmt":"2017-02-15T13:11:38","slug":"assembleia-legislativa-de-sergipe-retoma-os-trabalhos-apos-recesso","status":"publish","type":"post","link":"https:\/\/senoticias.com.br\/se\/assembleia-legislativa-de-sergipe-retoma-os-trabalhos-apos-recesso\/","title":{"rendered":"Assembleia Legislativa de Sergipe retoma os trabalhos ap\u00f3s recesso"},"content":{"rendered":"<p style=\"text-align: justify;\">A Assembleia Legislativa de Sergipe (Alese) retoma os trabalhos legislativos nesta quarta-feira (15). O evento ser\u00e1 \u00e0s 9h30 no plen\u00e1rio Pedro Barreto de Andrade, na sede do pr\u00e9dio p\u00fablico situado na Av. Ivo do Prado, s\/n, no Centro de Aracaju.<\/p>\n<div id=\"attachment_57575\" style=\"width: 583px\" class=\"wp-caption aligncenter\"><img loading=\"lazy\" decoding=\"async\" aria-describedby=\"caption-attachment-57575\" class=\" wp-image-57575\" src=\"http:\/\/senoticias.com.br\/se\/wp-content\/uploads\/2013\/12\/grande-assembleia_200213.jpg.jpg\" alt=\"Mesa diretora para 2\u00ba bi\u00eanio da 18\u00ba legislatura ser\u00e1 empossada. (Foto: divulga\u00e7\u00e3o)\" width=\"573\" height=\"381\" srcset=\"https:\/\/senoticias.com.br\/se\/wp-content\/uploads\/2013\/12\/grande-assembleia_200213.jpg.jpg 1000w, https:\/\/senoticias.com.br\/se\/wp-content\/uploads\/2013\/12\/grande-assembleia_200213.jpg-300x199.jpg 300w, https:\/\/senoticias.com.br\/se\/wp-content\/uploads\/2013\/12\/grande-assembleia_200213.jpg-342x227.jpg 342w\" sizes=\"(max-width: 573px) 100vw, 573px\" \/><p id=\"caption-attachment-57575\" class=\"wp-caption-text\">Mesa diretora para 2\u00ba bi\u00eanio da 18\u00ba legislatura ser\u00e1 empossada. (Foto: divulga\u00e7\u00e3o)<\/p><\/div>\n<p style=\"text-align: justify;\">De acordo com a assessoria de comunica\u00e7\u00e3o da Alese, a mesa diretora para 2\u00ba bi\u00eanio da 18\u00ba legislatura ser\u00e1 empossada durante a solenidade. O presidente atual \u00e9 o deputado estadual Luciano Bispo (PMDB).<\/p>\n<p><strong>Acompanhe tamb\u00e9m o SE Not\u00edcias no <a href=\"https:\/\/twitter.com\/Senoticias\">Twitter<\/a>, <a href=\"https:\/\/www.facebook.com\/PortalSENoticias\/\">Facebook <\/a>e no <a href=\"https:\/\/www.instagram.com\/senoticias\/\">Instagram<\/a><\/strong><\/p>\n<p><img loading=\"lazy\" decoding=\"async\" class=\"aligncenter size-full wp-image-100543\" src=\"http:\/\/senoticias.com.br\/se\/wp-content\/uploads\/2017\/02\/Logo-fone-1-2-1-2-3.jpg\" alt=\"SENOTICIAS\" width=\"599\" height=\"78\" srcset=\"https:\/\/senoticias.com.br\/se\/wp-content\/uploads\/2017\/02\/Logo-fone-1-2-1-2-3.jpg 599w, https:\/\/senoticias.com.br\/se\/wp-content\/uploads\/2017\/02\/Logo-fone-1-2-1-2-3-300x39.jpg 300w\" sizes=\"(max-width: 599px) 100vw, 599px\" \/><\/p>\n<p><em>Do G1 Sergipe<\/em><\/p>\n","protected":false},"excerpt":{"rendered":"<p>A Assembleia Legislativa de Sergipe (Alese) retoma os trabalhos legislativos nesta quarta-feira (15). O evento ser\u00e1 \u00e0s 9h30 no plen\u00e1rio Pedro Barreto de Andrade, na sede do pr\u00e9dio p\u00fablico situado na Av. Ivo do Prado, s\/n, no Centro de Aracaju. De acordo com a assessoria de comunica\u00e7\u00e3o da Alese, a mesa diretora para 2\u00ba bi\u00eanio [&hellip;]<\/p>\n","protected":false},"author":2,"featured_media":57575,"comment_status":"closed","ping_status":"closed","sticky":false,"template":"","format":"standard","meta":{"footnotes":""},"categories":[6],"tags":[],"class_list":{"0":"post-100652","1":"post","2":"type-post","3":"status-publish","4":"format-standard","5":"has-post-thumbnail","7":"category-politica"},"_links":{"self":[{"href":"https:\/\/senoticias.com.br\/se\/wp-json\/wp\/v2\/posts\/100652"}],"collection":[{"href":"https:\/\/senoticias.com.br\/se\/wp-json\/wp\/v2\/posts"}],"about":[{"href":"https:\/\/senoticias.com.br\/se\/wp-json\/wp\/v2\/types\/post"}],"author":[{"embeddable":true,"href":"https:\/\/senoticias.com.br\/se\/wp-json\/wp\/v2\/users\/2"}],"replies":[{"embeddable":true,"href":"https:\/\/senoticias.com.br\/se\/wp-json\/wp\/v2\/comments?post=100652"}],"version-history":[{"count":0,"href":"https:\/\/senoticias.com.br\/se\/wp-json\/wp\/v2\/posts\/100652\/revisions"}],"wp:featuredmedia":[{"embeddable":true,"href":"https:\/\/senoticias.com.br\/se\/wp-json\/wp\/v2\/media\/57575"}],"wp:attachment":[{"href":"https:\/\/senoticias.com.br\/se\/wp-json\/wp\/v2\/media?parent=100652"}],"wp:term":[{"taxonomy":"category","embeddable":true,"href":"https:\/\/senoticias.com.br\/se\/wp-json\/wp\/v2\/categories?post=100652"},{"taxonomy":"post_tag","embeddable":true,"href":"https:\/\/senoticias.com.br\/se\/wp-json\/wp\/v2\/tags?post=100652"}],"curies":[{"name":"wp","href":"https:\/\/api.w.org\/{rel}","templated":true}]}}