{"id":100608,"date":"2017-02-14T09:28:23","date_gmt":"2017-02-14T12:28:23","guid":{"rendered":"http:\/\/senoticias.com.br\/se\/?p=100608"},"modified":"2017-02-14T09:30:07","modified_gmt":"2017-02-14T12:30:07","slug":"policia-militar-apreende-cerca-de-seis-quilos-de-maconha-em-veiculo-no-bairro-america","status":"publish","type":"post","link":"https:\/\/senoticias.com.br\/se\/policia-militar-apreende-cerca-de-seis-quilos-de-maconha-em-veiculo-no-bairro-america\/","title":{"rendered":"Pol\u00edcia Militar apreende cerca de 6 Kg de maconha em ve\u00edculo no bairro Am\u00e9rica"},"content":{"rendered":"<p style=\"text-align: justify;\">A Pol\u00edcia Militar do Estado de Sergipe, por meio do Pelot\u00e3o de Comando e Servi\u00e7o do 8\u00ba Batalh\u00e3o de Pol\u00edcia Comunit\u00e1ria (PCSv\/ 8\u00ba BPCom), apreendeu na segunda-feira, 13, na rua Jos\u00e9 Pereira de Oliveira, no bairro Am\u00e9rica, mais de seis quilos de maconha.<\/p>\n<div id=\"attachment_100609\" style=\"width: 609px\" class=\"wp-caption aligncenter\"><img loading=\"lazy\" decoding=\"async\" aria-describedby=\"caption-attachment-100609\" class=\"size-full wp-image-100609\" src=\"http:\/\/senoticias.com.br\/se\/wp-content\/uploads\/2017\/02\/policia-apreende-seis-kl-de-maconha-no-bairro-America-SE-Noticias-e1487075231578.jpg\" alt=\"PM apreende cerca de seis quilos de maconha em ve\u00edculo no bairro Am\u00e9rica. (Foto: PM\/SE)\" width=\"599\" height=\"399\" \/><p id=\"caption-attachment-100609\" class=\"wp-caption-text\">PM apreende cerca de seis quilos de maconha em ve\u00edculo no bairro Am\u00e9rica. (Foto: PM\/SE)<\/p><\/div>\n<p style=\"text-align: justify;\">Policiais transitavam pelo bairro Am\u00e9rica, quando desconfiaram de homens que estavam no ve\u00edculo Fiat 500, de placas NMK-6278 e cor branca. Ao notar a aproxima\u00e7\u00e3o da viatura, os infratores fugiram, abandonando o carro e\u00a0 tomando destino ignorado.<\/p>\n<p style=\"text-align: justify;\">Durante busca no autom\u00f3vel, a pol\u00edcia encontrou quatro tabletes de maconha de cerca de um quilo e meio cada um, totalizando aproximando seis quilos, al\u00e9m de mais uma por\u00e7\u00e3o fatiada. No ve\u00edculo, tamb\u00e9m foram apreendidos dois celulares, uma CNH e tr\u00eas documentos veiculares. O caso foi levado \u00e0 3\u00aa Delegacia Metropolitana.<\/p>\n<p style=\"text-align: justify;\">\u00a0<strong>Acompanhe tamb\u00e9m o SE Not\u00edcias no<\/strong><strong>\u00a0<\/strong><a href=\"https:\/\/twitter.com\/Senoticias\"><strong>Twitter<\/strong><\/a><strong>,<\/strong><strong>\u00a0<\/strong><a href=\"https:\/\/www.facebook.com\/senoticias1\"><strong>Facebook<\/strong><strong>\u00a0<\/strong><\/a><strong>e no<\/strong><strong>\u00a0<\/strong><a href=\"https:\/\/www.instagram.com\/senoticias\/\"><strong>Instagram<\/strong><\/a><\/p>\n<p style=\"text-align: justify;\"><img loading=\"lazy\" decoding=\"async\" class=\"aligncenter size-full wp-image-100543\" src=\"http:\/\/senoticias.com.br\/se\/wp-content\/uploads\/2017\/02\/Logo-fone-1-2-1-2-3.jpg\" alt=\"SENOTICIAS\" width=\"599\" height=\"78\" srcset=\"https:\/\/senoticias.com.br\/se\/wp-content\/uploads\/2017\/02\/Logo-fone-1-2-1-2-3.jpg 599w, https:\/\/senoticias.com.br\/se\/wp-content\/uploads\/2017\/02\/Logo-fone-1-2-1-2-3-300x39.jpg 300w\" sizes=\"(max-width: 599px) 100vw, 599px\" \/><\/p>\n<p style=\"text-align: justify;\"><em>Ascom\/PM\/SE<\/em><\/p>\n","protected":false},"excerpt":{"rendered":"<p>A Pol\u00edcia Militar do Estado de Sergipe, por meio do Pelot\u00e3o de Comando e Servi\u00e7o do 8\u00ba Batalh\u00e3o de Pol\u00edcia Comunit\u00e1ria (PCSv\/ 8\u00ba BPCom), apreendeu na segunda-feira, 13, na rua Jos\u00e9 Pereira de Oliveira, no bairro Am\u00e9rica, mais de seis quilos de maconha. Policiais transitavam pelo bairro Am\u00e9rica, quando desconfiaram de homens que estavam no [&hellip;]<\/p>\n","protected":false},"author":2,"featured_media":100609,"comment_status":"closed","ping_status":"closed","sticky":false,"template":"","format":"standard","meta":{"footnotes":""},"categories":[15,7],"tags":[],"class_list":{"0":"post-100608","1":"post","2":"type-post","3":"status-publish","4":"format-standard","5":"has-post-thumbnail","7":"category-destaques","8":"category-policia"},"_links":{"self":[{"href":"https:\/\/senoticias.com.br\/se\/wp-json\/wp\/v2\/posts\/100608"}],"collection":[{"href":"https:\/\/senoticias.com.br\/se\/wp-json\/wp\/v2\/posts"}],"about":[{"href":"https:\/\/senoticias.com.br\/se\/wp-json\/wp\/v2\/types\/post"}],"author":[{"embeddable":true,"href":"https:\/\/senoticias.com.br\/se\/wp-json\/wp\/v2\/users\/2"}],"replies":[{"embeddable":true,"href":"https:\/\/senoticias.com.br\/se\/wp-json\/wp\/v2\/comments?post=100608"}],"version-history":[{"count":0,"href":"https:\/\/senoticias.com.br\/se\/wp-json\/wp\/v2\/posts\/100608\/revisions"}],"wp:featuredmedia":[{"embeddable":true,"href":"https:\/\/senoticias.com.br\/se\/wp-json\/wp\/v2\/media\/100609"}],"wp:attachment":[{"href":"https:\/\/senoticias.com.br\/se\/wp-json\/wp\/v2\/media?parent=100608"}],"wp:term":[{"taxonomy":"category","embeddable":true,"href":"https:\/\/senoticias.com.br\/se\/wp-json\/wp\/v2\/categories?post=100608"},{"taxonomy":"post_tag","embeddable":true,"href":"https:\/\/senoticias.com.br\/se\/wp-json\/wp\/v2\/tags?post=100608"}],"curies":[{"name":"wp","href":"https:\/\/api.w.org\/{rel}","templated":true}]}}